{"id":136534,"date":"2025-05-29T09:50:08","date_gmt":"2025-05-29T09:50:08","guid":{"rendered":"https:\/\/www.europesays.com\/fr\/136534\/"},"modified":"2025-05-29T09:50:08","modified_gmt":"2025-05-29T09:50:08","slug":"lignes-dazur-commerces-ce-qui-est-ouvert-ou-ferme","status":"publish","type":"post","link":"https:\/\/www.europesays.com\/fr\/136534\/","title":{"rendered":"Lignes d&rsquo;Azur, commerces, ce qui est ouvert ou ferm\u00e9"},"content":{"rendered":"<p>            Par<br \/>\n        <strong><br \/>\n            <a href=\"https:\/\/actu.fr\/auteur\/manon-reinhardt\" title=\"Consulter tous les articles de Manon Reinhardt\" rel=\"nofollow noopener\" target=\"_blank\">Manon Reinhardt<\/a><br \/>\n        <\/strong><\/p>\n<p>        Publi\u00e9 le<\/p>\n<p>            29 mai 2025 \u00e0 7h14        <\/p>\n<p>C\u2019est un week-end ensoleill\u00e9 qui nous attend pour le week-end de l\u2019Ascension, jour f\u00e9ri\u00e9 ce jeudi 29 mai 2025. L\u2019occasion de prendre un repos bien m\u00e9rit\u00e9 de quatre jours pour certains. Mais les transports Lignes d\u2019Azur circuleront-ils normalement dans la m\u00e9tropole\u2009? Les commerces seront-ils ouverts \u00e0 <a href=\"https:\/\/actu.fr\/provence-alpes-cote-d-azur\/nice_06088\" rel=\"nofollow noopener\" target=\"_blank\">Nice<\/a> et aux alentours\u2009?<\/p>\n<p class=\" wall-content\">Voici tous les d\u00e9tails.<\/p>\n<p>Lignes d\u2019Azur r\u00e9duit son fonctionnement<\/p>\n<p class=\" wall-content\">Pour ce jour f\u00e9ri\u00e9 de l\u2019Ascension, Lignes d\u2019Azur annonce r\u00e9duire son fonctionnement. Les bus suivants ne fonctionneront pas ce 29\u00a0mai\u2009: 31, 34, 36, 37, 40, 41, 42, 43, 47, 49, 52, 58, 67, 68, 69, 85, 86, 89, 93, CADAM NORD, CADAM EST, EXP2, EXP3, EXP4 et les Navettes Coeur de Vence 1, 2 et 3.<\/p>\n<p class=\" wall-content\">Les lignes de tramway seront, elles, bien en service mais fonctionneront sur les horaires <strong>des dimanches et jours f\u00e9ri\u00e9s<\/strong>.<\/p>\n<p class=\" wall-content\">Pour ce qui est de ce vendredi 30\u00a0mai, les bus 39, 43, 67, 75D, 77, 85, 86, CADAM NORD, CADAM EST, 741, 742, 743, 744, C, K, R, V et Ecole du Ch\u00e2teau ne circuleront pas.<\/p>\n<p class=\" wall-content\">La ligne 20 circulera en horaires du samedi et dessert la Z.A. Et les lignes 68, 73, EXP2 et EXP4 circulent sur les horaires du lundi au vendredi.<\/p>\n<p>Les centres commerciaux ouverts<\/p>\n<p class=\" wall-content\">Les agences de la r\u00e9gie sont ferm\u00e9es mais les parcs relais resteront ouverts. Les centres commerciaux azur\u00e9ens, eux, seront bien ouverts et accueilleront du public.<\/p>\n<ul class=\" wall-content\">\n<li><strong>Cap 3000<\/strong>\u2009: ouvert de 11h \u00e0 19h<\/li>\n<li><strong>Shopping Promenade Riviera\u2009<\/strong>: ouvert de 10h \u00e0 20h<\/li>\n<li><strong>Centre commercial TNL<\/strong>\u2009: ouvert de 10h \u00e0 19h<\/li>\n<li><strong>Centre commercial Lingosti\u00e8re<\/strong>\u2009: ouvert 10h \u00e0 19h<\/li>\n<li><strong>Nic\u00e9toile<\/strong>\u2009: ouvert de 10h \u00e0 19h<\/li>\n<li><strong>Nice Valley\u2009:<\/strong> ouvert de 9h \u00e0 minuit<\/li>\n<li><strong>Auchan La\u00a0Trinit\u00e9<\/strong>\u2009: ouvert de 8h \u00e0 20h<\/li>\n<\/ul>\n<p class=\" wall-content\">Dans le centre-ville de Nice, tous les magasins devraient \u00e9galement rester ouverts durant l\u2019Ascension. Comme les restaurants et les mus\u00e9es.<\/p>\n<p class=\" wall-content\">Suivez toute l\u2019actualit\u00e9 de vos villes et m\u00e9dias favoris en vous inscrivant \u00e0 <a href=\"https:\/\/moncompte.actu.fr\" title=\"D\u00e9couvez Mon Actu\" rel=\"nofollow noopener\" data-trk=\"{&quot;cta&quot;:{&quot;action&quot;:&quot;https:\\\/\\\/moncompte.actu.fr&quot;,&quot;category&quot;:&quot;mon compte&quot;,&quot;from&quot;:&quot;article footer&quot;,&quot;name&quot;:&quot;Mon actu&quot;,&quot;type&quot;:&quot;cta&quot;}}\" target=\"_blank\">Mon Actu<\/a>.<\/p>\n","protected":false},"excerpt":{"rendered":"Par Manon Reinhardt Publi\u00e9 le 29 mai 2025 \u00e0 7h14 C\u2019est un week-end ensoleill\u00e9 qui nous attend pour&hellip;\n","protected":false},"author":2,"featured_media":136535,"comment_status":"","ping_status":"","sticky":false,"template":"","format":"standard","meta":{"footnotes":""},"categories":[2819],"tags":[1111,11,215,1777,674,1011,27,14554,12,2401,882,25,104],"class_list":{"0":"post-136534","1":"post","2":"type-post","3":"status-publish","4":"format-standard","5":"has-post-thumbnail","7":"category-nice","8":"tag-actu","9":"tag-actualites","10":"tag-commerce","11":"tag-eu","12":"tag-europe","13":"tag-fr","14":"tag-france","15":"tag-lignes-dazur","16":"tag-news","17":"tag-nice","18":"tag-provence-alpes-cote-dazur","19":"tag-republique-francaise","20":"tag-societe"},"share_on_mastodon":{"url":"https:\/\/pubeurope.com\/@fr\/114590503633035377","error":""},"_links":{"self":[{"href":"https:\/\/www.europesays.com\/fr\/wp-json\/wp\/v2\/posts\/136534","targetHints":{"allow":["GET"]}}],"collection":[{"href":"https:\/\/www.europesays.com\/fr\/wp-json\/wp\/v2\/posts"}],"about":[{"href":"https:\/\/www.europesays.com\/fr\/wp-json\/wp\/v2\/types\/post"}],"author":[{"embeddable":true,"href":"https:\/\/www.europesays.com\/fr\/wp-json\/wp\/v2\/users\/2"}],"replies":[{"embeddable":true,"href":"https:\/\/www.europesays.com\/fr\/wp-json\/wp\/v2\/comments?post=136534"}],"version-history":[{"count":0,"href":"https:\/\/www.europesays.com\/fr\/wp-json\/wp\/v2\/posts\/136534\/revisions"}],"wp:featuredmedia":[{"embeddable":true,"href":"https:\/\/www.europesays.com\/fr\/wp-json\/wp\/v2\/media\/136535"}],"wp:attachment":[{"href":"https:\/\/www.europesays.com\/fr\/wp-json\/wp\/v2\/media?parent=136534"}],"wp:term":[{"taxonomy":"category","embeddable":true,"href":"https:\/\/www.europesays.com\/fr\/wp-json\/wp\/v2\/categories?post=136534"},{"taxonomy":"post_tag","embeddable":true,"href":"https:\/\/www.europesays.com\/fr\/wp-json\/wp\/v2\/tags?post=136534"}],"curies":[{"name":"wp","href":"https:\/\/api.w.org\/{rel}","templated":true}]}}