{"id":136542,"date":"2025-05-29T09:55:09","date_gmt":"2025-05-29T09:55:09","guid":{"rendered":"https:\/\/www.europesays.com\/fr\/136542\/"},"modified":"2025-05-29T09:55:09","modified_gmt":"2025-05-29T09:55:09","slug":"ubb-bordeaux-avait-besoin-de-ce-bonheur-sportif","status":"publish","type":"post","link":"https:\/\/www.europesays.com\/fr\/136542\/","title":{"rendered":"UBB : \u201cBordeaux avait besoin de ce bonheur sportif\u201d"},"content":{"rendered":"<p><img decoding=\"async\" src=\"https:\/\/www.europesays.com\/fr\/wp-content\/uploads\/2025\/05\/671_c65ab8a96076b1c5511b6156e51cb7b1.jpg\" alt=\"UBB : \u201cBordeaux avait besoin de ce bonheur sportif\u201d\" class=\"img-responsive mt-3\"\/><\/p>\n<p class=\"text-center mb-3\" style=\"font-size: 14px\">\u00a9 Iconsport<\/p>\n<p style=\"text-align: justify;\">\u00c9coutez ses propos ou lisez-les :<\/p>\n<p style=\"text-align: justify;\">\u00a0<\/p>\n<p style=\"text-align: justify;\">Le club de rugby de la ville, l\u2019Union Bordeaux-B\u00e8gles, est sur le toit de l\u2019Europe apr\u00e8s avoir remport\u00e9 la Champions Cup ce samedi 24 mai contre Northampton (28-20). C\u2019est le premier titre de la r\u00e9cente histoire du club fond\u00e9 en 2006.<\/p>\n<p><strong>\u00ab\u00a0On a vraiment retrouv\u00e9 de la fiert\u00e9, de la faveur gr\u00e2ce \u00e0 ce moment historique\u00a0\u00bb<\/strong><\/p>\n<p style=\"text-align: justify;\">Jonathan d\u2019Agostino dans le <a href=\"https:\/\/www.youtube.com\/watch?v=fGmkXYlZ62E\" target=\"_blank\" rel=\"noopener\">Talk sur WebGirondins<\/a> : \u201cJe pense que Bordeaux avait besoin de ce bonheur sportif, de se rassembler, de se retrouver, d&rsquo;\u00eatre fier de quelque chose. Et sinc\u00e8rement, ce week-end, on \u00e9tait \u201cgav\u00e9s fiers\u201d, comme on aime le dire ici. On a vraiment retrouv\u00e9 de la fiert\u00e9, de la faveur gr\u00e2ce \u00e0 ce moment historique. Que Bordeaux soit champion d&rsquo;Europe, ce n&rsquo;\u00e9tait jamais arriv\u00e9 auparavant, en tout cas au haut niveau. Et \u00e7a fait plaisir de voir tous ces drapeaux rouges bordeaux, ces chants, ces klaxons dans les rues, les gens qui te sourient, qui chantent la m\u00eame chanson que toi, que tu croises, que tu ne connais pas, et d&rsquo;entendre les banda\u2026 On sentait vraiment cette joie et ce positivisme durant tout le week-end.\u00a0\u00bb<\/p>\n<p><strong>Le rugby et le hockey, symboles de la r\u00e9ussite sportive bordelaise<\/strong><\/p>\n<p style=\"text-align: justify;\">\u00ab\u00a0Heureusement, \u00e0 Bordeaux, il n&rsquo;y a pas que les Girondins. Ces derniers temps, l&rsquo;image de Bordeaux a malheureusement \u00e9t\u00e9 un petit peu d\u00e9grad\u00e9e par de tr\u00e8s mauvaise gestion et tout ce qui s&rsquo;est pass\u00e9 autour des Girondins de Bordeaux. Il y a de nouveaux sports (L\u2019UBB au rugby et les Boxers au Hockey sur Glace) qui ont retrouv\u00e9 l&rsquo;\u00e9lite ces deux derni\u00e8res d\u00e9cennies avec des projets sur le long terme et qui font la fiert\u00e9 bordelaise. Ils font venir un public un peu diff\u00e9rent, un peu plus familial. C&rsquo;est une ambiance plus conviviale. On sent une certaine proximit\u00e9 entre les joueurs, les staffs, les dirigeants et le public en g\u00e9n\u00e9ral. Ce sont des gens que tu peux rencontrer assez facilement dans les rues ou m\u00eame quand tu vas voir les matchs. Et avec, en plus, le respect des adversaires en r\u00e8gle g\u00e9n\u00e9rale, ce qui est appr\u00e9ciable.\u201d<\/p>\n<p style=\"text-align: justify;\">\u00c0 lire &gt;&gt; <strong><a href=\"https:\/\/www.webgirondins.com\/actualite-girondins-girondins-3-lecons-a-prendre-de-l-ubb-pour-rebondir-129249\" target=\"_blank\" rel=\"noopener\">Girondins : 3 le\u00e7ons \u00e0 prendre de l&rsquo;UBB pour rebondir<\/a><\/strong><\/p>\n<p style=\"text-align: justify;\">\u00a0<\/p>\n","protected":false},"excerpt":{"rendered":"\u00a9 Iconsport \u00c9coutez ses propos ou lisez-les : \u00a0 Le club de rugby de la ville, l\u2019Union Bordeaux-B\u00e8gles,&hellip;\n","protected":false},"author":2,"featured_media":136543,"comment_status":"","ping_status":"","sticky":false,"template":"","format":"standard","meta":{"footnotes":""},"categories":[2817],"tags":[1111,11,14172,8851,4402,26269,9136,1997,3233,1777,674,4768,1011,27,1987,14171,12,2219,25,7499,1015,4403,1264],"class_list":{"0":"post-136542","1":"post","2":"type-post","3":"status-publish","4":"format-standard","5":"has-post-thumbnail","7":"category-bordeaux","8":"tag-actu","9":"tag-actualites","10":"tag-agostino","11":"tag-avait","12":"tag-begles","13":"tag-besoin","14":"tag-bonheur","15":"tag-bordeaux","16":"tag-championnat","17":"tag-eu","18":"tag-europe","19":"tag-fete","20":"tag-fr","21":"tag-france","22":"tag-girondins","23":"tag-jonathan","24":"tag-news","25":"tag-nouvelle-aquitaine","26":"tag-republique-francaise","27":"tag-sportif","28":"tag-supporter","29":"tag-union","30":"tag-victoire"},"share_on_mastodon":{"url":"https:\/\/pubeurope.com\/@fr\/114590523395656850","error":""},"_links":{"self":[{"href":"https:\/\/www.europesays.com\/fr\/wp-json\/wp\/v2\/posts\/136542","targetHints":{"allow":["GET"]}}],"collection":[{"href":"https:\/\/www.europesays.com\/fr\/wp-json\/wp\/v2\/posts"}],"about":[{"href":"https:\/\/www.europesays.com\/fr\/wp-json\/wp\/v2\/types\/post"}],"author":[{"embeddable":true,"href":"https:\/\/www.europesays.com\/fr\/wp-json\/wp\/v2\/users\/2"}],"replies":[{"embeddable":true,"href":"https:\/\/www.europesays.com\/fr\/wp-json\/wp\/v2\/comments?post=136542"}],"version-history":[{"count":0,"href":"https:\/\/www.europesays.com\/fr\/wp-json\/wp\/v2\/posts\/136542\/revisions"}],"wp:featuredmedia":[{"embeddable":true,"href":"https:\/\/www.europesays.com\/fr\/wp-json\/wp\/v2\/media\/136543"}],"wp:attachment":[{"href":"https:\/\/www.europesays.com\/fr\/wp-json\/wp\/v2\/media?parent=136542"}],"wp:term":[{"taxonomy":"category","embeddable":true,"href":"https:\/\/www.europesays.com\/fr\/wp-json\/wp\/v2\/categories?post=136542"},{"taxonomy":"post_tag","embeddable":true,"href":"https:\/\/www.europesays.com\/fr\/wp-json\/wp\/v2\/tags?post=136542"}],"curies":[{"name":"wp","href":"https:\/\/api.w.org\/{rel}","templated":true}]}}