{"id":136544,"date":"2025-05-29T09:56:08","date_gmt":"2025-05-29T09:56:08","guid":{"rendered":"https:\/\/www.europesays.com\/fr\/136544\/"},"modified":"2025-05-29T09:56:08","modified_gmt":"2025-05-29T09:56:08","slug":"pour-etre-nourri-et-loge-il-fait-lapologie-de-daesh-dans-un-jardin-public-de-toulouse","status":"publish","type":"post","link":"https:\/\/www.europesays.com\/fr\/136544\/","title":{"rendered":"Pour \u00eatre nourri et log\u00e9, il fait l&rsquo;apologie de Daesh dans un jardin public de Toulouse"},"content":{"rendered":"<p>            Par<br \/>\n        <strong><br \/>\n            <a href=\"https:\/\/actu.fr\/auteur\/lucie-2\" title=\"Consulter tous les articles de Lucie Fraisse\" target=\"_blank\" rel=\"noopener\">Lucie Fraisse<\/a><br \/>\n        <\/strong><\/p>\n<p>        Publi\u00e9 le<\/p>\n<p>            29 mai 2025 \u00e0 10h50        <\/p>\n<p>Le tribunal judiciaire de <a href=\"https:\/\/actu.fr\/toulouse\/\" target=\"_blank\" rel=\"noopener\">Toulouse<\/a> a condamn\u00e9 un homme pour a<strong>pologie publique d\u2019un acte de terrorisme<\/strong>, mercredi 28 mai 2025.<\/p>\n<p>Au jardin japonais\u00a0<\/p>\n<p class=\" wall-content\">Les faits remontent au d\u00e9but du mois d\u2019avril 2025. Alors qu\u2019il se trouve au Jardin japonais, \u00e0 Compans-Caffarelli, un homme se met \u00e0 faire \u00e0 haute voix l\u2019apologie des actes commis par l\u2019\u00e9tat islamique, aussi appel\u00e9 Daesh. Il r\u00e9it\u00e8re devant une station de m\u00e9tro.<\/p>\n<p>Il voulait \u00eatre nourri et log\u00e9 en prison\u00a0<\/p>\n<p class=\" wall-content\">Des faits qui sont consid\u00e9r\u00e9s comme de l\u2019apologie d\u2019acte de terrorisme qui lui ont valu de passer devant le tribunal judiciaire de Toulouse mercredi 28 mai 2025. Devant le juge, l\u2019homme a justifi\u00e9 son acte : s\u2019il a fait l\u2019apologie de l\u2019\u00e9tat islamique, c\u2019\u00e9tait, selon ses dires, uniquement dans l\u2019espoir d\u2019\u00eatre arr\u00eat\u00e9, afin d\u2019aller en prison pour y \u00eatre nourri et log\u00e9.\u00a0<\/p>\n<p class=\" wall-content\">Il a finalement \u00e9t\u00e9 condamn\u00e9 \u00e0 trois ans de suivi socio-judiciaire avec injonction de soins, (assortis d\u2019un an de prison en cas de non-respect) et a \u00e9t\u00e9 priv\u00e9 de ses droits d\u2019\u00e9ligibilit\u00e9 pendant cinq ans.<\/p>\n<p class=\" wall-content\">Suivez toute l\u2019actualit\u00e9 de vos villes et m\u00e9dias favoris en vous inscrivant \u00e0 <a href=\"https:\/\/moncompte.actu.fr\" title=\"D\u00e9couvez Mon Actu\" rel=\"nofollow noopener\" data-trk=\"{&quot;cta&quot;:{&quot;action&quot;:&quot;https:\\\/\\\/moncompte.actu.fr&quot;,&quot;category&quot;:&quot;mon compte&quot;,&quot;from&quot;:&quot;article footer&quot;,&quot;name&quot;:&quot;Mon actu&quot;,&quot;type&quot;:&quot;cta&quot;}}\" target=\"_blank\">Mon Actu<\/a>.<\/p>\n","protected":false},"excerpt":{"rendered":"Par Lucie Fraisse Publi\u00e9 le 29 mai 2025 \u00e0 10h50 Le tribunal judiciaire de Toulouse a condamn\u00e9 un&hellip;\n","protected":false},"author":2,"featured_media":136545,"comment_status":"","ping_status":"","sticky":false,"template":"","format":"standard","meta":{"footnotes":""},"categories":[2816],"tags":[1111,11,1777,674,118,1011,27,303,12,2680,25,1254,2312],"class_list":{"0":"post-136544","1":"post","2":"type-post","3":"status-publish","4":"format-standard","5":"has-post-thumbnail","7":"category-toulouse","8":"tag-actu","9":"tag-actualites","10":"tag-eu","11":"tag-europe","12":"tag-faits-divers","13":"tag-fr","14":"tag-france","15":"tag-justice","16":"tag-news","17":"tag-occitanie","18":"tag-republique-francaise","19":"tag-terrorisme","20":"tag-toulouse"},"share_on_mastodon":{"url":"https:\/\/pubeurope.com\/@fr\/114590527263889903","error":""},"_links":{"self":[{"href":"https:\/\/www.europesays.com\/fr\/wp-json\/wp\/v2\/posts\/136544","targetHints":{"allow":["GET"]}}],"collection":[{"href":"https:\/\/www.europesays.com\/fr\/wp-json\/wp\/v2\/posts"}],"about":[{"href":"https:\/\/www.europesays.com\/fr\/wp-json\/wp\/v2\/types\/post"}],"author":[{"embeddable":true,"href":"https:\/\/www.europesays.com\/fr\/wp-json\/wp\/v2\/users\/2"}],"replies":[{"embeddable":true,"href":"https:\/\/www.europesays.com\/fr\/wp-json\/wp\/v2\/comments?post=136544"}],"version-history":[{"count":0,"href":"https:\/\/www.europesays.com\/fr\/wp-json\/wp\/v2\/posts\/136544\/revisions"}],"wp:featuredmedia":[{"embeddable":true,"href":"https:\/\/www.europesays.com\/fr\/wp-json\/wp\/v2\/media\/136545"}],"wp:attachment":[{"href":"https:\/\/www.europesays.com\/fr\/wp-json\/wp\/v2\/media?parent=136544"}],"wp:term":[{"taxonomy":"category","embeddable":true,"href":"https:\/\/www.europesays.com\/fr\/wp-json\/wp\/v2\/categories?post=136544"},{"taxonomy":"post_tag","embeddable":true,"href":"https:\/\/www.europesays.com\/fr\/wp-json\/wp\/v2\/tags?post=136544"}],"curies":[{"name":"wp","href":"https:\/\/api.w.org\/{rel}","templated":true}]}}