{"id":136548,"date":"2025-05-29T09:58:11","date_gmt":"2025-05-29T09:58:11","guid":{"rendered":"https:\/\/www.europesays.com\/fr\/136548\/"},"modified":"2025-05-29T09:58:11","modified_gmt":"2025-05-29T09:58:11","slug":"ce-samedi-31-mai-2025-fete-tropicale-gratuite-a-wazemmes-avec-notamment-la-compagnie-creole","status":"publish","type":"post","link":"https:\/\/www.europesays.com\/fr\/136548\/","title":{"rendered":"Ce samedi 31 mai 2025, F\u00eate Tropicale Gratuite \u00e0 Wazemmes avec notamment la Compagnie Cr\u00e9ole"},"content":{"rendered":"<p style=\"text-align: justify;\"><strong>Samedi 31 mai 2025,<\/strong> \u00e0 l\u2019occasion du <strong>Festival Wazemmes l\u2019Accord\u00e9on,<\/strong> retrouvez le <strong>Village W<\/strong> devant la <strong>Maison Folie de Wazemmes. <\/strong>Cette ann\u00e9e, le <strong>Village W<\/strong> vous propose une <strong>f\u00eate tropicale<\/strong> de <strong>18h \u00e0 2h du matin <\/strong>avec notamment la <strong>Compagnie Cr\u00e9ole !<\/strong><\/p>\n<p style=\"text-align: justify;\"><strong>La Compagnie Cr\u00e9ole,<\/strong> le<strong> groupe mythique<\/strong> qui a<strong> mis le feu \u00e0 des g\u00e9n\u00e9rations de danseurs,<\/strong> d\u00e9barque pour une <strong>performance explosive. <\/strong>Pr\u00e9parez-vous \u00e0 chanter \u00ab\u00a0<b>C\u2019est bon pour le moral<\/b>\u00a0\u00bb et \u00e0 <strong>danser au rythme des m\u00e9lodies tropicales <\/strong>qui <strong>r\u00e9chauffent le c\u0153ur.<\/strong><\/p>\n<p style=\"text-align: justify;\">Mais ce n\u2019est pas tout : la <strong>soir\u00e9e commence avec des performances festives <\/strong>et<strong> endiabl\u00e9es !<\/strong><\/p>\n<p><strong><b>Au <\/b>programme :<\/strong><\/p>\n<ul>\n<li><strong>Fanfare : <\/strong>19h45 \u00e0 20h15 \/ 21h45 \u00e0 22h15 \/ 23h45 \u00e0 00h15 <\/li>\n<\/ul>\n<ul>\n<li><strong>Les P\u2019tits Cons Bi\u00e8re :<\/strong> 20h15 \u00e0 21h45<\/li>\n<\/ul>\n<ul>\n<li><strong>La Compagnie Cr\u00e9ole : <\/strong>22h15 \u00e0 23h45 <\/li>\n<\/ul>\n<ul>\n<li><strong>Boule :<\/strong> 00h15 \u00e0 01h45 \u00a0<\/li>\n<\/ul>\n<p style=\"text-align: justify;\"><strong>Une grande sc\u00e8ne en plein air, <\/strong>une <strong>ambiance conviviale,<\/strong> une<strong> soir\u00e9e gratuite \u00e0 ne pas manquer ! <\/strong>Venez profiter de cette <strong>f\u00eate tropicale<\/strong> et partagez<strong> un moment inoubliable avec vos proches.<\/strong><\/p>\n<p style=\"text-align: justify;\"><strong>Pour des raisons de s\u00e9curit\u00e9,<\/strong> les <strong>boissons ext\u00e9rieures ne sont pas autoris\u00e9es sur le site. <\/strong>Pas d\u2019inqui\u00e9tude : <strong>un bar sera \u00e0 votre disposition pour vous d\u00e9salt\u00e9rer !<\/strong><\/p>\n<p><strong>Infos pratiques<\/strong><br \/><strong><img loading=\"lazy\" decoding=\"async\" class=\"size-full wp-image-45 lazyloaded tie-appear\" src=\"https:\/\/www.europesays.com\/fr\/wp-content\/uploads\/2025\/04\/arrow.png\" alt=\"\" width=\"9\" height=\"9\" data-lazy-src=\"https:\/\/www.europesays.com\/fr\/wp-content\/uploads\/2025\/04\/arrow.png\"\/><\/strong> <strong>Maison Folie Wazemmes<\/strong><br \/>70, rue des Sarrazins \u2013 Lille<\/p>\n<p><strong><img loading=\"lazy\" decoding=\"async\" class=\"size-full wp-image-45 lazyloaded tie-appear\" src=\"https:\/\/www.europesays.com\/fr\/wp-content\/uploads\/2025\/04\/arrow.png\" alt=\"\" width=\"9\" height=\"9\" data-lazy-src=\"https:\/\/www.europesays.com\/fr\/wp-content\/uploads\/2025\/04\/arrow.png\"\/> Jour : <\/strong>samedi 31 mai 2025 de 18h \u00e0 2h du matin<\/p>\n<p><strong><b><img loading=\"lazy\" decoding=\"async\" class=\"size-full wp-image-45 lazyloaded tie-appear\" src=\"https:\/\/www.europesays.com\/fr\/wp-content\/uploads\/2025\/04\/1743937991_452_arrow.png\" alt=\"\" width=\"9\" height=\"9\" data-lazy-src=\"https:\/\/www.europesays.com\/fr\/wp-content\/uploads\/2025\/04\/1743937991_452_arrow.png\"\/><\/b><\/strong> <strong>R\u00e9servation gratuite &gt;&gt;&gt;<\/strong> <a href=\"https:\/\/flonflons.eu\/programmation\/\" target=\"_blank\" rel=\"noopener\">cliquez-ici !!!<\/a><\/p>\n<p>\u00a0<\/p>\n<p><strong><img decoding=\"async\" loading=\"lazy\" class=\"size-full wp-image-45 tie-appear\" src=\"https:\/\/www.europesays.com\/fr\/wp-content\/uploads\/2025\/04\/1744722321_833_arrow.png\" alt=\"\" width=\"9\" height=\"9\"\/><\/strong> <a href=\"https:\/\/flonflons.eu\/programmation\/\" target=\"_blank\" rel=\"noreferrer noopener\">D\u00e9couvrez le programme 2025 sur le site du Festival de Wazemmes l\u2019Accord\u00e9on<\/a><\/p>\n<p>\u00a0<\/p>\n<p class=\"has-text-align-right\">Source et image : DR \/ \u00a9 Flonflons<\/p>\n","protected":false},"excerpt":{"rendered":"Samedi 31 mai 2025, \u00e0 l\u2019occasion du Festival Wazemmes l\u2019Accord\u00e9on, retrouvez le Village W devant la Maison Folie&hellip;\n","protected":false},"author":2,"featured_media":136549,"comment_status":"","ping_status":"","sticky":false,"template":"","format":"standard","meta":{"footnotes":""},"categories":[2815],"tags":[21544,1111,11,26270,1697,1777,674,8259,1011,27,811,1307,9714,12,25,26271],"class_list":{"0":"post-136548","1":"post","2":"type-post","3":"status-publish","4":"format-standard","5":"has-post-thumbnail","7":"category-lille","8":"tag-31-mai-2025","9":"tag-actu","10":"tag-actualites","11":"tag-compagnie-creole","12":"tag-concert","13":"tag-eu","14":"tag-europe","15":"tag-fanfare","16":"tag-fr","17":"tag-france","18":"tag-hauts-de-france","19":"tag-lille","20":"tag-maison-folie-wazemmes","21":"tag-news","22":"tag-republique-francaise","23":"tag-wazemmes"},"share_on_mastodon":{"url":"https:\/\/pubeurope.com\/@fr\/114590535157491362","error":""},"_links":{"self":[{"href":"https:\/\/www.europesays.com\/fr\/wp-json\/wp\/v2\/posts\/136548","targetHints":{"allow":["GET"]}}],"collection":[{"href":"https:\/\/www.europesays.com\/fr\/wp-json\/wp\/v2\/posts"}],"about":[{"href":"https:\/\/www.europesays.com\/fr\/wp-json\/wp\/v2\/types\/post"}],"author":[{"embeddable":true,"href":"https:\/\/www.europesays.com\/fr\/wp-json\/wp\/v2\/users\/2"}],"replies":[{"embeddable":true,"href":"https:\/\/www.europesays.com\/fr\/wp-json\/wp\/v2\/comments?post=136548"}],"version-history":[{"count":0,"href":"https:\/\/www.europesays.com\/fr\/wp-json\/wp\/v2\/posts\/136548\/revisions"}],"wp:featuredmedia":[{"embeddable":true,"href":"https:\/\/www.europesays.com\/fr\/wp-json\/wp\/v2\/media\/136549"}],"wp:attachment":[{"href":"https:\/\/www.europesays.com\/fr\/wp-json\/wp\/v2\/media?parent=136548"}],"wp:term":[{"taxonomy":"category","embeddable":true,"href":"https:\/\/www.europesays.com\/fr\/wp-json\/wp\/v2\/categories?post=136548"},{"taxonomy":"post_tag","embeddable":true,"href":"https:\/\/www.europesays.com\/fr\/wp-json\/wp\/v2\/tags?post=136548"}],"curies":[{"name":"wp","href":"https:\/\/api.w.org\/{rel}","templated":true}]}}