{"id":136562,"date":"2025-05-29T10:06:08","date_gmt":"2025-05-29T10:06:08","guid":{"rendered":"https:\/\/www.europesays.com\/fr\/136562\/"},"modified":"2025-05-29T10:06:08","modified_gmt":"2025-05-29T10:06:08","slug":"a-paris-des-elus-de-gauche-protestent-devant-la-possible-suppression-de-la-zfe","status":"publish","type":"post","link":"https:\/\/www.europesays.com\/fr\/136562\/","title":{"rendered":"\u00e0 Paris, des \u00e9lus de gauche protestent devant la possible suppression de la ZFE"},"content":{"rendered":"<p>            Par<br \/>\n        <strong><br \/>\n            <a href=\"https:\/\/actu.fr\/auteur\/redaction-paris\" title=\"Consulter tous les articles de R\u00e9daction Paris\" target=\"_blank\" rel=\"noopener\">R\u00e9daction Paris<\/a><br \/>\n        <\/strong><\/p>\n<p>        Publi\u00e9 le<\/p>\n<p>            29 mai 2025 \u00e0 11h57        <\/p>\n<p>Coup de massue pour les partisans des<strong><a href=\"https:\/\/actu.fr\/societe\/zfe-supprimees-par-les-deputees-quel-impact-desormais-sur-les-millions-d-automobilistes-en-france_62704322.html\" target=\"_blank\" rel=\"noopener\"> zones \u00e0 faibles \u00e9missions (ZFE)<\/a><\/strong>, ces p\u00e9rim\u00e8tres restreignant la circulation des v\u00e9hicules thermiques les plus polluants. Mercredi 28 mai 2025, l\u2019<a href=\"https:\/\/actu.fr\/tag\/assemblee-nationale\" target=\"_blank\" rel=\"noopener\">Assembl\u00e9e nationale<\/a> a approuv\u00e9 <a href=\"https:\/\/actu.fr\/societe\/la-fin-des-zfe-l-assemblee-nationale-approuve-leur-suppression_62704219.html\" target=\"_blank\" rel=\"noopener\">un article pr\u00e9voyant leur <strong>suppression<\/strong><\/a> dans le cadre du projet de loi de \u00ab\u00a0simplification\u00a0\u00bb, toujours en cours d\u2019examen dans l\u2019h\u00e9micycle. \u00c0 <a href=\"https:\/\/actu.fr\/paris\/dernieres-actus\" target=\"_blank\" rel=\"noopener\">Paris<\/a>, o\u00f9 la ZFE est active depuis 2019, plusieurs personnalit\u00e9s politiques de gauche ont d\u00e9nonc\u00e9 un net recul dans la lutte pour l\u2019am\u00e9lioration de la <a href=\"https:\/\/actu.fr\/ile-de-france\/paris_75056\/qualite-de-l-air-a-paris-l-etat-a-reussi-a-redresser-la-barre-les-seuils-maximaux-de-pollution-respectes_62558710.html\" target=\"_blank\" rel=\"noopener\">qualit\u00e9 de l\u2019air<\/a> et la pollution aux particules fines.\u00a0<\/p>\n<p>\u00ab\u00a0Stupide et injuste\u00a0\u00bb<\/p>\n<p class=\" wall-content\"><a href=\"https:\/\/actu.fr\/ile-de-france\/paris_75056\/municipales-2026-a-paris-david-belliard-une-personnalite-complexe-passee-d-outsider-a-champion-des-verts_62381904.html\" target=\"_blank\" rel=\"noopener\">David Belliard<\/a>, adjoint \u00e9cologiste en charge des mobilit\u00e9s \u00e0 la<a href=\"https:\/\/actu.fr\/tag\/mairie-de-paris\" target=\"_blank\" rel=\"noopener\"> Ville de Paris<\/a> et ardent <a href=\"https:\/\/actu.fr\/ile-de-france\/paris_75056\/la-zfe-du-grand-paris-bientot-supprimee-ce-serait-une-double-peine-regrette-l-ecologiste-david-belliard_62427707.html\" target=\"_blank\" rel=\"noopener\">d\u00e9fenseur de la ZFE du Grand Paris<\/a>, n\u2019a pas tard\u00e9 \u00e0 r\u00e9agir sur X, en d\u00e9non\u00e7ant une d\u00e9cision \u00ab\u00a0stupide\u00a0\u00bb, \u00ab\u00a0car au contraire, il fallait rendre [les ZFE] plus justes socialement\u00a0\u00bb, et \u00ab\u00a0injuste\u00a0\u00bb, \u00ab\u00a0car ce sont <a href=\"https:\/\/actu.fr\/ile-de-france\/paris_75056\/pollution-en-ile-de-france-une-grande-enquete-publique-face-aux-6000-morts-prematurees_60781059.html\" target=\"_blank\" rel=\"noopener\">les plus pauvres qui meurent<\/a> de la pollution de l\u2019air\u00a0\u00bb, a estim\u00e9 la <a href=\"https:\/\/actu.fr\/ile-de-france\/paris_75056\/municipales-a-paris-vainqueur-de-la-primaire-david-belliard-conduira-la-liste-des-ecologistes-pour-2026_62410333.html\" target=\"_blank\" rel=\"noopener\">t\u00eate de liste des verts<\/a> pour les <a href=\"https:\/\/actu.fr\/paris\/politique\/elections-municipales\" target=\"_blank\" rel=\"noopener\">municipales de 2026<\/a> \u00e0 Paris.<\/p>\n<p class=\" wall-content\">\n<p class=\" wall-content\">Certains <strong>s\u00e9nateurs parisiens<\/strong> se sont \u00e9galement empar\u00e9s du sujet. \u00ab\u00a0La honte\u00a0\u00bb, a estim\u00e9 <a href=\"https:\/\/actu.fr\/tag\/emmanuel-gregoire\" target=\"_blank\" rel=\"noopener\">Emmanuel Gr\u00e9goire<\/a>, ancien premier adjoint (PS) d\u2019Anne Hidalgo, <a href=\"https:\/\/actu.fr\/ile-de-france\/paris_75056\/paris-est-la-passion-de-ma-vie-le-depute-emmanuel-gregoire-pret-a-remplacer-anne-hidalgo-en-2026_61882394.html\" target=\"_blank\" rel=\"noopener\">candidat \u00e0 sa succession<\/a>. \u00ab\u00a0D\u00e9tricoter, reculer, trahir : avec la suppression des ZFE et la motion de rejet de la <a href=\"https:\/\/actu.fr\/politique\/pesticides-megabassines-ces-points-tres-chauds-de-la-loi-duplomb-face-a-la-colere-des-agriculteurs_62686609.html\" target=\"_blank\" rel=\"noopener\">loi Duplomb<\/a> [sur l\u2019agriculture, NDLR] la semaine aura \u00e9t\u00e9 marqu\u00e9e par de <strong>tristes r\u00e9gressions \u00e9cologiques<\/strong> et des man\u0153uvres antid\u00e9mocratiques graves \u00e0 l\u2019Assembl\u00e9e nationale, couvertes par le gouvernement\u00a0\u00bb, a-t-il estim\u00e9, avant d\u2019ajouter : \u00ab\u00a0Sacrifier la sant\u00e9 des Fran\u00e7aises et des Fran\u00e7ais ne sera jamais la solution.\u00a0\u00bb<\/p>\n<p class=\" wall-content\">\n<p class=\" wall-content\">L\u2019\u00e9cologiste <strong>Anne Souyris<\/strong>, ex-adjointe en charge de la sant\u00e9 publique \u00e0 la Ville de Paris avant de <a href=\"https:\/\/actu.fr\/ile-de-france\/paris_75056\/depart-de-trois-adjoints-au-senat-mercato-a-la-mairie-de-paris_60172174.html\" target=\"_blank\" rel=\"noopener\">rejoindre la chambre haute du Parlement<\/a>, rappelle que \u00ab\u00a0l\u2019affaire n\u2019est pas compl\u00e8tement termin\u00e9e\u00a0\u00bb, alors que le vote de l\u2019article doit encore \u00eatre confirm\u00e9 par celui sur le projet de loi dans son int\u00e9gralit\u00e9, encore vis\u00e9 par <strong>plus de 600 amendements<\/strong>. \u00ab\u00a0Je suis pour des vrais d\u00e9bats et pas des d\u00e9bats rapides et pli\u00e9s\u00a0\u00bb, a-t-elle r\u00e9agi au micro de nos confr\u00e8res de <a href=\"https:\/\/www.bfmtv.com\/politique\/anne-souyris-les-ecologistes-n-exclut-pas-de-saisir-le-conseil-constitutionnel-apres-la-suppression-des-zfe_VN-202505290242.html\" target=\"_blank\" rel=\"noopener\">BFMTV<\/a>. L\u2019\u00e9lue a indiqu\u00e9 qu\u2019une saisie du Conseil constitutionnel allait \u00eatre envisag\u00e9e par son groupe, \u00e9voquant un <strong>cavalier l\u00e9gislatif<\/strong>.<\/p>\n<p class=\" wall-content\">\u00ab\u00a0On va essayer de trouver une mani\u00e8re de faire en sorte que cette lutte contre la pollution existe. On ne peut pas le faire sans un contr\u00f4le et une surveillance de cette pollution-l\u00e0. Il y avait certainement quelque chose \u00e0 refaire sur les notions de crit\u00e8res, elles ont \u00e9t\u00e9 mal d\u00e9finies\u00a0\u00bb, a-t-elle ajout\u00e9.\u00a0<\/p>\n<p>Vid\u00e9os : en ce moment sur ActuUne mesure critiqu\u00e9e de longue date<\/p>\n<p class=\" wall-content\">Depuis sa cr\u00e9ation, la ZFE soul\u00e8ve de <a href=\"https:\/\/actu.fr\/ile-de-france\/paris_75056\/les-rats-des-villes-sacrifient-les-rats-des-champs-manifestation-des-gueux-a-paris-contre-les-zfe_62474105.html\" target=\"_blank\" rel=\"noopener\">fortes oppositions de la part d\u2019usagers<\/a> comme d\u2019\u00e9lus de tous bords politiques. L\u2019article demandant la suppression des ZFE, introduit en commission \u00e0 l\u2019initiative de LR et du RN, a \u00e9t\u00e9 adopt\u00e9 par 98 voix contre 51 avec les voix de l\u2019alliance RN-UDR, de la droite, mais aussi de certains macronistes et de LFI, qui consid\u00e8rent que les ZFE e<strong>xcluent des cat\u00e9gories de la population<\/strong> qui ne peuvent acheter des v\u00e9hicules moins polluants.<\/p>\n<p class=\" wall-content\">\u00ab\u00a0Tout le monde est pour am\u00e9liorer la qualit\u00e9 de l\u2019air. (Mais) nous pensons que \u00e7a ne peut pas se faire au prix de l\u2019exclusion sociale\u00a0\u00bb\u00a0\u00bb, a soutenu Ian Boucard, d\u00e9put\u00e9 LR. \u00ab\u00a0Les ZFE \u00ab\u00a0ne servent \u00e0 rien\u00a0\u00bb, a estim\u00e9 quant \u00e0 lui Pierre Meurin (RN).<\/p>\n<p class=\" wall-content\">\u00ab\u00a0La pollution de l\u2019air est \u00e0 l\u2019origine de pr\u00e8s de 40 000 d\u00e9c\u00e8s pr\u00e9matur\u00e9s par an (\u2026) Et les zones \u00e0 faibles \u00e9missions ont contribu\u00e9 \u00e0 baisser ces d\u00e9c\u00e8s pr\u00e9coces\u00a0\u00bb, a affirm\u00e9 de son c\u00f4t\u00e9 la ministre macroniste de la Transition \u00e9cologique <a href=\"https:\/\/actu.fr\/politique\/gouvernement-barnier-qui-est-l-indeboulonnable-agnes-pannier-runacher-aux-commandes-de-l-ecologie_61632604.html\" target=\"_blank\" rel=\"noopener\">Agn\u00e8s Pannier-Runacher<\/a>. Elle a propos\u00e9 sans succ\u00e8s dans l\u2019h\u00e9micycle une <strong>solution de repli<\/strong>, inscrivant dans le marbre de la loi que les ZFE ne concerneraient que les agglom\u00e9rations lyonnaises et parisiennes, et pr\u00e9voyant toute une batterie d\u2019exceptions \u00e0 la main des collectivit\u00e9s qui souhaiteraient mettre en place des ZFE\u2026 Sans succ\u00e8s.<\/p>\n<p>Des adaptations g\u00e9r\u00e9es par les collectivit\u00e9s<\/p>\n<p class=\" wall-content\">Pour rappel, les zones \u00e0 faibles \u00e9missions (ZFE) concernent une quarantaine d\u2019agglom\u00e9rations, mais leur mise en place et les crit\u00e8res d\u2019application diff\u00e8rent selon les territoires. Elles ont \u00e9t\u00e9 cr\u00e9\u00e9es en 2019, dans le cadre de la loi Climat et r\u00e9silience du premier quinquennat d\u2019<a href=\"https:\/\/actu.fr\/tag\/emmanuel-macron\" target=\"_blank\" rel=\"noopener\">Emmanuel Macron<\/a>, et \u00e9tendues en 2021.<\/p>\n<p class=\" wall-content\">Le texte s\u2019appuie sur la mesure r\u00e9guli\u00e8re de la qualit\u00e9 de l\u2019air dans les agglom\u00e9rations de plus de 150 000 habitants et les seuils recommand\u00e9s par l\u2019Organisation mondiale de la sant\u00e9 (OMS). En proie \u00e0 une pollution de l\u2019air particuli\u00e8rement et r\u00e9guli\u00e8rement \u00e9lev\u00e9e, Paris et <a href=\"https:\/\/actu.fr\/auvergne-rhone-alpes\/lyon_69123\/il-s-agit-d-une-arnaque-ces-pv-sur-les-voitures-a-lyon-peuvent-vous-couter-tres-cher_62700392.html\" target=\"_blank\" rel=\"noopener\">Lyon<\/a> sont les deux seules agglom\u00e9rations actuellement contraintes par l\u2019\u00c9tat de prendre des mesures d\u2019interdiction de circulation. Elles s\u2019appliquent aux <strong>voitures Crit\u2019Air 3, 4 et 5<\/strong> et non class\u00e9s, soit les v\u00e9hicules essence de plus de 20 ans et les v\u00e9hicules diesel de plus de 15 ans.\u00a0<\/p>\n<p class=\" wall-content\">Les collectivit\u00e9s gardent la main sur les \u00e9ventuels <strong>d\u00e9rogations<\/strong> et contr\u00f4les qu\u2019elles souhaiteraient mettre en place. Ainsi, dans l\u2019agglom\u00e9ration parisienne, l\u2019interdiction de circulation des v\u00e9hicules particuliers, utilitaires et deux roues Crit\u2019Air 3, 4 et 5 et non class\u00e9s, qui s\u2019\u00e9tend sur 77 communes autour de la capitale, est en vigueur du lundi au vendredi entre 8 heures et 20 heures, sauf les jours f\u00e9ri\u00e9s.<\/p>\n<p class=\" wall-content\">La capitale permet par ailleurs aux d\u00e9tenteurs d\u2019un \u00ab\u00a0<a href=\"https:\/\/actu.fr\/ile-de-france\/paris_75056\/grand-paris-comment-obtenir-son-pass-ou-sa-derogation-zfe-pour-circuler-avec-un-vehicule-crit-air-3-interdit_62076724.html\" target=\"_blank\" rel=\"noopener\">Pass ZFE 24 heures<\/a>\u00a0\u00bb (une d\u00e9rogation individuelle sollicitable dans la limite de 24 journ\u00e9es par an), aux travailleurs en horaires d\u00e9cal\u00e9s, aux personnes qui se rendent sur leur lieu de formation et aux v\u00e9hicules utilis\u00e9s pour acc\u00e9der \u00e0 des services m\u00e9dicaux de d\u00e9roger \u00e0 la r\u00e8gle.\u00a0<\/p>\n<p class=\" wall-content\"><strong>Avec AFP.<\/strong><\/p>\n<p class=\" wall-content\">Suivez toute l\u2019actualit\u00e9 de vos villes et m\u00e9dias favoris en vous inscrivant \u00e0 <a href=\"https:\/\/moncompte.actu.fr\" title=\"D\u00e9couvez Mon Actu\" rel=\"nofollow noopener\" data-trk=\"{&quot;cta&quot;:{&quot;action&quot;:&quot;https:\\\/\\\/moncompte.actu.fr&quot;,&quot;category&quot;:&quot;mon compte&quot;,&quot;from&quot;:&quot;article footer&quot;,&quot;name&quot;:&quot;Mon actu&quot;,&quot;type&quot;:&quot;cta&quot;}}\" target=\"_blank\">Mon Actu<\/a>.<\/p>\n","protected":false},"excerpt":{"rendered":"Par R\u00e9daction Paris Publi\u00e9 le 29 mai 2025 \u00e0 11h57 Coup de massue pour les partisans des zones&hellip;\n","protected":false},"author":2,"featured_media":136563,"comment_status":"","ping_status":"","sticky":false,"template":"","format":"standard","meta":{"footnotes":""},"categories":[1888],"tags":[1111,1928,11,1927,1777,674,1011,27,12,1926,626,1925,1800,25,71,104,2433],"class_list":{"0":"post-136562","1":"post","2":"type-post","3":"status-publish","4":"format-standard","5":"has-post-thumbnail","7":"category-paris","8":"tag-actu","9":"tag-actu-paris","10":"tag-actualites","11":"tag-actualites-paris","12":"tag-eu","13":"tag-europe","14":"tag-fr","15":"tag-france","16":"tag-news","17":"tag-news-paris","18":"tag-paris","19":"tag-paris-news","20":"tag-pollution","21":"tag-republique-francaise","22":"tag-sante","23":"tag-societe","24":"tag-zone-a-faibles-emissions-zfe"},"share_on_mastodon":{"url":"https:\/\/pubeurope.com\/@fr\/114590566528351217","error":""},"_links":{"self":[{"href":"https:\/\/www.europesays.com\/fr\/wp-json\/wp\/v2\/posts\/136562","targetHints":{"allow":["GET"]}}],"collection":[{"href":"https:\/\/www.europesays.com\/fr\/wp-json\/wp\/v2\/posts"}],"about":[{"href":"https:\/\/www.europesays.com\/fr\/wp-json\/wp\/v2\/types\/post"}],"author":[{"embeddable":true,"href":"https:\/\/www.europesays.com\/fr\/wp-json\/wp\/v2\/users\/2"}],"replies":[{"embeddable":true,"href":"https:\/\/www.europesays.com\/fr\/wp-json\/wp\/v2\/comments?post=136562"}],"version-history":[{"count":0,"href":"https:\/\/www.europesays.com\/fr\/wp-json\/wp\/v2\/posts\/136562\/revisions"}],"wp:featuredmedia":[{"embeddable":true,"href":"https:\/\/www.europesays.com\/fr\/wp-json\/wp\/v2\/media\/136563"}],"wp:attachment":[{"href":"https:\/\/www.europesays.com\/fr\/wp-json\/wp\/v2\/media?parent=136562"}],"wp:term":[{"taxonomy":"category","embeddable":true,"href":"https:\/\/www.europesays.com\/fr\/wp-json\/wp\/v2\/categories?post=136562"},{"taxonomy":"post_tag","embeddable":true,"href":"https:\/\/www.europesays.com\/fr\/wp-json\/wp\/v2\/tags?post=136562"}],"curies":[{"name":"wp","href":"https:\/\/api.w.org\/{rel}","templated":true}]}}