{"id":136570,"date":"2025-05-29T10:10:08","date_gmt":"2025-05-29T10:10:08","guid":{"rendered":"https:\/\/www.europesays.com\/fr\/136570\/"},"modified":"2025-05-29T10:10:08","modified_gmt":"2025-05-29T10:10:08","slug":"un-veteran-du-siege-de-marioupol-tue-dans-une-explosion-moscou-nexclut-pas-la-piste-dun-assassinat","status":"publish","type":"post","link":"https:\/\/www.europesays.com\/fr\/136570\/","title":{"rendered":"un v\u00e9t\u00e9ran du si\u00e8ge de Marioupol tu\u00e9 dans une explosion, Moscou n\u2019exclut pas la piste d\u2019un assassinat"},"content":{"rendered":"<p>Un ancien combattant ayant particip\u00e9 au si\u00e8ge d\u00e9vastateur de la ville ukrainienne en 2022 a \u00e9t\u00e9 retrouv\u00e9 avec des blessures \u00abcaract\u00e9ristiques du souffle d\u2019une explosion\u00bb. Les autorit\u00e9s russes n\u2019excluent pas un assassinat cibl\u00e9 men\u00e9 par l\u2019Ukraine.<\/p>\n<p class=\"fig-paragraph\">Une explosion a tu\u00e9 jeudi en Russie un ancien combattant ayant particip\u00e9 au si\u00e8ge d\u00e9vastateur\u00a0<a href=\"https:\/\/www.lefigaro.fr\/international\/azovstal-le-recit-d-un-siege-heroique-devenu-symbole-de-la-resistance-ukrainienne-20220522\" target=\"_blank\" data-fig-type=\"Article\" rel=\"noopener nofollow\" data-gtm-custom-categorie=\"navigation\" data-gtm-custom-action=\"crossclick\" data-gtm-custom-label=\"Contextuel\" data-gtm-event=\"customEventSPE\" data-fig-domain=\"LEFIGARO\">de la ville ukrainienne de Marioupol en 2022,<\/a>\u00a0les autorit\u00e9s russes disant ne pas exclure un assassinat cibl\u00e9 men\u00e9 par l&rsquo;Ukraine. Dans un communiqu\u00e9, le Comit\u00e9 d&rsquo;enqu\u00eate russe a d\u00e9clar\u00e9 enqu\u00eater sur la mort pendant la nuit de deux hommes retrouv\u00e9s dans un quartier r\u00e9sidentiel de la ville de Stavropol (sud-ouest) avec des blessures \u00abcaract\u00e9ristiques du souffle d&rsquo;une explosion\u00bb.<\/p>\n<p class=\"fig-paragraph\">L&rsquo;une des victimes est Zaour Gourtsiev, 34 ans, un v\u00e9t\u00e9ran de \u00abl&rsquo;op\u00e9ration militaire sp\u00e9ciale\u00bb en Ukraine, a d\u00e9clar\u00e9 sur Telegram Vladimir Vladimirov, le gouverneur de la r\u00e9gion de Stavropol. \u00abLes investigations sont en cours. Toutes les hypoth\u00e8ses sont prises en compte, y compris celle d&rsquo;un attentat avec l&rsquo;implication de nazis ukrainiens\u00bb, a-t-il ajout\u00e9, reprenant le r\u00e9cit du Kremlin\u00a0<a href=\"http:\/\/www.lefigaro.fr\/international\/y-a-t-il-vraiment-des-nazis-en-ukraine-comme-l-affirme-vladimir-poutine-20220323\" target=\"_blank\" data-fig-type=\"Article\" rel=\"noopener nofollow\" data-gtm-custom-categorie=\"navigation\" data-gtm-custom-action=\"crossclick\" data-gtm-custom-label=\"Contextuel\" data-gtm-event=\"customEventSPE\" data-fig-domain=\"LEFIGARO\">qui assure combattre en Ukraine des n\u00e9o-nazis<\/a>.<\/p>\n<p>D\u00e9cor\u00e9 pour avoir particip\u00e9 \u00e0 la prise de la ville d\u2019Avdi\u00efvka<\/p>\n<p class=\"fig-paragraph\">Zaour Gourtsiev travaillait comme premier adjoint du maire de Stavropol, a indiqu\u00e9 ce dernier, Ivan Ouliantchenko, et avait particip\u00e9 \u00e0 un programme d&rsquo;enseignement, \u00abLe Temps des H\u00e9ros\u00bb, visant \u00e0 former les anciens combattants russes du conflit en Ukraine et \u00e0 leur permettre d&rsquo;acc\u00e9der \u00e0 de hautes fonctions publiques.<\/p>\n<p class=\"fig-paragraph\">Une notice sur le site de ce programme indique que Zaour Gourtsiev avait dirig\u00e9 dans l&rsquo;arm\u00e9e russe une unit\u00e9 qui assurait la liaison entre les forces a\u00e9riennes et terrestres lors des op\u00e9rations.<\/p>\n<p class=\"fig-paragraph\">Selon cette source, il avait \u00e9t\u00e9 d\u00e9cor\u00e9 pour avoir particip\u00e9 \u00e0 la prise de la ville ukrainienne d&rsquo;Avdi\u00efvka en 2024, ainsi qu&rsquo;au si\u00e8ge de Marioupol au printemps 2022, qui avait fait des milliers de victimes civiles selon Kiev. Pour l&rsquo;heure, Kiev n&rsquo;a pas r\u00e9agi \u00e0 son d\u00e9c\u00e8s. Depuis le d\u00e9but de l&rsquo;attaque russe \u00e0 grande \u00e9chelle contre l&rsquo;Ukraine, en f\u00e9vrier 2022, l&rsquo;Ukraine a revendiqu\u00e9 plusieurs\u00a0<a href=\"http:\/\/www.lefigaro.fr\/international\/guerre-en-ukraine-des-nord-coreens-engages-au-combat-alertent-les-etats-unis-20241113\" target=\"_blank\" data-fig-type=\"NewsFlash\" rel=\"noopener nofollow\" data-gtm-custom-categorie=\"navigation\" data-gtm-custom-action=\"crossclick\" data-gtm-custom-label=\"Contextuel\" data-gtm-event=\"customEventSPE\" data-fig-domain=\"LEFIGARO\">assassinats cibl\u00e9s contre des responsables russes.<\/a><\/p>\n","protected":false},"excerpt":{"rendered":"Un ancien combattant ayant particip\u00e9 au si\u00e8ge d\u00e9vastateur de la ville ukrainienne en 2022 a \u00e9t\u00e9 retrouv\u00e9 avec&hellip;\n","protected":false},"author":2,"featured_media":136571,"comment_status":"","ping_status":"","sticky":false,"template":"","format":"standard","meta":{"footnotes":""},"categories":[1591],"tags":[259,11,260,1887,131,14,261,12,262,1885,1886,132],"class_list":{"0":"post-136570","1":"post","2":"type-post","3":"status-publish","4":"format-standard","5":"has-post-thumbnail","7":"category-russie","8":"tag-actualite-internationale","9":"tag-actualites","10":"tag-affaires-etrangeres","11":"tag-federation-de-russie","12":"tag-guerre-en-ukraine","13":"tag-international","14":"tag-ministere-des-affaires-etrangeres","15":"tag-news","16":"tag-politique-etrangere","17":"tag-russia","18":"tag-russian-federation","19":"tag-russie"},"share_on_mastodon":{"url":"https:\/\/pubeurope.com\/@fr\/114590582280630271","error":""},"_links":{"self":[{"href":"https:\/\/www.europesays.com\/fr\/wp-json\/wp\/v2\/posts\/136570","targetHints":{"allow":["GET"]}}],"collection":[{"href":"https:\/\/www.europesays.com\/fr\/wp-json\/wp\/v2\/posts"}],"about":[{"href":"https:\/\/www.europesays.com\/fr\/wp-json\/wp\/v2\/types\/post"}],"author":[{"embeddable":true,"href":"https:\/\/www.europesays.com\/fr\/wp-json\/wp\/v2\/users\/2"}],"replies":[{"embeddable":true,"href":"https:\/\/www.europesays.com\/fr\/wp-json\/wp\/v2\/comments?post=136570"}],"version-history":[{"count":0,"href":"https:\/\/www.europesays.com\/fr\/wp-json\/wp\/v2\/posts\/136570\/revisions"}],"wp:featuredmedia":[{"embeddable":true,"href":"https:\/\/www.europesays.com\/fr\/wp-json\/wp\/v2\/media\/136571"}],"wp:attachment":[{"href":"https:\/\/www.europesays.com\/fr\/wp-json\/wp\/v2\/media?parent=136570"}],"wp:term":[{"taxonomy":"category","embeddable":true,"href":"https:\/\/www.europesays.com\/fr\/wp-json\/wp\/v2\/categories?post=136570"},{"taxonomy":"post_tag","embeddable":true,"href":"https:\/\/www.europesays.com\/fr\/wp-json\/wp\/v2\/tags?post=136570"}],"curies":[{"name":"wp","href":"https:\/\/api.w.org\/{rel}","templated":true}]}}