{"id":136578,"date":"2025-05-29T10:14:09","date_gmt":"2025-05-29T10:14:09","guid":{"rendered":"https:\/\/www.europesays.com\/fr\/136578\/"},"modified":"2025-05-29T10:14:09","modified_gmt":"2025-05-29T10:14:09","slug":"le-gouvernement-du-chancelier-friedrich-merz-resserre-la-vis-sur-limmigration","status":"publish","type":"post","link":"https:\/\/www.europesays.com\/fr\/136578\/","title":{"rendered":"le gouvernement du chancelier Friedrich Merz resserre la vis sur l&rsquo;immigration"},"content":{"rendered":"<p>C&rsquo;est un nouveau tour de vis sur l&rsquo;immigration en Allemagne : le gouvernement du chancelier Friedrich Merz a adopt\u00e9, ce mercredi 28 mai, des projets de loi visant \u00e0 limiter la migration, notamment une suspension du regroupement familial, dans le sillage du r\u00e9cent renforcement controvers\u00e9 des contr\u00f4les aux fronti\u00e8res.<\/p>\n<p>Premi\u00e8re mesure adopt\u00e9e par le gouvernement de Friedrich Merz : la suspension durant deux ans du regroupement familial pour les r\u00e9fugi\u00e9s n&rsquo;ayant pas obtenu l&rsquo;asile. La coalition gouvernementale, qui rassemble conservateurs du chancelier <strong><a href=\"https:\/\/www.rfi.fr\/fr\/tag\/friedrich-merz\/\" class=\"link \" rel=\"nofollow noopener\" target=\"_blank\" data-ylk=\"slk:Friedrich Merz;elm:context_link;itc:0;sec:content-canvas\">Friedrich Merz<\/a><\/strong> et sociaux-d\u00e9mocrates, a \u00e9galement vot\u00e9 la suppression d&rsquo;un m\u00e9canisme de naturalisation acc\u00e9l\u00e9r\u00e9e, qui avait \u00e9t\u00e9 introduit par le pr\u00e9c\u00e9dent gouvernement d&rsquo;<strong><a href=\"https:\/\/www.rfi.fr\/fr\/tag\/olaf-scholz\/\" class=\"link \" rel=\"nofollow noopener\" target=\"_blank\" data-ylk=\"slk:Olaf Scholz;elm:context_link;itc:0;sec:content-canvas\">Olaf Scholz<\/a><\/strong>.<\/p>\n<p>Enfin, les ministres ont donn\u00e9 leur aval \u00e0 l&rsquo;inscription dans la loi que l&rsquo;<strong><a href=\"https:\/\/www.rfi.fr\/fr\/tag\/allemagne\/\" class=\"link \" rel=\"nofollow noopener\" target=\"_blank\" data-ylk=\"slk:Allemagne;elm:context_link;itc:0;sec:content-canvas\">Allemagne<\/a><\/strong> veut \u00ab limiter \u00bb la migration, et non pas la \u00ab contr\u00f4ler \u00bb comme c&rsquo;est le cas actuellement. Ce tour de vis g\u00e9n\u00e9ralis\u00e9 doit encore \u00eatre avalis\u00e9 par les d\u00e9put\u00e9s d&rsquo;ici \u00e0 juillet. \u00ab Aujourd&rsquo;hui est un jour d\u00e9cisif concernant la r\u00e9duction de la migration ill\u00e9gale \u00bb, a estim\u00e9 le ministre de l&rsquo;Int\u00e9rieur conservateur Alexander Dobrindt lors d&rsquo;une conf\u00e9rence de presse.<\/p>\n<p><a href=\"https:\/\/www.rfi.fr\/fr\/europe\/20250529-allemagne-le-gouvernement-du-chancelier-friedrich-merz-reserre-la-vis-sur-l-immigration\" rel=\"nofollow noopener\" target=\"_blank\" data-ylk=\"slk:Lire la suite sur RFI;elm:context_link;itc:0;sec:content-canvas\" class=\"link \">Lire la suite sur RFI<\/a><\/p>\n","protected":false},"excerpt":{"rendered":"C&rsquo;est un nouveau tour de vis sur l&rsquo;immigration en Allemagne : le gouvernement du chancelier Friedrich Merz a&hellip;\n","protected":false},"author":2,"featured_media":136579,"comment_status":"","ping_status":"","sticky":false,"template":"","format":"standard","meta":{"footnotes":""},"categories":[1587],"tags":[11,672,1804,13348,1805,1803,1777,674,4710,1801,418,14906,12,26278,1802,26277],"class_list":{"0":"post-136578","1":"post","2":"type-post","3":"status-publish","4":"format-standard","5":"has-post-thumbnail","7":"category-allemagne","8":"tag-actualites","9":"tag-allemagne","10":"tag-bundesrepublik-deutschland","11":"tag-chancelier","12":"tag-de","13":"tag-deutschland","14":"tag-eu","15":"tag-europe","16":"tag-friedrich-merz","17":"tag-germany","18":"tag-gouvernement","19":"tag-la-loi","20":"tag-news","21":"tag-regroupement-familial","22":"tag-republique-federale-dallemagne","23":"tag-tour-de-vis"},"share_on_mastodon":{"url":"https:\/\/pubeurope.com\/@fr\/114590597992257160","error":""},"_links":{"self":[{"href":"https:\/\/www.europesays.com\/fr\/wp-json\/wp\/v2\/posts\/136578","targetHints":{"allow":["GET"]}}],"collection":[{"href":"https:\/\/www.europesays.com\/fr\/wp-json\/wp\/v2\/posts"}],"about":[{"href":"https:\/\/www.europesays.com\/fr\/wp-json\/wp\/v2\/types\/post"}],"author":[{"embeddable":true,"href":"https:\/\/www.europesays.com\/fr\/wp-json\/wp\/v2\/users\/2"}],"replies":[{"embeddable":true,"href":"https:\/\/www.europesays.com\/fr\/wp-json\/wp\/v2\/comments?post=136578"}],"version-history":[{"count":0,"href":"https:\/\/www.europesays.com\/fr\/wp-json\/wp\/v2\/posts\/136578\/revisions"}],"wp:featuredmedia":[{"embeddable":true,"href":"https:\/\/www.europesays.com\/fr\/wp-json\/wp\/v2\/media\/136579"}],"wp:attachment":[{"href":"https:\/\/www.europesays.com\/fr\/wp-json\/wp\/v2\/media?parent=136578"}],"wp:term":[{"taxonomy":"category","embeddable":true,"href":"https:\/\/www.europesays.com\/fr\/wp-json\/wp\/v2\/categories?post=136578"},{"taxonomy":"post_tag","embeddable":true,"href":"https:\/\/www.europesays.com\/fr\/wp-json\/wp\/v2\/tags?post=136578"}],"curies":[{"name":"wp","href":"https:\/\/api.w.org\/{rel}","templated":true}]}}