{"id":136585,"date":"2025-05-29T10:18:08","date_gmt":"2025-05-29T10:18:08","guid":{"rendered":"https:\/\/www.europesays.com\/fr\/136585\/"},"modified":"2025-05-29T10:18:08","modified_gmt":"2025-05-29T10:18:08","slug":"ferveur-enorme-maqala-irresistible-patat-respecte-les-5-raisons-dune-probable-qualification-historique-de-bayonne","status":"publish","type":"post","link":"https:\/\/www.europesays.com\/fr\/136585\/","title":{"rendered":"Ferveur \u00e9norme, Maqala irr\u00e9sistible, Patat respect\u00e9&#8230; Les 5 raisons d\u2019une probable qualification historique de Bayonne"},"content":{"rendered":"<p>L\u2019Aviron Bayonnais n\u2019est qu\u2019\u00e0 un point d\u2019une qualification historique pour les phases finales. Rendez-vous \u00e0 Castres ce samedi (16h30).<\/p>\n<p>Invaincu \u00e0 domicile<\/p>\n<p class=\"fig-paragraph\">Venir \u00e0 Jean-Dauger n\u2019est jamais une mince affaire. La preuve, les Bayonnais ont remport\u00e9 12 matches sur 12 cette saison \u2013 dont deux \u00e0 Saint-S\u00e9bastien contre La Rochelle et Pau -. Il ne reste plus qu\u2019un match dans leur ar\u00e8ne, face \u00e0 Toulon, pour que les joueurs de Gr\u00e9gory Patat puissent faire comme Montpellier, qui avait remport\u00e9 ses 13 matches lors de la saison 2017-2018. Il y a deux saisons d\u00e9j\u00e0, lors de leur remont\u00e9e en Top 14, les Basques avaient r\u00e9alis\u00e9 une saison surprenante pour un promu en terminant \u00e0 la 8e place et en n\u2019ayant perdu aucun match \u00e0 domicile (\u00e0 Jean-Dauger du moins puisque Bayonne s\u2019\u00e9tait inclin\u00e9 face \u00e0 Pau \u00e0 Saint-S\u00e9bastien). La saison suivante fut plus difficile (12e du championnat) mais le maintien avait \u00e9t\u00e9 acquis gr\u00e2ce \u00e0 une solidit\u00e9 \u00e0 la maison. \u00c0 n\u2019en pas douter, les Bayonnais vont tout faire pour accueillir le barrage \u00e0 domicile, un atout inestimable.<\/p>\n<p>Gr\u00e9gory Patat, coach appr\u00e9ci\u00e9 et respect\u00e9<\/p>\n<p class=\"fig-paragraph\">Gr\u00e9gory Patat avait repris l\u2019Aviron apr\u00e8s sa mont\u00e9e en Top 14. Pas une mince affaire pour le Gersois. Pour autant, l\u2019ancien entra\u00eeneur du Stade Rochelais avait permis aux siens d\u2019\u00eatre dans le coup d\u2019une qualification pendant quelques mois et avait assur\u00e9 le maintien. La saison suivante, bis repetita. Cette ann\u00e9e, Patat a fait encore mieux en d\u00e9crochant la premi\u00e8re qualification de l\u2019histoire du club en Top 14. Et ce n\u2019est pas fini\u2026 Coach respect\u00e9 et appr\u00e9ci\u00e9 par ses joueurs, l\u2019ancien troisi\u00e8me-ligne a mis tout le monde d\u2019accord. En coulisses,\u00a0<a href=\"https:\/\/www.rugbyrama.fr\/2025\/05\/11\/grand-entretien-si-laurent-travers-et-gregory-patat-narrivent-pas-a-travailler-ensemble-des-decisions-seront-prises-philippe-tayeb-reagit-aux-tensions-12683997.php\" target=\"_blank\" rel=\"nofollow noopener\" data-gtm-custom-categorie=\"navigation\" data-gtm-custom-action=\"crossclick\" data-gtm-custom-label=\"Contextuel\" data-gtm-event=\"customEventSPE\">Sud-Ouest<\/a> \u00a0avait r\u00e9v\u00e9l\u00e9 quelques tensions entre Patat et\u00a0<a href=\"http:\/\/www.lefigaro.fr\/sports\/rugby\/top-14\/top-14-laurent-travers-rejoindra-bien-bayonne-en-tant-que-directeur-du-rugby-20250312\" data-fig-type=\"NewsFlash\" data-gtm-custom-categorie=\"navigation\" data-gtm-custom-action=\"crossclick\" data-gtm-custom-label=\"Contextuel\" data-gtm-event=\"customEventSPE\" data-fig-domain=\"LEFIGARO\" target=\"_blank\" rel=\"noopener\">Laurent Travers<\/a>, le futur directeur du rugby. \u00ab Il y a une relation qui est en train de se construire entre Greg Patat, le staff et Laurent Travers\u00a0\u00bb, avait temp\u00e9r\u00e9 le pr\u00e9sident Philippe Tayeb pour\u00a0<a href=\"https:\/\/www.rugbyrama.fr\/2025\/05\/11\/grand-entretien-si-laurent-travers-et-gregory-patat-narrivent-pas-a-travailler-ensemble-des-decisions-seront-prises-philippe-tayeb-reagit-aux-tensions-12683997.php\" target=\"_blank\" rel=\"nofollow noopener\" data-gtm-custom-categorie=\"navigation\" data-gtm-custom-action=\"crossclick\" data-gtm-custom-label=\"Contextuel\" data-gtm-event=\"customEventSPE\">Midi Olympique<\/a> . Avant de pr\u00e9ciser qu\u2019aucune d\u00e9cision ne sera prise \u00abavant le 7 juin\u00bb, concernant une prolongation du staff.<\/p>\n<p class=\"fig-body-link\">\n            \u00c0 lire aussi<br \/>\n        <a class=\"fig-body-link__link fig-premium-mark\" href=\"http:\/\/www.lefigaro.fr\/sports\/rugby\/top-14\/philippe-tayeb-l-aviron-bayonnais-grandit-mais-il-ne-faut-pas-s-enflammer-20250110\" data-fig-type=\"Article\" data-gtm-custom-categorie=\"navigation\" data-gtm-custom-action=\"crossclick\" data-gtm-custom-label=\"Contextuel\" data-gtm-event=\"customEventSPE\" data-fig-domain=\"LEFIGARO\" target=\"_blank\" rel=\"noopener\">Philippe Tayeb\u00a0: \u00abL\u2019Aviron Bayonnais grandit mais il ne faut pas s\u2019enflammer\u00bb<br \/>\n    <\/a>\n<\/p>\n<p>Port\u00e9 par un Sireli Maqala royal<\/p>\n<p class=\"fig-paragraph\">Il est l\u2019un (ou le\u00a0?) des meilleurs joueurs de la saison en Top 14. Et de loin. Bien qu\u2019il soit toujours difficile de pointer une ou deux individualit\u00e9s dans un sport aussi collectif que le rugby, le Fidjien Sireli Maqala a port\u00e9 l\u2019Aviron Bayonnais. D\u00e9barrass\u00e9 de ses p\u00e9pins physiques, le trois-quarts centre \u00e9lectrise les d\u00e9fenses, fait jouer apr\u00e8s lui, fait mal au plaquage et am\u00e8ne de la folie au jeu des Basques. Cette saison, le joueur de 25 ans a disput\u00e9 17 rencontres. \u00c0 \u00e9galit\u00e9 avec\u00a0<a href=\"http:\/\/www.lefigaro.fr\/sports\/rugby\/rugby-bielle-biarrey-designe-joueur-de-l-annee-par-la-presse-britannique-20250522\" data-fig-type=\"NewsFlash\" data-gtm-custom-categorie=\"navigation\" data-gtm-custom-action=\"crossclick\" data-gtm-custom-label=\"Contextuel\" data-gtm-event=\"customEventSPE\" data-fig-domain=\"LEFIGARO\" target=\"_blank\" rel=\"noopener\">Bielle-Biarrey<\/a>\u00a0et Couilloud (11 essais), Maqala est \u00e0 une longueur du meilleur marqueur du championnat, le Toulonnais Ga\u00ebl Dr\u00e9an. Maqala et Tuilagi &#8211; v\u00e9ritable satisfaction du dernier recrutement &#8211; forment sans doute l\u2019une si ce n\u2019est la meilleure paire de centres du championnat cette saison.<\/p>\n<p class=\"fig-body-link\">\n            \u00c0 lire aussi<br \/>\n        <a class=\"fig-body-link__link\" href=\"http:\/\/www.lefigaro.fr\/sports\/rugby\/top-14\/champion-olympique-chouchou-du-public-5-choses-a-savoir-sur-sireli-maqala-le-phenomene-fidjien-de-bayonne-20241018\" data-fig-type=\"NewsFlash\" data-gtm-custom-categorie=\"navigation\" data-gtm-custom-action=\"crossclick\" data-gtm-custom-label=\"Contextuel\" data-gtm-event=\"customEventSPE\" data-fig-domain=\"LEFIGARO\" target=\"_blank\" rel=\"noopener\">Champion olympique, chouchou du public&#8230; 5 choses \u00e0 savoir sur Sireli Maqala, le ph\u00e9nom\u00e8ne fidjien de Bayonne<br \/>\n    <\/a>\n<\/p>\n<p>Des joueurs m\u00e9connus mais diablement efficaces<\/p>\n<p class=\"fig-paragraph\">Si les plus avertis les connaissent, il faut bien reconna\u00eetre que beaucoup de Bayonnais brillent dans l\u2019ombre\u2026 Premier joueur \u00e0 citer, le pilier gauche Swan Cormenier, l\u2019un des joueurs les plus s\u00fbrs dans le secteur de la m\u00eal\u00e9e ferm\u00e9e cette saison. \u00c9patant depuis maintenant deux ou trois saisons, l\u2019ancien joueur d\u2019Albi est \u00e9galement tr\u00e8s mobile et d\u00e9fend bien. \u00c0 29 ans, le natif de Cognac est tout \u00e0 fait cr\u00e9dible \u00e0 une convocation pour la tourn\u00e9e d\u2019\u00e9t\u00e9 en Nouvelle-Z\u00e9lande. En attendant, il devra compenser la blessure de son pendant \u00e0 droite,\u00a0<a href=\"http:\/\/www.lefigaro.fr\/sports\/rugby\/xv-de-france\/tonga-perte-de-poids-homonyme-5-choses-a-savoir-sur-tevita-tatafu-nouvelle-attraction-du-xv-de-france-20241109\" data-fig-type=\"NewsFlash\" data-gtm-custom-categorie=\"navigation\" data-gtm-custom-action=\"crossclick\" data-gtm-custom-label=\"Contextuel\" data-gtm-event=\"customEventSPE\" data-fig-domain=\"LEFIGARO\" target=\"_blank\" rel=\"noopener\">Tevita Tatafu<\/a>. L\u2019Anglais Alex Moon (deuxi\u00e8me-ligne) a \u00e9galement bien compens\u00e9 la perte de Thomas Ceyte parti \u00e0 Clermont. Que dire des performances de l\u2019Argentin Rodrigo Bruni au poste de flanker\u00a0? Bless\u00e9 puis peu convaincant il revit cette saison et am\u00e8ne du dynamisme et de la puissance. Cette saison, d\u2019autres joueurs ont brill\u00e9, comme les troisi\u00e8me-lignes H\u00e9guy et Capilla, l\u2019ouvreur Segonds ou encore les jeunes Erbinartegaray, Martin et Spring. Recrutement malin et remarquable travail de formation.<\/p>\n<p>Public<\/p>\n<p class=\"fig-paragraph\">Si l\u2019Aviron Bayonnais est aussi solide \u00e0 domicile, c\u2019est aussi, et surtout, gr\u00e2ce \u00e0 son public. Il suffit d\u2019ailleurs de se rendre dans les trav\u00e9es de Dauger, de tenter de se garer les jours de match ou de prendre un verre au \u00abPetit Bayonne\u00bb un samedi ou un dimanche suivant le programme. Face \u00e0 Vannes le 17 mai dernier, le club basque a annonc\u00e9 avoir r\u00e9alis\u00e9 son 35e guichets ferm\u00e9s. Et comment ne pas citer la fameuse Pe\u00f1a Baiona. Des frissons \u00e0 chaque fois pour le public et les joueurs, transcend\u00e9s par cette ferveur populaire.<\/p>\n","protected":false},"excerpt":{"rendered":"L\u2019Aviron Bayonnais n\u2019est qu\u2019\u00e0 un point d\u2019une qualification historique pour les phases finales. Rendez-vous \u00e0 Castres ce samedi&hellip;\n","protected":false},"author":2,"featured_media":136586,"comment_status":"","ping_status":"","sticky":false,"template":"","format":"standard","meta":{"footnotes":""},"categories":[2],"tags":[11,4736,525,7336,4590,1981,2313,814,1011,27,26279,955,12,4589,2311,25,1980,479,2259,478,2310,2312],"class_list":{"0":"post-136585","1":"post","2":"type-post","3":"status-publish","4":"format-standard","5":"has-post-thumbnail","7":"category-actualites","8":"tag-actualites","9":"tag-aviron-bayonnais","10":"tag-calendrier","11":"tag-castres-olympique","12":"tag-championnat-france","13":"tag-classement","14":"tag-clermont","15":"tag-direct","16":"tag-fr","17":"tag-france","18":"tag-manu-tuilagi","19":"tag-match","20":"tag-news","21":"tag-phase-finale","22":"tag-racing","23":"tag-republique-francaise","24":"tag-resultats","25":"tag-rugby","26":"tag-score","27":"tag-top-14","28":"tag-toulon","29":"tag-toulouse"},"share_on_mastodon":{"url":"https:\/\/pubeurope.com\/@fr\/114590613804748989","error":""},"_links":{"self":[{"href":"https:\/\/www.europesays.com\/fr\/wp-json\/wp\/v2\/posts\/136585","targetHints":{"allow":["GET"]}}],"collection":[{"href":"https:\/\/www.europesays.com\/fr\/wp-json\/wp\/v2\/posts"}],"about":[{"href":"https:\/\/www.europesays.com\/fr\/wp-json\/wp\/v2\/types\/post"}],"author":[{"embeddable":true,"href":"https:\/\/www.europesays.com\/fr\/wp-json\/wp\/v2\/users\/2"}],"replies":[{"embeddable":true,"href":"https:\/\/www.europesays.com\/fr\/wp-json\/wp\/v2\/comments?post=136585"}],"version-history":[{"count":0,"href":"https:\/\/www.europesays.com\/fr\/wp-json\/wp\/v2\/posts\/136585\/revisions"}],"wp:featuredmedia":[{"embeddable":true,"href":"https:\/\/www.europesays.com\/fr\/wp-json\/wp\/v2\/media\/136586"}],"wp:attachment":[{"href":"https:\/\/www.europesays.com\/fr\/wp-json\/wp\/v2\/media?parent=136585"}],"wp:term":[{"taxonomy":"category","embeddable":true,"href":"https:\/\/www.europesays.com\/fr\/wp-json\/wp\/v2\/categories?post=136585"},{"taxonomy":"post_tag","embeddable":true,"href":"https:\/\/www.europesays.com\/fr\/wp-json\/wp\/v2\/tags?post=136585"}],"curies":[{"name":"wp","href":"https:\/\/api.w.org\/{rel}","templated":true}]}}