{"id":136614,"date":"2025-05-29T10:35:12","date_gmt":"2025-05-29T10:35:12","guid":{"rendered":"https:\/\/www.europesays.com\/fr\/136614\/"},"modified":"2025-05-29T10:35:12","modified_gmt":"2025-05-29T10:35:12","slug":"il-pense-que-son-mal-de-dos-est-du-a-lage-il-souffre-en-realite-dun-cancer-rare-du-sang","status":"publish","type":"post","link":"https:\/\/www.europesays.com\/fr\/136614\/","title":{"rendered":"Il pense que son mal de dos est d\u00fb \u00e0 l\u2019\u00e2ge, il souffre en r\u00e9alit\u00e9 d\u2019un cancer rare du sang"},"content":{"rendered":"<p>Il a cru \u00e0 des signes de vieillissement. Blair Harrisson, 53 ans, menait une vie normale en Nouvelle-Z\u00e9lande quand il a commenc\u00e9 \u00e0 ressentir, au printemps 2024, certaines douleurs au dos, une importante fatigue et une sensation de g\u00eane. \u00c0 cause de ces sympt\u00f4mes, il est contraint d&rsquo;arr\u00eater le jogging, comme le raconte <a data-i13n=\"cpos:1;pos:1\" href=\"https:\/\/www.sunlive.co.nz\/news\/366529-father-diagnosed-with-cancer-after-bad-back-pain.html\" rel=\"nofollow noopener\" target=\"_blank\" data-ylk=\"slk:le site internet Sun Live;cpos:1;pos:1;elm:context_link;itc:0;sec:content-canvas\" class=\"link \">le site internet Sun Live<\/a>. Toutefois, le p\u00e8re de famille met ses d\u00e9sagr\u00e9ments sur le compte des ann\u00e9es qui passent.<\/p>\n<p><strong>LIRE AUSSI &gt;&gt;<\/strong> <a data-i13n=\"cpos:2;pos:1\" href=\"https:\/\/fr.news.yahoo.com\/tout-le-monde-etait-sous-le-choc-son-mal-de-dos-etait-en-realite-le-signe-dun-cancer-rare-et-mortel-111722843.html\" data-ylk=\"slk:&quot;Tout le monde \u00e9tait sous le choc&quot; : son mal de dos \u00e9tait en r\u00e9alit\u00e9 le signe d&#039;un cancer rare et mortel;cpos:2;pos:1;elm:context_link;itc:0;sec:content-canvas;outcm:mb_qualified_link;_E:mb_qualified_link;ct:story;\" class=\"link  yahoo-link\" target=\"_blank\" rel=\"noopener\">\u00ab\u00a0Tout le monde \u00e9tait sous le choc\u00a0\u00bb : son mal de dos \u00e9tait en r\u00e9alit\u00e9 le signe d&rsquo;un cancer rare et mortel<\/a><\/p>\n<p>Son m\u00e9decin g\u00e9n\u00e9raliste lui prescrit des m\u00e9dicaments pour lutter contre la douleur mais il continue de souffrir. Le p\u00e8re de famille poursuit une vie normale jusqu&rsquo;\u00e0 ce qu&rsquo;il d\u00e9couvre la v\u00e9ritable cause de ses sympt\u00f4mes. Des analyses sanguines montrent que ses reins \u00e9taient sur le point de l\u00e2cher. Des examens d\u00e9voilent que la douleur provient de fractures dans le bas de son dos caus\u00e9es par un my\u00e9lome multiple, un type de cancer du sang.<\/p>\n<p>Chaque ann\u00e9e, le my\u00e9lome multiple touche plus de 6 000 nouveaux patients en France. \u00ab\u00a0En 2023, on estime \u00e0 6 487 le nombre de nouveaux cas de my\u00e9lome multiple par an en France, dont 55 % chez l\u2019homme. Cela repr\u00e9sente environ 2 % de l\u2019ensemble des cancers. Le pic d\u2019incidence se situe autour de 72 ans chez l\u2019homme et 74 ans chez la femme\u00a0\u00bb, rapporte <a data-i13n=\"cpos:3;pos:1\" href=\"https:\/\/www.fondation-arc.org\/cancer\/myelomes-multiples\/quest-ce-quun-myelome\" rel=\"nofollow noopener\" target=\"_blank\" data-ylk=\"slk:la Fondation pour la recherche sur le cancer;cpos:3;pos:1;elm:context_link;itc:0;sec:content-canvas\" class=\"link \">la Fondation pour la recherche sur le cancer<\/a>. Comme l&rsquo;explique le site internet, il s&rsquo;agit d&rsquo;une maladie de la moelle osseuse caus\u00e9e par l\u2019accumulation anormale d\u2019un type de globules blancs, les plasmocytes.<\/p>\n<p>Chimioth\u00e9rapie et immunoth\u00e9rapie<\/p>\n<p>Blair Harrisson comprend rapidement que ses fractures sont li\u00e9es \u00e0 l\u2019accumulation de cellules canc\u00e9reuses et \u00e0 l\u2019affaiblissement de ses os. Il avait initialement trois fractures aux vert\u00e8bres lombaires mais il en a maintenant cinq. Le p\u00e8re de famille mesure m\u00eame 5 centim\u00e8tres de moins \u00e0 cause de la courbure de sa colonne vert\u00e9brale.<\/p>\n<p><strong>LIRE AUSSI &gt;&gt; <\/strong><a data-i13n=\"cpos:4;pos:1\" href=\"https:\/\/fr.news.yahoo.com\/elle-pensait-souffrir-danxiete-chatgpt-identifie-son-cancer-du-sang-un-an-avant-le-diagnostic-des-medecins-105609871.html\" data-ylk=\"slk:Elle pensait souffrir d&#039;anxi\u00e9t\u00e9, ChatGPT identifie son cancer du sang un an avant le diagnostic des m\u00e9decins;cpos:4;pos:1;elm:context_link;itc:0;sec:content-canvas;outcm:mb_qualified_link;_E:mb_qualified_link;ct:story;\" class=\"link  yahoo-link\" target=\"_blank\" rel=\"noopener\">Elle pensait souffrir d&rsquo;anxi\u00e9t\u00e9, ChatGPT identifie son cancer du sang un an avant le diagnostic des m\u00e9decins<\/a><\/p>\n<p>Apr\u00e8s le diagnostic, le patient d\u00e9bute rapidement une chimioth\u00e9rapie et prend un traitement d&rsquo;immunoth\u00e9rapie. Il subit aussi une greffe de cellules souches. Aujourd&rsquo;hui, il est en r\u00e9mission partielle et a pu reprendre une activit\u00e9 professionnelle \u00e0 temps plein.<\/p>\n","protected":false},"excerpt":{"rendered":"Il a cru \u00e0 des signes de vieillissement. Blair Harrisson, 53 ans, menait une vie normale en Nouvelle-Z\u00e9lande&hellip;\n","protected":false},"author":2,"featured_media":136615,"comment_status":"","ping_status":"","sticky":false,"template":"","format":"standard","meta":{"footnotes":""},"categories":[10],"tags":[21916,1011,27,26298,72,26297,26296,20830,71],"class_list":{"0":"post-136614","1":"post","2":"type-post","3":"status-publish","4":"format-standard","5":"has-post-thumbnail","7":"category-sante","8":"tag-cancer-du-sang","9":"tag-fr","10":"tag-france","11":"tag-greffe-de-cellules-souches","12":"tag-health","13":"tag-mal-de-dos","14":"tag-maladie-de-la-moelle-osseuse","15":"tag-myelome-multiple","16":"tag-sante"},"share_on_mastodon":{"url":"https:\/\/pubeurope.com\/@fr\/114590680594981806","error":""},"_links":{"self":[{"href":"https:\/\/www.europesays.com\/fr\/wp-json\/wp\/v2\/posts\/136614","targetHints":{"allow":["GET"]}}],"collection":[{"href":"https:\/\/www.europesays.com\/fr\/wp-json\/wp\/v2\/posts"}],"about":[{"href":"https:\/\/www.europesays.com\/fr\/wp-json\/wp\/v2\/types\/post"}],"author":[{"embeddable":true,"href":"https:\/\/www.europesays.com\/fr\/wp-json\/wp\/v2\/users\/2"}],"replies":[{"embeddable":true,"href":"https:\/\/www.europesays.com\/fr\/wp-json\/wp\/v2\/comments?post=136614"}],"version-history":[{"count":0,"href":"https:\/\/www.europesays.com\/fr\/wp-json\/wp\/v2\/posts\/136614\/revisions"}],"wp:featuredmedia":[{"embeddable":true,"href":"https:\/\/www.europesays.com\/fr\/wp-json\/wp\/v2\/media\/136615"}],"wp:attachment":[{"href":"https:\/\/www.europesays.com\/fr\/wp-json\/wp\/v2\/media?parent=136614"}],"wp:term":[{"taxonomy":"category","embeddable":true,"href":"https:\/\/www.europesays.com\/fr\/wp-json\/wp\/v2\/categories?post=136614"},{"taxonomy":"post_tag","embeddable":true,"href":"https:\/\/www.europesays.com\/fr\/wp-json\/wp\/v2\/tags?post=136614"}],"curies":[{"name":"wp","href":"https:\/\/api.w.org\/{rel}","templated":true}]}}