{"id":136626,"date":"2025-05-29T10:41:09","date_gmt":"2025-05-29T10:41:09","guid":{"rendered":"https:\/\/www.europesays.com\/fr\/136626\/"},"modified":"2025-05-29T10:41:09","modified_gmt":"2025-05-29T10:41:09","slug":"eva-son-forget-vide-le-minibar-et-vole-des-robes-lincroyable-intrusion-de-lex-deputee-dans-un-bureau-a-lassemblee","status":"publish","type":"post","link":"https:\/\/www.europesays.com\/fr\/136626\/","title":{"rendered":"Eva Son-Forget vide le minibar et vole des robes, l\u2019incroyable intrusion de l\u2019ex-d\u00e9put\u00e9e dans un bureau \u00e0 l\u2019Assembl\u00e9e"},"content":{"rendered":"<p>        <img decoding=\"async\" loading=\"lazy\" src=\"https:\/\/www.europesays.com\/fr\/wp-content\/uploads\/2025\/05\/8e69764_sirius-fs-upload-1-jgc5ogb2gqzp-1737108130669-000-36ua4mu.jpg\"  width=\"728\" height=\"410\" alt=\"Photo de l\u2019h\u00e9micycle de l\u2019Assembl\u00e9e nationale prise en janvier\u00a02025\u00a0(illustration)\"\/>  <\/p>\n<p>THIBAUD MORITZ \/ AFP<\/p>\n<p>Photo de l\u2019h\u00e9micycle de l\u2019Assembl\u00e9e nationale prise en janvier\u00a02025\u00a0(illustration)<\/p>\n<p class=\"asset asset-text\">POLITIQUE &#8211; Une histoire pour le moins rocambolesque racont\u00e9e par nos confr\u00e8res de Lib\u00e9ration. <a href=\"https:\/\/www.huffingtonpost.fr\/politique\/article\/le-virage-trash-de-joachim-son-forget-le-depute-qui-a-relaye-la-video-de-griveaux_159726.html\" rel=\"nofollow noopener\" target=\"_blank\">L\u2019ancienne d\u00e9put\u00e9e<\/a> La R\u00e9publique en Marche <a href=\"https:\/\/www.huffingtonpost.fr\/people\/article\/l-ex-elue-eva-son-forget-annonce-sa-transition-de-genre_242406.html\" rel=\"nofollow noopener\" target=\"_blank\">Eva Son-Forget<\/a> s\u2019est introduite dans le plus grand secret, dimanche 25\u00a0mai, dans les appartements de la d\u00e9put\u00e9e RN Manon Bouquin. Plus pr\u00e9cis\u00e9ment, il s\u2019agit d\u2019une chambre-bureau situ\u00e9e rue de l\u2019Universit\u00e9, \u00e0 Paris, en face de <a href=\"https:\/\/www.huffingtonpost.fr\/politique\/article\/aux-legislatives-joachim-son-forget-elimine-des-le-premier-tour_196720.html\" rel=\"nofollow noopener\" target=\"_blank\">l\u2019Assembl\u00e9e nationale<\/a>, auquel appartient l\u2019immeuble.<\/p>\n<p class=\"asset asset-text\">Eva Son-Forget serait rest\u00e9e pr\u00e8s de deux heures dans la pi\u00e8ce, consommant des produits se trouvant dans le minibar, dont des alcools, jus de fruits et bouteilles d\u2019eau. Avant de partir, elle a emport\u00e9 deux robes et une veste laiss\u00e9es l\u00e0 par la d\u00e9put\u00e9e de l\u2019H\u00e9rault.<\/p>\n<p class=\"asset asset-text\">L\u2019intruse a pu, selon <a href=\"https:\/\/www.liberation.fr\/politique\/elections\/lancienne-deputee-son-forget-sintroduit-dans-un-bureau-de-lassemblee-vide-le-minibar-et-vole-des-robes-20250528_4KVQX7QST5BJVNCKTKQROFNWPE\/\" target=\"_blank\" rel=\"noopener nofollow\" title=\"Nouvelle fen\u00eatre\">Lib\u00e9ration<\/a>, p\u00e9n\u00e9trer dans ce b\u00e2timent gr\u00e2ce \u00e0 son badge visiblement conserv\u00e9 depuis son mandat de 2017. Elle aurait ensuite pris les cl\u00e9s de la chambre de Manon Bouquin, laiss\u00e9es \u00e0 l\u2019accueil o\u00f9 personne ne se trouvait, selon des informations par ailleurs confirm\u00e9es par Le Figaro.<\/p>\n<p class=\"asset asset-text\">L\u2019\u00e9lue RN a de son c\u00f4t\u00e9 confirm\u00e9 avoir \u00e9t\u00e9 inform\u00e9e de cette intrusion mercredi. Un de ses collaborateurs aurait par ailleurs vu des membres du service de s\u00e9curit\u00e9 de l\u2019Assembl\u00e9e \u00ab\u00a0courser\u00a0\u00bb Eva Son-Forget lundi matin. Une plainte a \u00e9t\u00e9 d\u00e9pos\u00e9e.<\/p>\n<p class=\"asset asset-text\">La carri\u00e8re politique de cette derni\u00e8re \u2013 \u00e9lue sous l\u2019\u00e9tiquette de La R\u00e9publique en marche avant sa transition de genre \u2013 a \u00e9t\u00e9 \u00e9maill\u00e9e de plusieurs pol\u00e9miques. Au printemps dernier, elle avait \u00e9t\u00e9 interpell\u00e9e en France apr\u00e8s un refus d\u2019obtemp\u00e9rer sous l\u2019empire de stup\u00e9fiants.\u00a0En 2022, la d\u00e9put\u00e9e avait quitt\u00e9 le bloc central pour soutenir \u00c9ric Zemmour \u00e0 la pr\u00e9sidentielle et se pr\u00e9senter aux l\u00e9gislatives sous l\u2019\u00e9tiquette Reconqu\u00eate.<\/p>\n<p class=\"asset asset-text\">Son premier mandat en 2017\u00a0avait \u00e9t\u00e9 marqu\u00e9 par des joutes verbales sur Twitter, un\u00a0<a href=\"https:\/\/www.youtube.com\/watch?v=wBfhujpow9M\" target=\"_blank\" rel=\"noopener nofollow\" title=\"Nouvelle fen\u00eatre\">featuring dispensable<\/a>\u00a0avec Doc Gyn\u00e9co ou encore la simulation\u00a0<a href=\"https:\/\/lesfrancais.press\/joachim-son-forget-le-depute-des-francais-de-suisse-suspendu-de-twitter\/\" target=\"_blank\" rel=\"noopener nofollow\" title=\"Nouvelle fen\u00eatre\">d\u2019une prise de drogue sur les r\u00e9seaux sociaux<\/a>.<\/p>\n","protected":false},"excerpt":{"rendered":"THIBAUD MORITZ \/ AFP Photo de l\u2019h\u00e9micycle de l\u2019Assembl\u00e9e nationale prise en janvier\u00a02025\u00a0(illustration) POLITIQUE &#8211; Une histoire pour&hellip;\n","protected":false},"author":2,"featured_media":136627,"comment_status":"","ping_status":"","sticky":false,"template":"","format":"standard","meta":{"footnotes":""},"categories":[4],"tags":[11,416,1011,27,26299,12,316,25],"class_list":{"0":"post-136626","1":"post","2":"type-post","3":"status-publish","4":"format-standard","5":"has-post-thumbnail","7":"category-france","8":"tag-actualites","9":"tag-assemblee-nationale","10":"tag-fr","11":"tag-france","12":"tag-joachim-son-forget","13":"tag-news","14":"tag-politique","15":"tag-republique-francaise"},"share_on_mastodon":{"url":"https:\/\/pubeurope.com\/@fr\/114590704292327553","error":""},"_links":{"self":[{"href":"https:\/\/www.europesays.com\/fr\/wp-json\/wp\/v2\/posts\/136626","targetHints":{"allow":["GET"]}}],"collection":[{"href":"https:\/\/www.europesays.com\/fr\/wp-json\/wp\/v2\/posts"}],"about":[{"href":"https:\/\/www.europesays.com\/fr\/wp-json\/wp\/v2\/types\/post"}],"author":[{"embeddable":true,"href":"https:\/\/www.europesays.com\/fr\/wp-json\/wp\/v2\/users\/2"}],"replies":[{"embeddable":true,"href":"https:\/\/www.europesays.com\/fr\/wp-json\/wp\/v2\/comments?post=136626"}],"version-history":[{"count":0,"href":"https:\/\/www.europesays.com\/fr\/wp-json\/wp\/v2\/posts\/136626\/revisions"}],"wp:featuredmedia":[{"embeddable":true,"href":"https:\/\/www.europesays.com\/fr\/wp-json\/wp\/v2\/media\/136627"}],"wp:attachment":[{"href":"https:\/\/www.europesays.com\/fr\/wp-json\/wp\/v2\/media?parent=136626"}],"wp:term":[{"taxonomy":"category","embeddable":true,"href":"https:\/\/www.europesays.com\/fr\/wp-json\/wp\/v2\/categories?post=136626"},{"taxonomy":"post_tag","embeddable":true,"href":"https:\/\/www.europesays.com\/fr\/wp-json\/wp\/v2\/tags?post=136626"}],"curies":[{"name":"wp","href":"https:\/\/api.w.org\/{rel}","templated":true}]}}