{"id":136628,"date":"2025-05-29T10:42:12","date_gmt":"2025-05-29T10:42:12","guid":{"rendered":"https:\/\/www.europesays.com\/fr\/136628\/"},"modified":"2025-05-29T10:42:12","modified_gmt":"2025-05-29T10:42:12","slug":"sous-emprise-de-stupefiants-la-conductrice-dun-camion-benne-aurait-deliberement-ecrase-une-femme-de-43-ans","status":"publish","type":"post","link":"https:\/\/www.europesays.com\/fr\/136628\/","title":{"rendered":"Sous emprise de stup\u00e9fiants, la conductrice d\u2019un camion-benne aurait d\u00e9lib\u00e9r\u00e9ment \u00e9cras\u00e9 une femme de 43 ans"},"content":{"rendered":"<p>Elle aurait d\u00e9lib\u00e9r\u00e9ment <a href=\"https:\/\/www.20minutes.fr\/faits_divers\/4155698-20250527-oise-automobiliste-meurt-percutee-apres-differend-routier-enquete-meurtre-ouverte\" class=\"color-ultramarine c-link\" rel=\"nofollow noopener\" target=\"_blank\">\u00e9cras\u00e9 une automobiliste apr\u00e8s une altercation<\/a>. Une conductrice d\u2019un camion-benne de 32 ans a \u00e9t\u00e9 mise en examen pour <a href=\"https:\/\/www.20minutes.fr\/dossier\/meurtre\" class=\"color-ultramarine c-link\" rel=\"nofollow noopener\" target=\"_blank\">meurtre<\/a> sous emprise de <a href=\"https:\/\/www.20minutes.fr\/dossier\/stupefiant\" class=\"color-ultramarine c-link\" rel=\"nofollow noopener\" target=\"_blank\">stup\u00e9fiants<\/a> et plac\u00e9e sous contr\u00f4le judiciaire, a annonc\u00e9 mercredi soir le parquet de Senlis.<\/p>\n<p>\u00ab\u00a0Lors de sa garde \u00e0 vue, puis devant le juge d\u2019instruction, elle a contest\u00e9 toute intention homicide\u00a0\u00bb, ajoute le parquet. Pr\u00e9sent\u00e9e dans la soir\u00e9e au juge des libert\u00e9s et de la d\u00e9tention de Senlis, elle a \u00e9t\u00e9 plac\u00e9e sous contr\u00f4le judiciaire, indique le parquet, qui avait \u00ab\u00a0demand\u00e9 son placement en d\u00e9tention provisoire\u00a0\u00bb et \u00ab\u00a0va faire appel de cette d\u00e9cision\u00a0\u00bb.<\/p>\n<p>Elle l\u2019aurait percut\u00e9e pour \u00ab\u00a0semble-t-il l\u2019emp\u00eacher de quitter les lieux\u00a0\u00bb<\/p>\n<p>La conductrice avait \u00e9t\u00e9 interpell\u00e9e lundi peu apr\u00e8s le d\u00e9c\u00e8s d\u2019une femme de 43 ans, retrouv\u00e9e morte vers 11\u00a0heures sur la chauss\u00e9e d\u2019un \u00e9changeur routier \u00e0 Venette (Oise), pr\u00e8s de Compi\u00e8gne, par les pompiers et la police alert\u00e9s par des t\u00e9moins.<\/p>\n<p>Juste avant les faits, une altercation aurait oppos\u00e9 les deux femmes et la victime serait sortie de sa <a href=\"https:\/\/www.20minutes.fr\/dossier\/voiture\" class=\"color-ultramarine c-link\" rel=\"nofollow noopener\" target=\"_blank\">voiture<\/a>. La conductrice du <a href=\"https:\/\/www.20minutes.fr\/dossier\/poids_lourd\" class=\"color-ultramarine c-link\" rel=\"nofollow noopener\" target=\"_blank\">poids lourd<\/a> l\u2019aurait percut\u00e9e alors qu\u2019elle se trouvait \u00e0 pied devant la cabine de son camion pour \u00ab\u00a0semble-t-il l\u2019emp\u00eacher de quitter les lieux\u00a0\u00bb, avait alors indiqu\u00e9 le parquet de <a href=\"https:\/\/www.20minutes.fr\/dossier\/compiegne\" class=\"color-ultramarine c-link\" rel=\"nofollow noopener\" target=\"_blank\">Compi\u00e8gne<\/a>.<\/p>\n<p>La camionneuse avait pris la fuite avant l\u2019arriv\u00e9e des forces de l\u2019ordre, mais elle avait \u00e9t\u00e9 rapidement interpell\u00e9e et plac\u00e9e lundi en garde \u00e0 vue pour \u00ab\u00a0meurtre\u00a0\u00bb. Le parquet de Compi\u00e8gne s\u2019est dessaisi de l\u2019affaire, confi\u00e9e au p\u00f4le criminel de Senlis.<\/p>\n","protected":false},"excerpt":{"rendered":"Elle aurait d\u00e9lib\u00e9r\u00e9ment \u00e9cras\u00e9 une automobiliste apr\u00e8s une altercation. Une conductrice d\u2019un camion-benne de 32 ans a \u00e9t\u00e9&hellip;\n","protected":false},"author":2,"featured_media":136629,"comment_status":"","ping_status":"","sticky":false,"template":"","format":"standard","meta":{"footnotes":""},"categories":[2],"tags":[47,11,26300,1011,27,811,2683,12,1940,812,10635,104,4377,4752],"class_list":{"0":"post-136628","1":"post","2":"type-post","3":"status-publish","4":"format-standard","5":"has-post-thumbnail","7":"category-actualites","8":"tag-actualite","9":"tag-actualites","10":"tag-compiegne","11":"tag-fr","12":"tag-france","13":"tag-hauts-de-france","14":"tag-homicide","15":"tag-news","16":"tag-oise","17":"tag-picardie","18":"tag-poids-lourd","19":"tag-societe","20":"tag-stupefiant","21":"tag-voiture"},"share_on_mastodon":{"url":"https:\/\/pubeurope.com\/@fr\/114590708092287439","error":""},"_links":{"self":[{"href":"https:\/\/www.europesays.com\/fr\/wp-json\/wp\/v2\/posts\/136628","targetHints":{"allow":["GET"]}}],"collection":[{"href":"https:\/\/www.europesays.com\/fr\/wp-json\/wp\/v2\/posts"}],"about":[{"href":"https:\/\/www.europesays.com\/fr\/wp-json\/wp\/v2\/types\/post"}],"author":[{"embeddable":true,"href":"https:\/\/www.europesays.com\/fr\/wp-json\/wp\/v2\/users\/2"}],"replies":[{"embeddable":true,"href":"https:\/\/www.europesays.com\/fr\/wp-json\/wp\/v2\/comments?post=136628"}],"version-history":[{"count":0,"href":"https:\/\/www.europesays.com\/fr\/wp-json\/wp\/v2\/posts\/136628\/revisions"}],"wp:featuredmedia":[{"embeddable":true,"href":"https:\/\/www.europesays.com\/fr\/wp-json\/wp\/v2\/media\/136629"}],"wp:attachment":[{"href":"https:\/\/www.europesays.com\/fr\/wp-json\/wp\/v2\/media?parent=136628"}],"wp:term":[{"taxonomy":"category","embeddable":true,"href":"https:\/\/www.europesays.com\/fr\/wp-json\/wp\/v2\/categories?post=136628"},{"taxonomy":"post_tag","embeddable":true,"href":"https:\/\/www.europesays.com\/fr\/wp-json\/wp\/v2\/tags?post=136628"}],"curies":[{"name":"wp","href":"https:\/\/api.w.org\/{rel}","templated":true}]}}