{"id":136651,"date":"2025-05-29T10:58:15","date_gmt":"2025-05-29T10:58:15","guid":{"rendered":"https:\/\/www.europesays.com\/fr\/136651\/"},"modified":"2025-05-29T10:58:15","modified_gmt":"2025-05-29T10:58:15","slug":"voici-le-detail-des-perturbations-cts-jusqua-fin-aout","status":"publish","type":"post","link":"https:\/\/www.europesays.com\/fr\/136651\/","title":{"rendered":"voici le d\u00e9tail des perturbations CTS jusqu&rsquo;\u00e0 fin ao\u00fbt"},"content":{"rendered":"<p>            Par<br \/>\n        <strong><br \/>\n            <a href=\"https:\/\/actu.fr\/auteur\/ivan-capecchi\" title=\"Consulter tous les articles de Ivan CAPECCHI\" target=\"_blank\" rel=\"noopener\">Ivan CAPECCHI<\/a><br \/>\n        <\/strong><\/p>\n<p>        Publi\u00e9 le<\/p>\n<p>            29 mai 2025 \u00e0 12h11        <\/p>\n<p>\u00c0 partir du <strong>2 juin 2025<\/strong>, plusieurs lignes de bus de la <a href=\"https:\/\/actu.fr\/tag\/compagnie-des-transports-strasbourgeois-cts\" target=\"_blank\" rel=\"noopener\">CTS<\/a> vont conna\u00eetre des modifications dans le <a href=\"https:\/\/actu.fr\/grand-est\/strasbourg_67482\/strasbourg-le-secteur-des-halles-va-etre-transfigure-ce-qu-il-faut-retenir-de-ce-gros-chantier_60342710.html\" target=\"_blank\" rel=\"noopener\">quartier des Halles \u00e0 Strasbourg<\/a>.<\/p>\n<p class=\" wall-content\">En cause : la progression des <a href=\"https:\/\/actu.fr\/tag\/travaux\" target=\"_blank\" rel=\"noopener\">travaux<\/a> de r\u00e9am\u00e9nagement dans ce secteur.<\/p>\n<p class=\" wall-content\"><strong>Deux phases de perturbations<\/strong> sont pr\u00e9vues jusqu\u2019\u00e0 la fin de l\u2019\u00e9t\u00e9.<\/p>\n<p>Travaux dans le secteur des Halles : les perturbations CTS pr\u00e9vues<\/p>\n<p class=\" wall-content\">La premi\u00e8re phase doit s\u2019\u00e9taler <strong>du 2 juin 2025 au 13 juin 2025 inclus<\/strong> et implique la <strong>fermeture de la rue du Marais Vert<\/strong>. Voici le d\u00e9tail des perturbations :<\/p>\n<p>    <img   decoding=\"async\" loading=\"lazy\" src=\"https:\/\/www.europesays.com\/fr\/wp-content\/uploads\/2025\/05\/perturbations-cts-gare-960x640.jpg\" alt=\"Le d\u00e9tail des perturbations entre le 2 juin et le 13 juin.\" width=\"960\" height=\"640\"\/><br \/>\n    Le d\u00e9tail des perturbations entre le 2 juin et le 13 juin. (\u00a9CTS)Vid\u00e9os : en ce moment sur Actu<\/p>\n<p class=\" wall-content\"><strong>Du 14 juin au 31 ao\u00fbt<\/strong> maintenant, la CTS pr\u00e9voit un \u00ab\u00a0<strong>retour aux itin\u00e9raires en vigueur depuis le 13 janvier 2025<\/strong>\u00a0\u00bb :<\/p>\n<p>    <img   decoding=\"async\" loading=\"lazy\" src=\"https:\/\/www.europesays.com\/fr\/wp-content\/uploads\/2025\/05\/perturbations-cts-halles-960x640.jpg\" alt=\"Ce qui sera en vigueur du 14 juin au 31 ao\u00fbt 2025.\" width=\"960\" height=\"640\"\/><br \/>\n    Ce qui sera en vigueur du 14 juin au 31 ao\u00fbt 2025. (\u00a9CTS)Plus d\u2019infos sur le site de la CTS<\/p>\n<p class=\" wall-content\">Pour aider les usagers \u00e0 s\u2019adapter, la CTS met en place un dispositif d\u2019information renforc\u00e9, avec <strong>alertes personnalisables sur son site<\/strong> et son <strong>application mobile<\/strong>. Des affichages seront aussi pr\u00e9sents aux arr\u00eats concern\u00e9s.<\/p>\n<p class=\" wall-content\">Plus d\u2019infos sur <a href=\"https:\/\/www.cts-strasbourg.eu\/fr\/\" target=\"_blank\" rel=\"noopener\">www.cts-strasbourg.eu<\/a> ou via le service Allo CTS au 03 88 77 70 70.<\/p>\n<p class=\" wall-content\">Suivez toute l\u2019actualit\u00e9 de vos villes et m\u00e9dias favoris en vous inscrivant \u00e0 <a href=\"https:\/\/moncompte.actu.fr\" title=\"D\u00e9couvez Mon Actu\" rel=\"nofollow noopener\" data-trk=\"{&quot;cta&quot;:{&quot;action&quot;:&quot;https:\\\/\\\/moncompte.actu.fr&quot;,&quot;category&quot;:&quot;mon compte&quot;,&quot;from&quot;:&quot;article footer&quot;,&quot;name&quot;:&quot;Mon actu&quot;,&quot;type&quot;:&quot;cta&quot;}}\" target=\"_blank\">Mon Actu<\/a>.<\/p>\n<ul class=\"ac-article-tag wall-content\">\n<li><a href=\"https:\/\/actu.fr\/tag\/compagnie-des-transports-strasbourgeois-cts\" data-trk=\"{&quot;cta&quot;:{&quot;action&quot;:&quot;Compagnie des transports strasbourgeois (CTS)&quot;,&quot;category&quot;:&quot;tag&quot;,&quot;from&quot;:&quot;article footer&quot;,&quot;name&quot;:&quot;Compagnie des transports strasbourgeois (CTS)&quot;,&quot;type&quot;:&quot;cta&quot;}}\" target=\"_blank\" rel=\"noopener\">#Compagnie des transports strasbourgeois (CTS)<\/a><\/li>\n<li><a href=\"https:\/\/actu.fr\/tag\/travaux\" data-trk=\"{&quot;cta&quot;:{&quot;action&quot;:&quot;Travaux&quot;,&quot;category&quot;:&quot;tag&quot;,&quot;from&quot;:&quot;article footer&quot;,&quot;name&quot;:&quot;Travaux&quot;,&quot;type&quot;:&quot;cta&quot;}}\" target=\"_blank\" rel=\"noopener\">#Travaux<\/a><\/li>\n<\/ul>\n","protected":false},"excerpt":{"rendered":"Par Ivan CAPECCHI Publi\u00e9 le 29 mai 2025 \u00e0 12h11 \u00c0 partir du 2 juin 2025, plusieurs lignes&hellip;\n","protected":false},"author":2,"featured_media":136652,"comment_status":"","ping_status":"","sticky":false,"template":"","format":"standard","meta":{"footnotes":""},"categories":[2820],"tags":[1111,11,7344,1777,674,1011,27,775,12,25,104,640,2086],"class_list":{"0":"post-136651","1":"post","2":"type-post","3":"status-publish","4":"format-standard","5":"has-post-thumbnail","7":"category-strasbourg","8":"tag-actu","9":"tag-actualites","10":"tag-compagnie-des-transports-strasbourgeois-cts","11":"tag-eu","12":"tag-europe","13":"tag-fr","14":"tag-france","15":"tag-grand-est","16":"tag-news","17":"tag-republique-francaise","18":"tag-societe","19":"tag-strasbourg","20":"tag-travaux"},"share_on_mastodon":{"url":"https:\/\/pubeurope.com\/@fr\/114590771243905865","error":""},"_links":{"self":[{"href":"https:\/\/www.europesays.com\/fr\/wp-json\/wp\/v2\/posts\/136651","targetHints":{"allow":["GET"]}}],"collection":[{"href":"https:\/\/www.europesays.com\/fr\/wp-json\/wp\/v2\/posts"}],"about":[{"href":"https:\/\/www.europesays.com\/fr\/wp-json\/wp\/v2\/types\/post"}],"author":[{"embeddable":true,"href":"https:\/\/www.europesays.com\/fr\/wp-json\/wp\/v2\/users\/2"}],"replies":[{"embeddable":true,"href":"https:\/\/www.europesays.com\/fr\/wp-json\/wp\/v2\/comments?post=136651"}],"version-history":[{"count":0,"href":"https:\/\/www.europesays.com\/fr\/wp-json\/wp\/v2\/posts\/136651\/revisions"}],"wp:featuredmedia":[{"embeddable":true,"href":"https:\/\/www.europesays.com\/fr\/wp-json\/wp\/v2\/media\/136652"}],"wp:attachment":[{"href":"https:\/\/www.europesays.com\/fr\/wp-json\/wp\/v2\/media?parent=136651"}],"wp:term":[{"taxonomy":"category","embeddable":true,"href":"https:\/\/www.europesays.com\/fr\/wp-json\/wp\/v2\/categories?post=136651"},{"taxonomy":"post_tag","embeddable":true,"href":"https:\/\/www.europesays.com\/fr\/wp-json\/wp\/v2\/tags?post=136651"}],"curies":[{"name":"wp","href":"https:\/\/api.w.org\/{rel}","templated":true}]}}