{"id":136659,"date":"2025-05-29T11:02:34","date_gmt":"2025-05-29T11:02:34","guid":{"rendered":"https:\/\/www.europesays.com\/fr\/136659\/"},"modified":"2025-05-29T11:02:34","modified_gmt":"2025-05-29T11:02:34","slug":"une-passerelle-cyclable-sur-la-loire-reliant-malakoff-aux-pas-enchantes-saint-sebastien-insiste","status":"publish","type":"post","link":"https:\/\/www.europesays.com\/fr\/136659\/","title":{"rendered":"Une passerelle cyclable sur la Loire reliant Malakoff aux Pas-Enchant\u00e9s\u00a0? Saint-S\u00e9bastien insiste"},"content":{"rendered":"<p>Pour les habitants de Saint-S\u00e9bastien-sur-Loire (Loire-Atlantique), ce serait une petite r\u00e9volution. Imaginez une passerelle pi\u00e9tonne, et surtout cyclable, qui prendrait appui sur l\u2019actuel pont de Vend\u00e9e. Con\u00e7ue en 1866, cette structure strictement ferroviaire est <a href=\"https:\/\/nantes.maville.com\/actu\/actudet_-connaissez-vous-les-secrets-des-ponts-de-nantes-sur-la-loire-_8-6296630_actu.Htm\" target=\"_self\" rel=\"noopener\">la seule qui enjambe les deux bras de la Loire sur pr\u00e8s de six cents m\u00e8tres<\/a>, reliant le quartier Malakoff, \u00e0 l\u2019est de Nantes, et le boulevard des Pas-Enchant\u00e9s, \u00e0 Saint-S\u00e9bastien, en prenant appui \u00e0 l\u2019extr\u00e9mit\u00e9 Est de l\u2019\u00eele de Nantes (du c\u00f4t\u00e9 du parc Crapa), puis sur l\u2019\u00eele Forget.<\/p>\n<p><strong>Lire aussi\u00a0: <\/strong> <a href=\"https:\/\/nantes.maville.com\/actu\/actudet_-a-nantes-le-pont-anne-de-bretagne-pile-dans-les-temps-pour-recevoir-sa-charpente-de-2-000-tonnes-_8-6822953_actu.Htm\" target=\"_self\" rel=\"noopener\">\u00c0 Nantes, le pont Anne-de-Bretagne pile dans les temps pour recevoir sa charpente de 2\u00a0000\u00a0tonnes<\/a><\/p>\n<p>Selon la mairie de Saint-S\u00e9bastien-sur-Loire, le projet est bien <strong>\u00ab\u00a0inscrit dans le programme \u00c9toile verte\u00a0<strong>\u00bb<\/strong> <\/strong> <strong>, <\/strong>vaste plan d\u2019actions <a href=\"https:\/\/nantes.maville.com\/info\/info-locale\/letoile-verte-connecte-les-habitants-a-la-nature-dans-les-vingt-quatre-communes-de-nantes-metropole-640b81dc-0e3c-11f0-ab9e-ddf89dc6d8e3#:~:text=C&#039;est%2520un%2520r%25C3%25A9seau%2520en,de%2520protection%2520de%2520la%2520nature.&amp;text=Yasmine%2520TIGO%25C3%2589.\" target=\"_self\" rel=\"noopener\">visant \u00e0 recr\u00e9er des cheminements le long des rivi\u00e8res de la m\u00e9tropole nantaise<\/a>, dont le principe a \u00e9t\u00e9 act\u00e9 au dernier conseil m\u00e9tropolitain.<\/p>\n<p>\u00ab\u00a0On aimerait que les \u00e9tudes d\u00e9marrent\u00a0\u00bb<\/p>\n<p>S\u2019agissant de la passerelle, sa r\u00e9alisation n\u2019est pas encore valid\u00e9e.<strong> \u00ab\u00a0On aimerait que les \u00e9tudes d\u00e9marrent le plus rapidement possible. Cette jonction int\u00e9ressante ferait gagner un temps pr\u00e9cieux aux v\u00e9los et aux pi\u00e9tons, sans avoir \u00e0 passer par les ponts Tabarly et Senghor\u00a0\u00bb,<\/strong> souligne Camille Nobilet, deuxi\u00e8me adjointe au maire de Saint-S\u00e9bastien.<\/p>\n<p>Pour la ville du Sud-Loire, non desservie par le tramway, ce nouveau franchissement du fleuve serait un compl\u00e9ment id\u00e9al de l\u2019axe magistral cyclable des Pas-Enchant\u00e9s, dont l\u2019am\u00e9nagement sera termin\u00e9 d\u2019ici quelques semaines. Pour les deux-roues, il serait susceptible de rapprocher la gare de Nantes et celle des Pas-Enchant\u00e9s, qui accueille le tram-train Nantes \u2013 Clisson. Et de faciliter \u00e9videmment les liaisons entre les quartiers Est de Nantes et Saint-S\u00e9bastien.<\/p>\n<p>\u00a0<\/p>\n","protected":false},"excerpt":{"rendered":"Pour les habitants de Saint-S\u00e9bastien-sur-Loire (Loire-Atlantique), ce serait une petite r\u00e9volution. Imaginez une passerelle pi\u00e9tonne, et surtout cyclable,&hellip;\n","protected":false},"author":2,"featured_media":136660,"comment_status":"","ping_status":"","sticky":false,"template":"","format":"standard","meta":{"footnotes":""},"categories":[2818],"tags":[1111,11,13340,1777,674,1011,27,26304,3367,21672,766,12,26303,26301,2636,26302,25,15331],"class_list":{"0":"post-136659","1":"post","2":"type-post","3":"status-publish","4":"format-standard","5":"has-post-thumbnail","7":"category-nantes","8":"tag-actu","9":"tag-actualites","10":"tag-cyclable","11":"tag-eu","12":"tag-europe","13":"tag-fr","14":"tag-france","15":"tag-insiste","16":"tag-loire","17":"tag-malakoff","18":"tag-nantes","19":"tag-news","20":"tag-pas-enchantes","21":"tag-passerelle","22":"tag-pays-de-la-loire","23":"tag-reliant","24":"tag-republique-francaise","25":"tag-saint-sebastien"},"share_on_mastodon":{"url":"https:\/\/pubeurope.com\/@fr\/114590787269992179","error":""},"_links":{"self":[{"href":"https:\/\/www.europesays.com\/fr\/wp-json\/wp\/v2\/posts\/136659","targetHints":{"allow":["GET"]}}],"collection":[{"href":"https:\/\/www.europesays.com\/fr\/wp-json\/wp\/v2\/posts"}],"about":[{"href":"https:\/\/www.europesays.com\/fr\/wp-json\/wp\/v2\/types\/post"}],"author":[{"embeddable":true,"href":"https:\/\/www.europesays.com\/fr\/wp-json\/wp\/v2\/users\/2"}],"replies":[{"embeddable":true,"href":"https:\/\/www.europesays.com\/fr\/wp-json\/wp\/v2\/comments?post=136659"}],"version-history":[{"count":0,"href":"https:\/\/www.europesays.com\/fr\/wp-json\/wp\/v2\/posts\/136659\/revisions"}],"wp:featuredmedia":[{"embeddable":true,"href":"https:\/\/www.europesays.com\/fr\/wp-json\/wp\/v2\/media\/136660"}],"wp:attachment":[{"href":"https:\/\/www.europesays.com\/fr\/wp-json\/wp\/v2\/media?parent=136659"}],"wp:term":[{"taxonomy":"category","embeddable":true,"href":"https:\/\/www.europesays.com\/fr\/wp-json\/wp\/v2\/categories?post=136659"},{"taxonomy":"post_tag","embeddable":true,"href":"https:\/\/www.europesays.com\/fr\/wp-json\/wp\/v2\/tags?post=136659"}],"curies":[{"name":"wp","href":"https:\/\/api.w.org\/{rel}","templated":true}]}}