{"id":136661,"date":"2025-05-29T11:03:09","date_gmt":"2025-05-29T11:03:09","guid":{"rendered":"https:\/\/www.europesays.com\/fr\/136661\/"},"modified":"2025-05-29T11:03:09","modified_gmt":"2025-05-29T11:03:09","slug":"pour-le-festival-charivari-pres-de-nantes-noee-revient-avec-encore-plus-de-maturite","status":"publish","type":"post","link":"https:\/\/www.europesays.com\/fr\/136661\/","title":{"rendered":"Pour le festival Charivari pr\u00e8s de Nantes, No\u00e9e revient avec encore plus de maturit\u00e9"},"content":{"rendered":"<p>            Par<br \/>\n        <strong><br \/>\n            <a href=\"https:\/\/actu.fr\/auteur\/laurent-fortin\" title=\"Consulter tous les articles de Laurent Fortin\" rel=\"nofollow noopener\" target=\"_blank\">Laurent Fortin<\/a><br \/>\n        <\/strong><\/p>\n<p>        Publi\u00e9 le<\/p>\n<p>            29 mai 2025 \u00e0 12h16        <\/p>\n<p>Il est loin le temps o\u00f9 elle <a href=\"https:\/\/www.youtube.com\/watch?v=VceQ0J9hlzs\" rel=\"nofollow noopener\" target=\"_blank\">s\u2019\u00e9tait mesur\u00e9e \u00e0 l\u2019impressionnant jury de The Voice kids<\/a>. Ni Florent Pagny ni Patrick Fiori ne s\u2019\u00e9taient, entre autres, retourn\u00e9s, ce soir de 2017, mais le chanteur corse \u00e9tait venu la consoler et lui donner quelques conseils sur le plateau, apr\u00e8s que l\u2019adolescente ait interpr\u00e9t\u00e9 <a href=\"https:\/\/www.tf1.fr\/tf1\/the-voice-kids\/videos\/noee-yeux-de-mama-kendji-girac.html\" rel=\"nofollow noopener\" target=\"_blank\">Les yeux de la mama<\/a> de <b>Kendji Girac<\/b>. Paradoxalement, huit ans plus tard, No\u00e9e est encore \u00e0 l\u2019aube de sa carri\u00e8re et n\u2019est qu\u2019au premier couplet des \u00e9v\u00e9nements forts \u00e0 vivre.<\/p>\n<p class=\" wall-content\">Celui de <a href=\"https:\/\/vertou.fr\/charivari-2025-le-festival-ancre-dans-son-territoire\/\" rel=\"nofollow noopener\" target=\"_blank\">Charivari <\/a>\u00e0 <a href=\"https:\/\/actu.fr\/pays-de-la-loire\/vertou_44215\" rel=\"nofollow noopener\" target=\"_blank\"><b>Vertou<\/b><\/a>, <b>le samedi 31\u00a0mai prochain<\/b>, en sera certainement un.\u00a0<\/p>\n<blockquote class=\"ac-article-quote wall-content\">\n<p>C\u2019est vrai que \u00e7a va faire bizarre, sourit celle qui a f\u00eat\u00e9 ses 23 ans. D\u2019autant que je connais bien les coulisses de ce festival. J\u2019y ai \u00e9t\u00e9 b\u00e9n\u00e9vole. Mais c\u2019est cool d\u2019\u00eatre de l\u2019autre c\u00f4t\u00e9 maintenant. Surtout que ce sont des conditions exceptionnelles pour \u00e9voluer.<\/p>\n<\/blockquote>\n<p class=\" wall-content\">Pour ce concert sp\u00e9cial,<b> elle sera entour\u00e9e de deux musiciens<\/b>, mais surtout, elle a travaill\u00e9 ce set d\u2019une heure avec un metteur en sc\u00e8ne. Objectif : bien stimuler un public qui aura droit \u00e0 trois autres artistes \u00e0 la suite (<a href=\"https:\/\/daydream-music.fr\/artistes\/archimede\/\" rel=\"nofollow noopener\" target=\"_blank\">Archim\u00e8de<\/a>, <a href=\"https:\/\/actu.fr\/pays-de-la-loire\/vertou_44215\/le-duo-elephanz-revient-a-la-maison-pour-le-festival-charivari_62699748.html\" rel=\"nofollow noopener\" target=\"_blank\">Elephanz<\/a>, <a href=\"https:\/\/www.facebook.com\/lebaldesvarietistes\/?locale=fr_FR\" rel=\"nofollow noopener\" target=\"_blank\">Le bal des vari\u00e9tistes<\/a>).<\/p>\n<blockquote class=\"ac-article-quote wall-content\">\n<p>Je limiterai les piano-voix et j\u2019ai pr\u00e9vu une reprise pour les accrocher.<\/p>\n<p>No\u00e9e<\/p><\/blockquote>\n<p class=\" wall-content\">Tr\u00e8s loin de sa prestation <b>lors des v\u0153ux du maire en 2022<\/b>, dans la salle S\u00e8vre et Maine. Pour le reste, ce sera un m\u00e9lange de son <b>premier album sorti en 2023<\/b> (dont Na\u00efve, <a href=\"https:\/\/www.youtube.com\/watch?v=5-kbnj6nX9M&amp;pp=0gcJCdgAo7VqN5tD\" rel=\"nofollow noopener\" target=\"_blank\">Dernier Lys<\/a>, <a href=\"https:\/\/www.youtube.com\/watch?v=9mOKkUDik60\" rel=\"nofollow noopener\" target=\"_blank\">C\u2019est comme \u00e7a<\/a>\u2026) et de celui qui sortira en septembre (Ambulance, L\u2019envie, <a href=\"https:\/\/www.youtube.com\/watch?v=r_04IRS_bC8\" rel=\"nofollow noopener\" target=\"_blank\">Je t\u2019ai dit je t\u2019aime<\/a>\u2026).<\/p>\n<p>    <a href=\"https:\/\/www.facebook.com\/plugins\/video.php?height=476&amp;href=https%3A%2F%2Fwww.facebook.com%2Flison.francheteau%2Fvideos%2F674182868582946%2F&amp;show_text=false&amp;width=350&amp;t=0\" title=\"Ouvrie le lien\" rel=\"nofollow noopener\" target=\"_blank\">Cliquez ici pour visualiser le contenu<\/a><\/p>\n<p>Une critique franche du milieu<\/p>\n<p class=\" wall-content\">Des <b>compositions propres sous des formats tr\u00e8s rythm\u00e9s <\/b>(rock, teint\u00e9s de musique \u00e9lectronique) dans lesquelles figure aussi J\u2019 dirais rien. Sans<b> doute le titre le plus aiguis\u00e9 de son r\u00e9pertoire<\/b> o\u00f9 la jeune femme revient sur ses premi\u00e8res douloureuses ann\u00e9es d\u2019exp\u00e9rience, avec un entourage \u00ab pas tr\u00e8s humain et peu respectueux \u00bb.<\/p>\n<blockquote class=\"ac-article-quote wall-content\">\n<p>Clairement, j\u2019ai connu tous les clich\u00e9s du milieu. De la misogynie \u00e0 la condescendance, en passant par le m\u00e9pris.<\/p>\n<\/blockquote>\n<p class=\" wall-content\">Ses paroles r\u00e9sument son sentiment : \u00ab\u00a0ils voulaient que je sois Ang\u00e8le 2\/que je n\u2019avais pas ma place dans ce milieu\/ un milieu de m\u2026 \u00bb. La<b> preuve d\u2019un caract\u00e8re bien tremp\u00e9<\/b>, et d\u2019une <b>maturit\u00e9 affirm\u00e9e<\/b> chez celle qui a d\u00e9cid\u00e9 de changer d\u2019\u00e9quipe.<\/p>\n<blockquote class=\"ac-article-quote wall-content\">\n<p>Et de la rendre plus f\u00e9minine. Je pense que c\u2019est important. On voit encore trop de comportements sexistes.<\/p>\n<\/blockquote>\n<p>    <a href=\"https:\/\/www.youtube.com\/embed\/r_04IRS_bC8\" title=\"Ouvrie le lien\" rel=\"nofollow noopener\" target=\"_blank\">Cliquez ici pour visualiser le contenu<\/a><\/p>\n<p>Un bon accueil du public<\/p>\n<p class=\" wall-content\"><b>Sa libert\u00e9, No\u00e9e la montre aussi en allant sur tous les terrains<\/b>. Avec talent. D\u2019abord en tant que <b>chanteuse <\/b>et <b>musicienne<\/b>. Mais aussi en tant <b>qu\u2019autrice<\/b>. En 2023, sa chanson Coeur pour la jeune artiste Zo\u00e9 Clauzure (13\u00a0ans), remporte<a href=\"https:\/\/www.youtube.com\/playlist?list=PLB2ox3aEFHBzKn-ujT45IsZSB8jR3ULb-\" rel=\"nofollow noopener\" target=\"_blank\"> le concours Eurovision de la chanson junior.<\/a> Enfin, sur la sc\u00e8ne. En d\u00e9cembre\u00a02024, elle a r\u00e9alis\u00e9 <b>une prestation remarqu\u00e9e en premi\u00e8re partie du rappeur <a href=\"https:\/\/www.youtube.com\/watch?v=iWCou93-I64\" rel=\"nofollow noopener\" target=\"_blank\">Elyon <\/a>\u00e0 la Cigale \u00e0 Paris<\/b>.<\/p>\n<p class=\" wall-content\">Le public a \u00e9t\u00e9 tr\u00e8s sympa. J\u2019\u00e9tais tr\u00e8s stress\u00e9e car il y a d\u00e9j\u00e0 eu des exemples, o\u00f9 les premi\u00e8res parties de rappeur qui ne se sont pas tr\u00e8s bien pass\u00e9es. L\u00e0, j\u2019ai eu un tr\u00e8s bon accueil.<\/p>\n<p class=\" wall-content\">Elle a aussi \u00e0 son actif des premi\u00e8res parties de l\u2019humoriste Jarry et du chanteur Vianney, lors de concerts aux z\u00e9niths de Nantes et d\u2019Orl\u00e9ans en 2022.<\/p>\n<p class=\" wall-content\">Mais le plus jubilatoire aura \u00e9t\u00e9 sa <a href=\"https:\/\/www.google.com\/search?q=Concerts+aux+Trois+baudets+No%C3%A9e&amp;rlz=1C1GCEA_enFR1159FR1159&amp;oq=Concerts+aux+Trois+baudets+No%C3%A9e&amp;gs_lcrp=EgZjaHJvbWUyBggAEEUYOTIHCAEQIRigAdIBCTEzOTMyajBqOagCALACAA&amp;sourceid=chrome&amp;ie=UTF-8#fpstate=ive&amp;vld=cid:8045cb02,vid:HjqskwcmwsI,st:0\" rel=\"nofollow noopener\" target=\"_blank\">prestation aux Trois baudets<\/a> en f\u00e9vrier dernier :<\/p>\n<blockquote class=\"ac-article-quote wall-content\">\n<p>C\u2019est la premi\u00e8re fois que j\u2019\u00e9tais en t\u00eate d\u2019affiche. Et voir le plus public chant\u00e9 tes textes alors que tu n\u2019es pas connue, tu prends une baffe<\/p>\n<p>No\u00e9e encore \u00e9mue.<\/p><\/blockquote>\n<p class=\" wall-content\">Une sc\u00e8ne qu\u2019elle compte bien encore multiplier. <a href=\"https:\/\/www.casinodeparis.fr\/fr\/Du-Bout-Des-Levres-30-Septembre-2025-Billetterie-Paris\" rel=\"nofollow noopener\" target=\"_blank\">Le<b> 30 septembre prochain, elle sera au Casino de Paris,<\/b> <\/a>avec Pierre de Maere, Jean Castel, Doowy, Ana\u00efs MVA, pour un concert caritatif <b>au profit d\u2019une association humanitaire du S\u00e9n\u00e9gal <\/b>qui agit en faveur des populations atteintes de troubles auditifs et visuels.<\/p>\n<p class=\" wall-content\">En attendant, elle aura forc\u00e9ment conquis le public de Charivari.<\/p>\n<p class=\" wall-content\">Suivez toute l\u2019actualit\u00e9 de vos villes et m\u00e9dias favoris en vous inscrivant \u00e0 <a href=\"https:\/\/moncompte.actu.fr\" title=\"D\u00e9couvez Mon Actu\" rel=\"nofollow noopener\" data-trk=\"{&quot;cta&quot;:{&quot;action&quot;:&quot;https:\\\/\\\/moncompte.actu.fr&quot;,&quot;category&quot;:&quot;mon compte&quot;,&quot;from&quot;:&quot;article footer&quot;,&quot;name&quot;:&quot;Mon actu&quot;,&quot;type&quot;:&quot;cta&quot;}}\" target=\"_blank\">Mon Actu<\/a>.<\/p>\n","protected":false},"excerpt":{"rendered":"Par Laurent Fortin Publi\u00e9 le 29 mai 2025 \u00e0 12h16 Il est loin le temps o\u00f9 elle s\u2019\u00e9tait&hellip;\n","protected":false},"author":2,"featured_media":136662,"comment_status":"","ping_status":"","sticky":false,"template":"","format":"standard","meta":{"footnotes":""},"categories":[2818],"tags":[1111,11,1697,1777,674,1011,27,1652,873,766,12,2636,25,2900],"class_list":{"0":"post-136661","1":"post","2":"type-post","3":"status-publish","4":"format-standard","5":"has-post-thumbnail","7":"category-nantes","8":"tag-actu","9":"tag-actualites","10":"tag-concert","11":"tag-eu","12":"tag-europe","13":"tag-fr","14":"tag-france","15":"tag-loisirs-culture","16":"tag-musique","17":"tag-nantes","18":"tag-news","19":"tag-pays-de-la-loire","20":"tag-republique-francaise","21":"tag-vignoble-nantais"},"share_on_mastodon":{"url":"https:\/\/pubeurope.com\/@fr\/114590790686837313","error":""},"_links":{"self":[{"href":"https:\/\/www.europesays.com\/fr\/wp-json\/wp\/v2\/posts\/136661","targetHints":{"allow":["GET"]}}],"collection":[{"href":"https:\/\/www.europesays.com\/fr\/wp-json\/wp\/v2\/posts"}],"about":[{"href":"https:\/\/www.europesays.com\/fr\/wp-json\/wp\/v2\/types\/post"}],"author":[{"embeddable":true,"href":"https:\/\/www.europesays.com\/fr\/wp-json\/wp\/v2\/users\/2"}],"replies":[{"embeddable":true,"href":"https:\/\/www.europesays.com\/fr\/wp-json\/wp\/v2\/comments?post=136661"}],"version-history":[{"count":0,"href":"https:\/\/www.europesays.com\/fr\/wp-json\/wp\/v2\/posts\/136661\/revisions"}],"wp:featuredmedia":[{"embeddable":true,"href":"https:\/\/www.europesays.com\/fr\/wp-json\/wp\/v2\/media\/136662"}],"wp:attachment":[{"href":"https:\/\/www.europesays.com\/fr\/wp-json\/wp\/v2\/media?parent=136661"}],"wp:term":[{"taxonomy":"category","embeddable":true,"href":"https:\/\/www.europesays.com\/fr\/wp-json\/wp\/v2\/categories?post=136661"},{"taxonomy":"post_tag","embeddable":true,"href":"https:\/\/www.europesays.com\/fr\/wp-json\/wp\/v2\/tags?post=136661"}],"curies":[{"name":"wp","href":"https:\/\/api.w.org\/{rel}","templated":true}]}}