{"id":136665,"date":"2025-05-29T11:05:08","date_gmt":"2025-05-29T11:05:08","guid":{"rendered":"https:\/\/www.europesays.com\/fr\/136665\/"},"modified":"2025-05-29T11:05:08","modified_gmt":"2025-05-29T11:05:08","slug":"adoree-pour-ses-prix-casses-lenseigne-normal-prepare-une-nouvelle-ouverture-de-magasin-a-bordeaux","status":"publish","type":"post","link":"https:\/\/www.europesays.com\/fr\/136665\/","title":{"rendered":"Ador\u00e9e pour ses prix cass\u00e9s, l&rsquo;enseigne Normal pr\u00e9pare une nouvelle ouverture de magasin \u00e0 Bordeaux"},"content":{"rendered":"<p>            Par<br \/>\n        <strong><br \/>\n            <a href=\"https:\/\/actu.fr\/auteur\/sports33\" title=\"Consulter tous les articles de Nicolas Gosselin\" rel=\"nofollow noopener\" target=\"_blank\">Nicolas Gosselin<\/a><br \/>\n        <\/strong><\/p>\n<p>        Publi\u00e9 le<\/p>\n<p>            29 mai 2025 \u00e0 12h16        <\/p>\n<p><a href=\"https:\/\/actu.fr\/nouvelle-aquitaine\/bordeaux_33063\/normal-l-enseigne-discount-a-la-mode-ouvre-trois-nouveaux-magasins-autour-de-bordeaux_60866137.html\" rel=\"nofollow noopener\" target=\"_blank\">Comme pressenti<\/a>, l\u2019enseigne discount <strong>Normal<\/strong> s\u2019appr\u00eate \u00e0 ouvrir un <strong>deuxi\u00e8me magasin<\/strong> \u00e0 Bordeaux. C\u2019est d\u00e9sormais officiel : les travaux sont en cours et <strong>l\u2019ouverture est pr\u00e9vue en fin d\u2019ann\u00e9e 2025<\/strong> (novembre-d\u00e9cembre), selon nos informations.<\/p>\n<p class=\" wall-content\">Apr\u00e8s la cr\u00e9ation de <strong>quatre nouvelles boutiques en Gironde en 2024<\/strong> (pour atteindre les six magasins dans le d\u00e9partement), la marque danoise avait cibl\u00e9 plusieurs emplacements pour poursuivre son expansion, dont <strong>le centre commercial Bordeaux-Lac<\/strong> o\u00f9 elle a jet\u00e9 son d\u00e9volu cette ann\u00e9e.<\/p>\n<p>La rue Sainte-Catherine, prochaine \u00e9tape ?<\/p>\n<p class=\" wall-content\">L\u2019<strong>enseigne discount<\/strong> doit s\u2019installer dans un grand local de 400 m2, au sein de la galerie commerciale Auchan, en face du Starbucks. \u00ab\u00a0Les pr\u00e9c\u00e9dentes enseignes \u2013 <strong>Caroll <\/strong>et<strong> Oka\u00efdi<\/strong> \u2013 ont \u00e9t\u00e9 d\u00e9plac\u00e9es sur un autre emplacement dans la galerie\u00a0\u00bb, pr\u00e9cise un responsable aupr\u00e8s d\u2019<a href=\"https:\/\/actu.fr\/bordeaux\/\" rel=\"nofollow noopener\" target=\"_blank\">actu Bordeaux<\/a>.<\/p>\n<p class=\" wall-content\">Lors d\u2019un entretien accord\u00e9 \u00e0 actu Bordeaux en 2024, le directeur du d\u00e9veloppement de Normal France avait aussi \u00e9voqu\u00e9 la <strong>rue Sainte-Catherine<\/strong> ou le <strong>centre Saint-Christoly<\/strong> \u00e0 Bordeaux comme possibles emplacements pour de nouvelles ouvertures, ainsi que le bassin d\u2019Arcachon ou Saint-M\u00e9dard-en-Jalles, \u00e0 l\u2019ouest de Bordeaux.<\/p>\n<p class=\" wall-content\">Suivez toute l\u2019actualit\u00e9 de vos villes et m\u00e9dias favoris en vous inscrivant \u00e0 <a href=\"https:\/\/moncompte.actu.fr\" title=\"D\u00e9couvez Mon Actu\" rel=\"nofollow noopener\" data-trk=\"{&quot;cta&quot;:{&quot;action&quot;:&quot;https:\\\/\\\/moncompte.actu.fr&quot;,&quot;category&quot;:&quot;mon compte&quot;,&quot;from&quot;:&quot;article footer&quot;,&quot;name&quot;:&quot;Mon actu&quot;,&quot;type&quot;:&quot;cta&quot;}}\" target=\"_blank\">Mon Actu<\/a>.<\/p>\n","protected":false},"excerpt":{"rendered":"Par Nicolas Gosselin Publi\u00e9 le 29 mai 2025 \u00e0 12h16 Comme pressenti, l\u2019enseigne discount Normal s\u2019appr\u00eate \u00e0 ouvrir&hellip;\n","protected":false},"author":2,"featured_media":136666,"comment_status":"","ping_status":"","sticky":false,"template":"","format":"standard","meta":{"footnotes":""},"categories":[2817],"tags":[1111,11,1997,215,1777,674,1011,27,12,2219,25,104],"class_list":{"0":"post-136665","1":"post","2":"type-post","3":"status-publish","4":"format-standard","5":"has-post-thumbnail","7":"category-bordeaux","8":"tag-actu","9":"tag-actualites","10":"tag-bordeaux","11":"tag-commerce","12":"tag-eu","13":"tag-europe","14":"tag-fr","15":"tag-france","16":"tag-news","17":"tag-nouvelle-aquitaine","18":"tag-republique-francaise","19":"tag-societe"},"share_on_mastodon":{"url":"https:\/\/pubeurope.com\/@fr\/114590798665412882","error":""},"_links":{"self":[{"href":"https:\/\/www.europesays.com\/fr\/wp-json\/wp\/v2\/posts\/136665","targetHints":{"allow":["GET"]}}],"collection":[{"href":"https:\/\/www.europesays.com\/fr\/wp-json\/wp\/v2\/posts"}],"about":[{"href":"https:\/\/www.europesays.com\/fr\/wp-json\/wp\/v2\/types\/post"}],"author":[{"embeddable":true,"href":"https:\/\/www.europesays.com\/fr\/wp-json\/wp\/v2\/users\/2"}],"replies":[{"embeddable":true,"href":"https:\/\/www.europesays.com\/fr\/wp-json\/wp\/v2\/comments?post=136665"}],"version-history":[{"count":0,"href":"https:\/\/www.europesays.com\/fr\/wp-json\/wp\/v2\/posts\/136665\/revisions"}],"wp:featuredmedia":[{"embeddable":true,"href":"https:\/\/www.europesays.com\/fr\/wp-json\/wp\/v2\/media\/136666"}],"wp:attachment":[{"href":"https:\/\/www.europesays.com\/fr\/wp-json\/wp\/v2\/media?parent=136665"}],"wp:term":[{"taxonomy":"category","embeddable":true,"href":"https:\/\/www.europesays.com\/fr\/wp-json\/wp\/v2\/categories?post=136665"},{"taxonomy":"post_tag","embeddable":true,"href":"https:\/\/www.europesays.com\/fr\/wp-json\/wp\/v2\/tags?post=136665"}],"curies":[{"name":"wp","href":"https:\/\/api.w.org\/{rel}","templated":true}]}}