{"id":136667,"date":"2025-05-29T11:06:16","date_gmt":"2025-05-29T11:06:16","guid":{"rendered":"https:\/\/www.europesays.com\/fr\/136667\/"},"modified":"2025-05-29T11:06:16","modified_gmt":"2025-05-29T11:06:16","slug":"voici-lenseigne-qui-remplace-la-quequetterie","status":"publish","type":"post","link":"https:\/\/www.europesays.com\/fr\/136667\/","title":{"rendered":"voici l&rsquo;enseigne qui remplace la Qu\u00e9quetterie"},"content":{"rendered":"<p>            Par<br \/>\n        <strong><br \/>\n            <a href=\"https:\/\/actu.fr\/auteur\/lea-afonso\" title=\"Consulter tous les articles de L\u00e9a Afonso\" target=\"_blank\" rel=\"noopener\">L\u00e9a Afonso<\/a><br \/>\n        <\/strong><\/p>\n<p>        Publi\u00e9 le<\/p>\n<p>            29 mai 2025 \u00e0 11h44        <\/p>\n<p>Votre summer body va le regretter, mais les gourmands vont l\u2019adorer\u2026 Une toute nouvelle <strong>enseigne de cookies<\/strong> d\u00e9barque<a href=\"https:\/\/actu.fr\/occitanie\/toulouse_31555\/des-gaufres-en-forme-de-penis-et-de-vulves-la-quequetterie-debarque-bientot-a-toulouse_43740846.html\" target=\"_blank\" rel=\"noopener\"><strong> \u00e0 la place de la Qu\u00e9quetterie<\/strong><\/a> en plein c\u0153ur de <a href=\"https:\/\/actu.fr\/toulouse\/\" target=\"_blank\" rel=\"noopener\">Toulouse<\/a>. Au revoir les gaufres en forme de p\u00e9nis et de vulves, bonjour aux cookies fondants et croustillants ! Ils ouvrent ce jeudi 29 mai.\u00a0<\/p>\n<p>Pr\u00eat \u00e0 d\u00e9guster<\/p>\n<p class=\" wall-content\">Chocolat blanc caramel, p\u00e2te \u00e0 tartiner, caramel cacahu\u00e8te ou plus classique chocolat noir\u2026 Ce n\u2019est autre que <a href=\"https:\/\/www.instagram.com\/pepite.cookie\/\" target=\"_blank\" rel=\"noopener\">P\u00e9pite Cookies<\/a>, l\u2019enseigne d\u00e9j\u00e0 implant\u00e9e dans huit autres villes de France, notamment sur la c\u00f4te ouest avec ses boutiques \u00e0 Biarritz, Bayonne, Bordeaux ou encore La Rochelle, qui ouvre d\u00e9sormais ses portes en plein c\u0153ur de Toulouse. C\u2019est au 24 rue de R\u00e9muzat que les gourmands pourront d\u2019ores \u00e0 pr\u00e9sent se rendre.\u00a0<\/p>\n<p>    <img   decoding=\"async\" loading=\"lazy\" src=\"https:\/\/www.europesays.com\/fr\/wp-content\/uploads\/2025\/05\/img-2842-960x640.jpeg\" alt=\"De nombreuses saveurs \u00e0 d\u00e9couvrir \" width=\"960\" height=\"640\"\/><br \/>\n    De nombreuses saveurs \u00e0 d\u00e9couvrir (\u00a9L\u00e9a Afonso \/ Actu Toulouse)<\/p>\n<p class=\" wall-content\">Ce nouvel antre de la gourmandise propose des <strong>cookies bien fondants sous trois tailles<\/strong> diff\u00e9rentes vendus entre 1,20\u20ac pour le \u00ab\u00a0pitchoun\u00a0\u00bb et 4,40\u20ac pour le \u00ab\u00a0daron\u00a0\u00bb, mais aussi des <strong>glaces<\/strong> et des <strong>p\u00e2tes \u00e0 tartiner<\/strong>. \u00ab\u00a0Apr\u00e8s beaucoup d\u2019allers-retours avec nos architectes, quelques pl\u00e2tres essuy\u00e9s avec les B\u00e2timents de France, et de nombreux tests de cuisson, nous sommes enfin pr\u00eats \u00e0 ouvrir ! Bon\u2026 il manque la fa\u00e7ade, mais c\u2019est en cours ! Et surtout, \u00e7a ne nous emp\u00eache pas de vous partager nos savoureuses recettes de cookies maison, \u00e0 la texture si moelleuse et fondante\u00a0\u00bb, annoncent-ils.\u00a0<\/p>\n<p>Le quartier des cookies\u00a0<\/p>\n<p class=\" wall-content\">P\u00e9pite ouvre ses portes dans<strong> \u00ab\u00a0le quartier des cookies\u00a0\u00bb.<\/strong> Il s\u2019agit du secteur du centre-ville o\u00f9 se regroupent pas moins de trois autres boutiques d\u00e9di\u00e9es :<a href=\"https:\/\/actu.fr\/occitanie\/toulouse_31555\/avis-aux-gourmands-ces-deux-amis-ouvrent-une-boutique-100-cookies-en-centre-ville-de-toulouse_53987196.html\" target=\"_blank\" rel=\"noopener\"> My cookie factory<\/a> ouvert en 2022 rue du Taur,<a href=\"https:\/\/actu.fr\/occitanie\/toulouse_31555\/cette-nouvelle-enseigne-gourmande-vient-d-ouvrir-a-toulouse-avec-un-unique-produit-star_62053038.html\" target=\"_blank\" rel=\"noopener\"> De Vilmar<\/a> ouvert fin 2024 rue des Lois et <a href=\"https:\/\/actu.fr\/occitanie\/toulouse_31555\/qui-veut-un-cookie-gratuit-a-toulouse-cette-marque-emblematique-fete-son-installation_61901838.html\" target=\"_blank\" rel=\"noopener\">Laura Todd<\/a> ouvert en novembre 2024 rue Jean-Antoine Romigui\u00e8res.<\/p>\n<p class=\" wall-content\">Suivez toute l\u2019actualit\u00e9 de vos villes et m\u00e9dias favoris en vous inscrivant \u00e0 <a href=\"https:\/\/moncompte.actu.fr\" title=\"D\u00e9couvez Mon Actu\" rel=\"nofollow noopener\" data-trk=\"{&quot;cta&quot;:{&quot;action&quot;:&quot;https:\\\/\\\/moncompte.actu.fr&quot;,&quot;category&quot;:&quot;mon compte&quot;,&quot;from&quot;:&quot;article footer&quot;,&quot;name&quot;:&quot;Mon actu&quot;,&quot;type&quot;:&quot;cta&quot;}}\" target=\"_blank\">Mon Actu<\/a>.<\/p>\n<ul class=\"ac-article-tag wall-content\">\n<li><a href=\"https:\/\/actu.fr\/tag\/commerce\" data-trk=\"{&quot;cta&quot;:{&quot;action&quot;:&quot;Commerce&quot;,&quot;category&quot;:&quot;tag&quot;,&quot;from&quot;:&quot;article footer&quot;,&quot;name&quot;:&quot;Commerce&quot;,&quot;type&quot;:&quot;cta&quot;}}\" target=\"_blank\" rel=\"noopener\">#Commerce<\/a><\/li>\n<li><a href=\"https:\/\/actu.fr\/tag\/nouveaux-commerces-a-toulouse\" data-trk=\"{&quot;cta&quot;:{&quot;action&quot;:&quot;Nouveaux commerces \\u00e0 Toulouse&quot;,&quot;category&quot;:&quot;tag&quot;,&quot;from&quot;:&quot;article footer&quot;,&quot;name&quot;:&quot;Nouveaux commerces \\u00e0 Toulouse&quot;,&quot;type&quot;:&quot;cta&quot;}}\" target=\"_blank\" rel=\"noopener\">#Nouveaux commerces \u00e0 Toulouse<\/a><\/li>\n<\/ul>\n<p>                    <script async src=\"\/\/www.instagram.com\/embed.js\"><\/script><\/p>\n","protected":false},"excerpt":{"rendered":"Par L\u00e9a Afonso Publi\u00e9 le 29 mai 2025 \u00e0 11h44 Votre summer body va le regretter, mais les&hellip;\n","protected":false},"author":2,"featured_media":136668,"comment_status":"","ping_status":"","sticky":false,"template":"","format":"standard","meta":{"footnotes":""},"categories":[2816],"tags":[1111,11,215,1777,674,1011,27,12,2849,2680,25,104,2312],"class_list":{"0":"post-136667","1":"post","2":"type-post","3":"status-publish","4":"format-standard","5":"has-post-thumbnail","7":"category-toulouse","8":"tag-actu","9":"tag-actualites","10":"tag-commerce","11":"tag-eu","12":"tag-europe","13":"tag-fr","14":"tag-france","15":"tag-news","16":"tag-nouveaux-commerces-a-toulouse","17":"tag-occitanie","18":"tag-republique-francaise","19":"tag-societe","20":"tag-toulouse"},"share_on_mastodon":{"url":"https:\/\/pubeurope.com\/@fr\/114590802496000055","error":""},"_links":{"self":[{"href":"https:\/\/www.europesays.com\/fr\/wp-json\/wp\/v2\/posts\/136667","targetHints":{"allow":["GET"]}}],"collection":[{"href":"https:\/\/www.europesays.com\/fr\/wp-json\/wp\/v2\/posts"}],"about":[{"href":"https:\/\/www.europesays.com\/fr\/wp-json\/wp\/v2\/types\/post"}],"author":[{"embeddable":true,"href":"https:\/\/www.europesays.com\/fr\/wp-json\/wp\/v2\/users\/2"}],"replies":[{"embeddable":true,"href":"https:\/\/www.europesays.com\/fr\/wp-json\/wp\/v2\/comments?post=136667"}],"version-history":[{"count":0,"href":"https:\/\/www.europesays.com\/fr\/wp-json\/wp\/v2\/posts\/136667\/revisions"}],"wp:featuredmedia":[{"embeddable":true,"href":"https:\/\/www.europesays.com\/fr\/wp-json\/wp\/v2\/media\/136668"}],"wp:attachment":[{"href":"https:\/\/www.europesays.com\/fr\/wp-json\/wp\/v2\/media?parent=136667"}],"wp:term":[{"taxonomy":"category","embeddable":true,"href":"https:\/\/www.europesays.com\/fr\/wp-json\/wp\/v2\/categories?post=136667"},{"taxonomy":"post_tag","embeddable":true,"href":"https:\/\/www.europesays.com\/fr\/wp-json\/wp\/v2\/tags?post=136667"}],"curies":[{"name":"wp","href":"https:\/\/api.w.org\/{rel}","templated":true}]}}