{"id":136680,"date":"2025-05-29T11:13:09","date_gmt":"2025-05-29T11:13:09","guid":{"rendered":"https:\/\/www.europesays.com\/fr\/136680\/"},"modified":"2025-05-29T11:13:09","modified_gmt":"2025-05-29T11:13:09","slug":"comment-la-metropole-de-lyon-avait-pris-de-lavance-pour-la-deployer-puis-freine","status":"publish","type":"post","link":"https:\/\/www.europesays.com\/fr\/136680\/","title":{"rendered":"comment la M\u00e9tropole de Lyon avait pris de l\u2019avance pour la d\u00e9ployer\u2026 puis frein\u00e9"},"content":{"rendered":"<p>Actuellement, la Zone \u00e0 Faibles \u00c9missions (ZFE) de la M\u00e9tropole de Lyon interdit la circulation et le stationnement des v\u00e9hicules class\u00e9s Crit\u2019Air 5, 4, 3, ainsi que des v\u00e9hicules non class\u00e9s. Cette mesure concerne environ 60\u00a0000 v\u00e9hicules suppl\u00e9mentaires (les Crit\u2019Air 3) depuis le 1er\u00a0janvier 2025, s\u2019ajoutant aux 23\u00a0000 v\u00e9hicules d\u00e9j\u00e0 interdits pr\u00e9c\u00e9demment (les 4 et 5). Au total, un quart du parc automobile a \u00e9t\u00e9 interdit.<\/p>\n<p>  Calendrier pr\u00e9coce<\/p>\n<p><a href=\"https:\/\/www.leprogres.fr\/environnement\/2021\/01\/01\/circulation-dans-la-zfe-ce-qui-change-le-1er-janvier\" target=\"_blank\" rel=\"noopener\">Le 1er\u00a0janvier 2020,<\/a> la M\u00e9tropole de Lyon mettait en place la ZFE, prohibant progressivement dans ce p\u00e9rim\u00e8tre la circulation des v\u00e9hicules les plus polluants.\u00a0<a href=\"https:\/\/www.leprogres.fr\/p\/bruno-bernard\" target=\"_blank\" rel=\"noopener\">Bruno Bernard<\/a>, pr\u00e9sident (Les Ecologistes) de la M\u00e9tropole, fixait l\u2019objectif de ne voir circuler que des v\u00e9hicules disposant de vignettes Crit\u2019Air 0 et 1 dans <a href=\"https:\/\/www.leprogres.fr\/environnement\/2020\/11\/13\/exit-les-diesels-la-metropole-des-lyon-veut-elargir-la-zone-a-faibles-emissions\" target=\"_blank\" rel=\"noopener\">le p\u00e9rim\u00e8tre de la zone \u00e0 faibles \u00e9missions, d\u2019ici la fin du mandat en 2026<\/a>.<\/p>\n<p>Au niveau national, la loi Climat et R\u00e9silience du 22\u00a0ao\u00fbt 2021 pr\u00e9voyait la mise en place des ZFE dans les agglom\u00e9rations de plus de 150\u00a0000 habitants avant le 31\u00a0d\u00e9cembre 2024, soit deux ans apr\u00e8s l\u2019instauration lyonnaise.<\/p>\n<p>Bruno Bernard a fait machine arri\u00e8re en 2023 <a href=\"https:\/\/www.leprogres.fr\/transport\/2023\/02\/14\/zfe-vers-un-report-de-l-interdiction-de-circulation-des-vehicules-crit-air-2-a-2028\" target=\"_blank\" rel=\"noopener\">en annon\u00e7ant deux ans de sursis<\/a> pour les v\u00e9hicules dot\u00e9s de vignette Crit\u2019Air 2 (diesel depuis 2011). Leur interdiction programm\u00e9e en 2026 dans le p\u00e9rim\u00e8tre actuel (tous les arrondissements de Lyon, Villeurbanne, Caluire et Bron en partie) \u00e9tait report\u00e9e \u00e0 2028.<\/p>\n<p>\u00ab\u00a02028 n\u2019est pas un totem\u00a0\u00bb<\/p>\n<p><a href=\"https:\/\/www.leprogres.fr\/environnement\/2024\/12\/20\/qualite-de-l-air-et-interdiction-des-voitures-diesels-2028-n-est-pas-un-totem-annonce-bruno-bernard\" target=\"_blank\" rel=\"noopener\">Bruno Bernard rappelait en 2024<\/a>\u00a0: \u00ab\u00a0Nous avons divis\u00e9 par deux la pollution au dioxyde d\u2019azote en 10 ans. La vitesse de diminution, selon les \u00e9tudes d\u2019ATMO, peut nous rendre optimiste pour l\u2019avenir. Si cela se poursuit ainsi, nous pourrons revoir cette date de 2028 (pour les Crit\u2019Air 2). Ce n\u2019est pas un totem.\u00a0\u00bb *<\/p>\n<p>D\u00e9sormais, ce n\u2019est ni un totem ni une r\u00e9alit\u00e9\u00a0: la suppression des ZFE vot\u00e9e \u00e0 l\u2019Assembl\u00e9e vient enterrer ce calendrier.<\/p>\n","protected":false},"excerpt":{"rendered":"Actuellement, la Zone \u00e0 Faibles \u00c9missions (ZFE) de la M\u00e9tropole de Lyon interdit la circulation et le stationnement&hellip;\n","protected":false},"author":2,"featured_media":136681,"comment_status":"","ping_status":"","sticky":false,"template":"","format":"standard","meta":{"footnotes":""},"categories":[1889],"tags":[1111,11,646,2430,3542,130,33,3152,2757,3153,3154,893,436,1777,674,1011,27,9588,3539,2428,2756,12,316,1800,25,2429,71,104,2803],"class_list":{"0":"post-136680","1":"post","2":"type-post","3":"status-publish","4":"format-standard","5":"has-post-thumbnail","7":"category-lyon","8":"tag-actu","9":"tag-actualites","10":"tag-automobile","11":"tag-auvergne-rhone-alpes","12":"tag-circulation","13":"tag-consommation","14":"tag-economie","15":"tag-edition-est-lyonnais","16":"tag-edition-lyon-villeurbanne","17":"tag-edition-ouest-lyonnais","18":"tag-edition-sud-lyonnais","19":"tag-energie","20":"tag-environnement","21":"tag-eu","22":"tag-europe","23":"tag-fr","24":"tag-france","25":"tag-ici-on-agit","26":"tag-les-ecologistes","27":"tag-lyon","28":"tag-lyon-bassin","29":"tag-news","30":"tag-politique","31":"tag-pollution","32":"tag-republique-francaise","33":"tag-rhone","34":"tag-sante","35":"tag-societe","36":"tag-transport"},"share_on_mastodon":{"url":"https:\/\/pubeurope.com\/@fr\/114590830027978379","error":""},"_links":{"self":[{"href":"https:\/\/www.europesays.com\/fr\/wp-json\/wp\/v2\/posts\/136680","targetHints":{"allow":["GET"]}}],"collection":[{"href":"https:\/\/www.europesays.com\/fr\/wp-json\/wp\/v2\/posts"}],"about":[{"href":"https:\/\/www.europesays.com\/fr\/wp-json\/wp\/v2\/types\/post"}],"author":[{"embeddable":true,"href":"https:\/\/www.europesays.com\/fr\/wp-json\/wp\/v2\/users\/2"}],"replies":[{"embeddable":true,"href":"https:\/\/www.europesays.com\/fr\/wp-json\/wp\/v2\/comments?post=136680"}],"version-history":[{"count":0,"href":"https:\/\/www.europesays.com\/fr\/wp-json\/wp\/v2\/posts\/136680\/revisions"}],"wp:featuredmedia":[{"embeddable":true,"href":"https:\/\/www.europesays.com\/fr\/wp-json\/wp\/v2\/media\/136681"}],"wp:attachment":[{"href":"https:\/\/www.europesays.com\/fr\/wp-json\/wp\/v2\/media?parent=136680"}],"wp:term":[{"taxonomy":"category","embeddable":true,"href":"https:\/\/www.europesays.com\/fr\/wp-json\/wp\/v2\/categories?post=136680"},{"taxonomy":"post_tag","embeddable":true,"href":"https:\/\/www.europesays.com\/fr\/wp-json\/wp\/v2\/tags?post=136680"}],"curies":[{"name":"wp","href":"https:\/\/api.w.org\/{rel}","templated":true}]}}