{"id":136682,"date":"2025-05-29T11:14:08","date_gmt":"2025-05-29T11:14:08","guid":{"rendered":"https:\/\/www.europesays.com\/fr\/136682\/"},"modified":"2025-05-29T11:14:08","modified_gmt":"2025-05-29T11:14:08","slug":"rer-metro-transilien-les-perturbations-a-prevoir-dans-les-transports-en-ile-de-france-pour-le-week-end-de-lascension","status":"publish","type":"post","link":"https:\/\/www.europesays.com\/fr\/136682\/","title":{"rendered":"RER, m\u00e9tro, transilien&#8230; Les perturbations \u00e0 pr\u00e9voir dans les transports en \u00cele-de-France pour le week-end de l\u2019Ascension"},"content":{"rendered":"<p>Des travaux affectent certaines lignes du r\u00e9seau francilien du jeudi 29 mai au dimanche 1er juin, pour le dernier long week-end du mois de mai.<\/p>\n<p class=\"fig-paragraph\">Le\u00a0<a href=\"http:\/\/www.lefigaro.fr\/meteo\/meteo-pour-le-pont-de-l-ascension-journees-estivales-avec-neanmoins-quelques-risques-orageux-20250527\" data-fig-type=\"NewsFlash\" data-gtm-custom-categorie=\"navigation\" data-gtm-custom-action=\"crossclick\" data-gtm-custom-label=\"Contextuel\" data-gtm-event=\"customEventSPE\" data-fig-domain=\"LEFIGARO\" target=\"_blank\" rel=\"noopener\">pont de l\u2019Ascension<\/a>\u00a0n\u2019emp\u00eache pas les travaux de se poursuivre sur le r\u00e9seau des transports en \u00cele-de-France, affectant certaines lignes d\u00e8s ce jeudi 29 mai et jusqu\u2019au dimanche 1er juin. Le Figaro fait le point sur les perturbations \u00e0 pr\u00e9voir c\u00f4t\u00e9 m\u00e9tro,\u00a0<a href=\"http:\/\/www.lefigaro.fr\/conjoncture\/rer-b-trafic-perturbe-sur-toute-la-ligne-en-raison-d-une-panne-electrique-a-gare-du-nord-20250527\" data-fig-type=\"NewsFlash\" data-gtm-custom-categorie=\"navigation\" data-gtm-custom-action=\"crossclick\" data-gtm-custom-label=\"Contextuel\" data-gtm-event=\"customEventSPE\" data-fig-domain=\"LEFIGARO\" target=\"_blank\" rel=\"noopener\">RER\u00a0<\/a>et transilien pour le dernier long week-end du mois de mai.<\/p>\n<p>M\u00e9tro<\/p>\n<p class=\"fig-paragraph\"><strong>Ligne 14<\/strong>. Le trafic sera interrompu sur toute la ligne vendredi 30 et samedi 31 mai en raison de travaux de modernisation. La RATP propose un bus de remplacement entre Gare de Lyon et Olympiades.<\/p>\n<p>RER<\/p>\n<p class=\"fig-paragraph\"><strong>RER A<\/strong>. Le jeudi 29 et le vendredi 30 mai, \u00e0 partir de 22h00, le trafic est interrompu entre Maisons-Laffitte et Cergy-Le Haut en raison de travaux. Des bus de remplacement partiront de Sartrouville. Des travaux interrompront \u00e9galement la circulation le samedi 31 mai et le dimanche 1er juin entre Nanterre-Pr\u00e9fecture et Cergy-Le Haut &#8211; Poissy, mais toute la journ\u00e9e cette fois-ci.<\/p>\n<p class=\"fig-paragraph\"><strong>RER C<\/strong>. Plusieurs perturbations sont \u00e0 pr\u00e9voir sur cette ligne, pour cause de travaux. \u00c0 partir de ce jeudi 29 mai et jusqu\u2019\u00e0 17h dimanche 1er juin, les rames ne circuleront pas entre Br\u00e9tigny et Dourdan, et entre Br\u00e9tigny et Saint-Martin d\u2019\u00c9tampes, dans les deux sens de circulation. La RATP pr\u00e9cise \u00e9galement que jeudi 29 en soir\u00e9e, aucun train ne partira de Saint-Martin d\u2019\u00c9tampes pour rallier Paris et Br\u00e9tigny. Des bus de remplacement sont mis en place entre\u00a0<a href=\"http:\/\/www.lefigaro.fr\/flash-actu\/mort-du-tagueur-en-gare-d-austerlitz-le-rn-ne-votera-pas-la-censure-nouveau-bareme-de-l-impot-sur-le-revenu-les-3-infos-a-retenir-a-la-mi-journee-20250204\" data-fig-type=\"NewsFlash\" data-gtm-custom-categorie=\"navigation\" data-gtm-custom-action=\"crossclick\" data-gtm-custom-label=\"Contextuel\" data-gtm-event=\"customEventSPE\" data-fig-domain=\"LEFIGARO\" target=\"_blank\" rel=\"noopener\">Paris Austerlitz<\/a>\u00a0et Dourdan\/Saint-Martin d\u2019Etampes. Dimanche soir \u00e0 partir de 23h45 et jusqu\u2019\u00e0 la fin de la soir\u00e9e, le trafic sera aussi interrompu entre Dourdan et Paris Austerlitz et entre Saint-Martin d\u2019Etampes et Paris Austerlitz. De jeudi \u00e0 dimanche jusqu\u2019\u00e0 17h, les trains sont directs de Juvisy \u00e0 Epinay-sur-Orge uniquement dans ce sens. La gare de Savigny sur Orge n\u2019est pas desservie par les trains \u00e0 destination de Br\u00e9tigny. \u00c0 noter \u00e9galement que jusqu\u2019au samedi 31 mai, l\u2019arr\u00eat Issy n\u2019est pas desservi vers Versailles Ch\u00e2teau Rive Gauche et Saint-Quentin en Yvelines en raison de \u00abmesures de s\u00e9curit\u00e9\u00bb.<\/p>\n<p class=\"fig-paragraph\"><strong>RER D<\/strong>. Jeudi et vendredi, \u00e0 partir de 23h35 jusqu\u2019au dernier train, le trafic est interrompu entre Combs-la-Ville et Melun pour des travaux. Vendredi, \u00e0 compter de 23h20, les trains ne circuleront pas non plus entre Paris Gare du Nord et Creil. L\u00e0 encore, la RATP pr\u00e9voit un service de bus de remplacement.<\/p>\n<p class=\"fig-paragraph\"><strong>RER E<\/strong>. Des travaux perturbent \u00e9galement cette ligne. De jeudi \u00e0 dimanche, \u00e0 partir de 22h45, il n\u2019y aura pas de trains entre Nanterre-la-Folie et Chelles Gournay. Il est possible de prendre des bus de remplacement. Celui en direction de Chelles-Gournay part du parvis de la station Bobigny\/Pablo-Picasso, sur la ligne 5.<\/p>\n<p>Transilien<\/p>\n<p class=\"fig-paragraph\"><strong>Ligne H<\/strong>. Pas de trains de jeudi \u00e0 dimanche entre la Gare du Nord et Sarcelles St Brice. Un bus de remplacement est pr\u00e9vu entre \u00c9pinay Villetaneuse et Sarcelles St Brice.<\/p>\n<p class=\"fig-paragraph\"><strong>Ligne J<\/strong>. Ce jeudi, le trafic est perturb\u00e9 entre Paris Saint-Lazare et Mantes-la-Jolie via Poissy dans les deux sens, \u00e0 cause d\u2019un obstacle sur la voie. La gare de Houilles-Carri\u00e8res-sur-Seine n\u2019est plus desservie jusqu\u2019\u00e0 17h30. Des travaux interrompront \u00e9galement le trafic jeudi et vendredi \u00e0 partir de 21h40 entre Paris Saint-Lazare et Mantes-la-Jolie, via Poissy.<\/p>\n<p class=\"fig-paragraph\"><strong>Ligne K<\/strong>. Le trafic est interrompu entre Paris Gare du Nord et Mitry-Claye, de jeudi \u00e0 dimanche. La RATP recommande d\u2019emprunter le RER B de Paris Gare du Nord \u00e0 Mitry-Claye puis un train de la ligne K entre Mitry-Claye et Paris Gare du Nord.<\/p>\n<p class=\"fig-paragraph\"><strong>Ligne P<\/strong>. Comme tous les week-ends depuis d\u00e9but avril, pas de rames samedi et dimanche de Paris Est vers Meaux (\u00e0 partir de 22h50), Coulommiers (d\u00e8s 22h30) et Ch\u00e2teau-Thierry (\u00e0 compter de 23h00), \u00e0 cause de travaux. Un service de bus de remplacement est disponible.<\/p>\n","protected":false},"excerpt":{"rendered":"Des travaux affectent certaines lignes du r\u00e9seau francilien du jeudi 29 mai au dimanche 1er juin, pour le&hellip;\n","protected":false},"author":2,"featured_media":136683,"comment_status":"","ping_status":"","sticky":false,"template":"","format":"standard","meta":{"footnotes":""},"categories":[1592],"tags":[1111,339,11,340,343,345,350,130,344,352,349,33,341,313,1777,674,1011,27,346,662,342,353,351,347,12,626,348,25,800,354],"class_list":{"0":"post-136682","1":"post","2":"type-post","3":"status-publish","4":"format-standard","5":"has-post-thumbnail","7":"category-ile-de-france","8":"tag-actu","9":"tag-actualite-economique","10":"tag-actualites","11":"tag-bourse","12":"tag-cac-40","13":"tag-chef-dentreprise","14":"tag-concurrence","15":"tag-consommation","16":"tag-creation-dentreprise","17":"tag-crise","18":"tag-delocalisations","19":"tag-economie","20":"tag-emploi","21":"tag-entreprises","22":"tag-eu","23":"tag-europe","24":"tag-fr","25":"tag-france","26":"tag-grands-patrons","27":"tag-ile-de-france","28":"tag-impots","29":"tag-licenciements","30":"tag-monopole","31":"tag-multinationales","32":"tag-news","33":"tag-paris","34":"tag-privatisation","35":"tag-republique-francaise","36":"tag-transports","37":"tag-unio"},"share_on_mastodon":{"url":"https:\/\/pubeurope.com\/@fr\/114590834332532993","error":""},"_links":{"self":[{"href":"https:\/\/www.europesays.com\/fr\/wp-json\/wp\/v2\/posts\/136682","targetHints":{"allow":["GET"]}}],"collection":[{"href":"https:\/\/www.europesays.com\/fr\/wp-json\/wp\/v2\/posts"}],"about":[{"href":"https:\/\/www.europesays.com\/fr\/wp-json\/wp\/v2\/types\/post"}],"author":[{"embeddable":true,"href":"https:\/\/www.europesays.com\/fr\/wp-json\/wp\/v2\/users\/2"}],"replies":[{"embeddable":true,"href":"https:\/\/www.europesays.com\/fr\/wp-json\/wp\/v2\/comments?post=136682"}],"version-history":[{"count":0,"href":"https:\/\/www.europesays.com\/fr\/wp-json\/wp\/v2\/posts\/136682\/revisions"}],"wp:featuredmedia":[{"embeddable":true,"href":"https:\/\/www.europesays.com\/fr\/wp-json\/wp\/v2\/media\/136683"}],"wp:attachment":[{"href":"https:\/\/www.europesays.com\/fr\/wp-json\/wp\/v2\/media?parent=136682"}],"wp:term":[{"taxonomy":"category","embeddable":true,"href":"https:\/\/www.europesays.com\/fr\/wp-json\/wp\/v2\/categories?post=136682"},{"taxonomy":"post_tag","embeddable":true,"href":"https:\/\/www.europesays.com\/fr\/wp-json\/wp\/v2\/tags?post=136682"}],"curies":[{"name":"wp","href":"https:\/\/api.w.org\/{rel}","templated":true}]}}