{"id":136684,"date":"2025-05-29T11:15:08","date_gmt":"2025-05-29T11:15:08","guid":{"rendered":"https:\/\/www.europesays.com\/fr\/136684\/"},"modified":"2025-05-29T11:15:08","modified_gmt":"2025-05-29T11:15:08","slug":"une-celebre-influenceuse-arretee-et-menottee-des-employes-vomissaient-du-sang-linfo-en-ile-de-france","status":"publish","type":"post","link":"https:\/\/www.europesays.com\/fr\/136684\/","title":{"rendered":"Une c\u00e9l\u00e8bre influenceuse arr\u00eat\u00e9e et menott\u00e9e, des employ\u00e9s vomissaient du sang&#8230; l&rsquo;info en Ile-de-France"},"content":{"rendered":"<p>            Par<br \/>\n        <strong><br \/>\n            <a href=\"https:\/\/actu.fr\/auteur\/jerome-lemonnier\" title=\"Consulter tous les articles de J\u00e9r\u00f4me Lemonnier\" rel=\"nofollow noopener\" target=\"_blank\">J\u00e9r\u00f4me Lemonnier<\/a><br \/>\n        <\/strong><\/p>\n<p>        Publi\u00e9 le<\/p>\n<p>            29 mai 2025 \u00e0 12h10        <\/p>\n<p>L\u2019influenceuse\u00a0Rym Renom a \u00e9t\u00e9 arr\u00eat\u00e9e\u00a0le mercredi 28 mai 2025 \u00e0 l\u2019a\u00e9roport de Roissy Charles de Gaulle (d\u00e9p. 95 \u2013 Val-d\u2019Oise). Rym Renom, faisait l\u2019objet d\u2019un mandat d\u2019arr\u00eat dont elle avait connaissance. Elle \u00e9tait attendue \u00e0 la descente de l\u2019avion venant de Bali, par la Police aux fronti\u00e8res (Paf). Elle a imm\u00e9diatement \u00e9t\u00e9 transf\u00e9r\u00e9e au\u00a0<a href=\"https:\/\/actu.fr\/tag\/tribunal-de-versailles\" rel=\"nofollow noopener\" target=\"_blank\">tribunal de Versailles<\/a>\u00a0(Yvelines).<\/p>\n<p class=\" wall-content\">Un magasin Action d\u2019Evry, en Essonne, a \u00e9t\u00e9 ferm\u00e9 par la pr\u00e9fecture en raison de la pr\u00e9sence de rongeurs. Mais le jour de la d\u00e9ratisation, quatre employ\u00e9s ont fait des malaises et ont \u00e9t\u00e9 hospitalis\u00e9s.<\/p>\n<p class=\" wall-content\">Les\u00a0<b>flammes\u00a0<\/b>ont tout d\u00e9truit. Dans la nuit de\u00a0<b>jeudi 22\u00a0mai 2025<\/b>, un\u00a0<b>feu\u00a0<\/b>s\u2019est d\u00e9clar\u00e9 dans une entreprise de stockage sur la commune de\u00a0<a href=\"https:\/\/actu.fr\/ile-de-france\/vert-saint-denis_77495\" rel=\"nofollow noopener\" target=\"_blank\">Vert-Saint-Denis<\/a>\u00a0(<b>Seine-et-Marne<\/b>).<\/p>\n<p class=\" wall-content\">Pour redessiner la place Van-Gogh, inaugur\u00e9e le vendredi 23 mai 2025, les agents des services de la Ville de\u00a0<a href=\"https:\/\/actu.fr\/ile-de-france\/pontoise_95500\" rel=\"nofollow noopener\" target=\"_blank\">Pontoise<\/a>\u00a0(<a href=\"https:\/\/actu.fr\/la-gazette-du-val-d-oise\/\" rel=\"nofollow noopener\" target=\"_blank\">Val-d\u2019Oise<\/a>) sont all\u00e9s puiser leurs inspirations dans les peintures de Camille Pissarro, figure locale de l\u2019impressionnisme.<\/p>\n<p class=\" wall-content\">Coup de massue pour les partisans des<strong><a href=\"https:\/\/actu.fr\/societe\/zfe-supprimees-par-les-deputees-quel-impact-desormais-sur-les-millions-d-automobilistes-en-france_62704322.html\" rel=\"nofollow noopener\" target=\"_blank\">\u00a0zones \u00e0 faibles \u00e9missions (ZFE)<\/a><\/strong>, ces p\u00e9rim\u00e8tres restreignant la circulation des v\u00e9hicules thermiques les plus polluants. Mercredi 28 mai 2025, l\u2019<a href=\"https:\/\/actu.fr\/tag\/assemblee-nationale\" rel=\"nofollow noopener\" target=\"_blank\">Assembl\u00e9e nationale<\/a>\u00a0a approuv\u00e9\u00a0<a href=\"https:\/\/actu.fr\/societe\/la-fin-des-zfe-l-assemblee-nationale-approuve-leur-suppression_62704219.html\" rel=\"nofollow noopener\" target=\"_blank\">un article pr\u00e9voyant leur\u00a0<strong>suppression<\/strong><\/a>\u00a0dans le cadre du projet de loi de \u00ab\u00a0simplification\u00a0\u00bb, toujours en cours d\u2019examen dans l\u2019h\u00e9micycle.<\/p>\n<p>Les informations \u00e0 retenir ce jeudi 29 mai 2025, \u00e0 midi, en \u00cele-de-France<\/p>\n<p class=\"expresso-item wall-content\"><strong>Yvelines\/Seine-Saint-Denis. <\/strong><a title=\"Lire l&#039;article\" href=\"https:\/\/actu.fr\/faits-divers\/info-78actu-linfluenceuse-rym-renom-arretee-et-menottee-devant-ses-filles-a-laeroport-de-roissy_62704127.html\" rel=\"nofollow noopener\" target=\"_blank\"><strong>L\u2019influenceuse Rym Renom a \u00e9t\u00e9 arr\u00eat\u00e9e et menott\u00e9e devant ses filles \u00e0 l\u2019a\u00e9roport de Roissy<\/strong><\/a><br \/>INFO 78ACTU \u2013 L\u2019influence Rym Renom a \u00e9t\u00e9 arr\u00eat\u00e9e \u00e0 sa descente de l\u2019avion le mercredi 28 mai 2025. Elle a \u00e9t\u00e9 transf\u00e9r\u00e9e au tribunal de Versailles.<\/p>\n<p class=\"expresso-item wall-content\"><strong>Essonne. <\/strong><a title=\"Lire l&#039;article\" href=\"https:\/\/actu.fr\/ile-de-france\/evry-courcouronnes_91228\/rats-employes-qui-vomissent-du-sang-ce-magasin-action-ferme-par-les-autorites-en-essonne-voici-pourquoi_62702139.html\" rel=\"nofollow noopener\" target=\"_blank\"><strong>Rats, employ\u00e9s qui \u00ab\u00a0vomissent du sang\u00a0\u00bb\u2026 ce magasin Action ferm\u00e9 par les autorit\u00e9s en Essonne, voici pourquoi<\/strong><\/a><br \/>Le magasin a \u00e9t\u00e9 ferm\u00e9 par la pr\u00e9fecture en raison de la pr\u00e9sence de rongeurs. Mais le jour de la d\u00e9ratisation, quatre employ\u00e9s ont fait des malaises et ont \u00e9t\u00e9 hospitalis\u00e9s.<\/p>\n<p class=\"expresso-item wall-content\"><strong>Seine-et-Marne. <\/strong><a title=\"Lire l&#039;article\" href=\"https:\/\/actu.fr\/ile-de-france\/vert-saint-denis_77495\/en-photos-seine-et-marne-le-feu-ravage-lentrepot-dune-entreprise-de-stockage_62704632.html\" rel=\"nofollow noopener\" target=\"_blank\"><strong>Le feu ravage l\u2019entrep\u00f4t d\u2019une entreprise de stockage<\/strong><\/a><br \/>Dans la nuit du 22 mai, un incendie spectaculaire a d\u00e9truit le local d\u2019une entreprise bas\u00e9e \u00e0 Vert-Saint-Denis. Trente pompiers ont \u00e9t\u00e9 mobilis\u00e9s.<\/p>\n<p class=\"expresso-item wall-content\"><strong>Val-d\u2019Oise. <\/strong><a title=\"Lire l&#039;article\" href=\"https:\/\/actu.fr\/ile-de-france\/pontoise_95500\/dans-cette-ville-du-val-doise-on-transforme-une-place-goudronnee-en-jardin-public_62692138.html\" rel=\"nofollow noopener\" target=\"_blank\"><strong>Dans cette ville, on transforme une place goudronn\u00e9e en jardin public<\/strong><\/a><br \/>La r\u00e9alisation s\u2019inscrit dans le programme de v\u00e9g\u00e9talisation souhait\u00e9 par la municipalit\u00e9 en place depuis 2020 \u00e0 Pontoise (Val-d\u2019Oise).<\/p>\n<p class=\"expresso-item wall-content\"><strong>Paris. <\/strong><a title=\"Lire l&#039;article\" href=\"https:\/\/actu.fr\/societe\/stupide-la-honte-a-paris-des-elus-de-gauche-protestent-devant-la-possible-suppression-de-la-zfe_62704497.html\" rel=\"nofollow noopener\" target=\"_blank\"><strong>\u00ab\u00a0Stupide\u00a0\u00bb, \u00ab\u00a0la honte\u00a0\u00bb : des \u00e9lus de gauche protestent devant la possible suppression de la ZFE<\/strong><\/a><br \/>Alors que l\u2019Assembl\u00e9e nationale a vot\u00e9 un article pr\u00e9voyant la suppression des ZFE en France, \u00e0 Paris, les partisans de cette mesure de sant\u00e9 publique s\u2019\u00e9tranglent.<\/p>\n<p>Suivez-nous pour en savoir plus\u2009!<\/p>\n<p class=\" wall-content wall-content wall-content\">Vous voulez plus d\u2019infos sur l\u2019\u00cele-de-France\u2009? Vous pouvez nous retrouver sur Actu \u00cele-de-France. Pour nous suivre sur les r\u00e9seaux sociaux, dans vos d\u00e9partements\u2009:<\/p>\n<p class=\" wall-content wall-content wall-content\"><strong>Paris<\/strong>\u2009: retrouvez\u00a0actu\u00a0Paris\u00a0sur\u00a0<a href=\"https:\/\/www.facebook.com\/actufr.paris\/\" rel=\"nofollow noopener\" target=\"_blank\">Facebook<\/a>\u00a0et\u00a0<a href=\"https:\/\/twitter.com\/actufrparis\" rel=\"nofollow noopener\" target=\"_blank\">Twitter<\/a>\u2009;<br \/><strong>Seine-et-Marne<\/strong>\u2009: retrouvez\u00a0La R\u00e9publique de Seine-et-Marne\u00a0(sud) sur\u00a0<a href=\"https:\/\/www.facebook.com\/RepubliqueSeineMarne\/\" rel=\"nofollow noopener\" target=\"_blank\">Facebook<\/a>\u00a0et\u00a0<a href=\"https:\/\/twitter.com\/LaRep77\" rel=\"nofollow noopener\" target=\"_blank\">Twitter<\/a>\u2009;\u00a0La Marne\u00a0(nord) sur\u00a0<a href=\"https:\/\/www.facebook.com\/journallarmarne\/?__tn__=%2Cd%2CP-R&amp;eid=ARDLZc91LaHbXzDwChLLLQJVMBLx_ABJremTC2-RG0CYvg0f4f8CLvbV5G1Lli4g_6QoXDcKkU1_LX1W\" rel=\"nofollow noopener\" target=\"_blank\">Facebook<\/a>\u00a0et\u00a0<a href=\"https:\/\/twitter.com\/JournalLaMarne\" rel=\"nofollow noopener\" target=\"_blank\">Twitter<\/a>\u2009; et\u00a0Le Pays Briard\u00a0sur\u00a0<a href=\"https:\/\/www.facebook.com\/LePaysBriard\/?ref=bookmarks\" rel=\"nofollow noopener\" target=\"_blank\">Facebook<\/a>\u00a0et\u00a0<a href=\"https:\/\/twitter.com\/LePaysBriard\" rel=\"nofollow noopener\" target=\"_blank\">Twitter<\/a>\u2009;<br \/><strong>Yvelines\u2009:<\/strong>\u00a0retrouvez\u00a078actu\u00a0sur\u00a0<a href=\"https:\/\/www.facebook.com\/78actu\/\" rel=\"nofollow noopener\" target=\"_blank\">Facebook<\/a>\u00a0et\u00a0<a href=\"https:\/\/x.com\/78actu\" rel=\"nofollow\">Twitter<\/a>\u2009;<br \/><strong>Essonne\u2009:<\/strong>\u00a0retrouvez\u00a0actu Essonne\u00a0sur\u00a0<a href=\"https:\/\/www.facebook.com\/actuessonne\/?ref=br_rs\" rel=\"nofollow noopener\" target=\"_blank\">Facebook<\/a>\u00a0et\u00a0<a href=\"https:\/\/twitter.com\/ActuEssonne\" rel=\"nofollow noopener\" target=\"_blank\">Twitter<\/a>\u2009;<br \/><strong>Hauts-de-Seine\u2009:<\/strong>\u00a0retrouvez\u00a0actu\u00a0Hauts-de-Seine\u00a0sur\u00a0<a href=\"https:\/\/www.facebook.com\/actufr.hautsdeseine\/\" rel=\"nofollow noopener\" target=\"_blank\">Facebook<\/a>\u00a0et\u00a0<a href=\"https:\/\/twitter.com\/actufr92\" rel=\"nofollow noopener\" target=\"_blank\">Twitter<\/a>\u2009;<br \/><strong>Seine-Saint-Denis\u2009:<\/strong>\u00a0retrouvez actu Seine-Saint-Denis sur\u00a0<a href=\"https:\/\/www.facebook.com\/actufr.seinesaintdenis\/\" rel=\"nofollow noopener\" target=\"_blank\">Facebook<\/a>\u00a0et\u00a0<a href=\"https:\/\/x.com\/Actufr93\" rel=\"nofollow\">Twitter<\/a>\u2009;<br \/><strong>Val-de-Marne\u2009:<\/strong>\u00a0retrouvez actu Val-de-Marne sur\u00a0<a href=\"https:\/\/www.facebook.com\/actu94.valdemarne\/\" rel=\"nofollow noopener\" target=\"_blank\">Facebook\u00a0<\/a>et\u00a0<a href=\"https:\/\/x.com\/actufr94\" rel=\"nofollow\">Twitter\u2009<\/a>;<br \/><strong>Val-d\u2019Oise\u2009:<\/strong>\u00a0retrouvez La Gazette du Val-d\u2019Oise sur\u00a0<a href=\"https:\/\/x.com\/actufr94\" rel=\"nofollow\">Twitter<\/a><\/p>\n<p class=\" wall-content\">Suivez toute l\u2019actualit\u00e9 de vos villes et m\u00e9dias favoris en vous inscrivant \u00e0 <a href=\"https:\/\/moncompte.actu.fr\" title=\"D\u00e9couvez Mon Actu\" rel=\"nofollow noopener\" data-trk=\"{&quot;cta&quot;:{&quot;action&quot;:&quot;https:\\\/\\\/moncompte.actu.fr&quot;,&quot;category&quot;:&quot;mon compte&quot;,&quot;from&quot;:&quot;article footer&quot;,&quot;name&quot;:&quot;Mon actu&quot;,&quot;type&quot;:&quot;cta&quot;}}\" target=\"_blank\">Mon Actu<\/a>.<\/p>\n<p>                    <script async src=\"https:\/\/platform.twitter.com\/widgets.js\" charset=\"utf-8\"><\/script><\/p>\n","protected":false},"excerpt":{"rendered":"Par J\u00e9r\u00f4me Lemonnier Publi\u00e9 le 29 mai 2025 \u00e0 12h10 L\u2019influenceuse\u00a0Rym Renom a \u00e9t\u00e9 arr\u00eat\u00e9e\u00a0le mercredi 28 mai&hellip;\n","protected":false},"author":2,"featured_media":136685,"comment_status":"","ping_status":"","sticky":false,"template":"","format":"standard","meta":{"footnotes":""},"categories":[1592],"tags":[1111,11,215,1777,674,1011,27,662,12,626,1072,1311,25,104],"class_list":{"0":"post-136684","1":"post","2":"type-post","3":"status-publish","4":"format-standard","5":"has-post-thumbnail","7":"category-ile-de-france","8":"tag-actu","9":"tag-actualites","10":"tag-commerce","11":"tag-eu","12":"tag-europe","13":"tag-fr","14":"tag-france","15":"tag-ile-de-france","16":"tag-news","17":"tag-paris","18":"tag-police","19":"tag-pompiers","20":"tag-republique-francaise","21":"tag-societe"},"share_on_mastodon":{"url":"https:\/\/pubeurope.com\/@fr\/114590837841537929","error":""},"_links":{"self":[{"href":"https:\/\/www.europesays.com\/fr\/wp-json\/wp\/v2\/posts\/136684","targetHints":{"allow":["GET"]}}],"collection":[{"href":"https:\/\/www.europesays.com\/fr\/wp-json\/wp\/v2\/posts"}],"about":[{"href":"https:\/\/www.europesays.com\/fr\/wp-json\/wp\/v2\/types\/post"}],"author":[{"embeddable":true,"href":"https:\/\/www.europesays.com\/fr\/wp-json\/wp\/v2\/users\/2"}],"replies":[{"embeddable":true,"href":"https:\/\/www.europesays.com\/fr\/wp-json\/wp\/v2\/comments?post=136684"}],"version-history":[{"count":0,"href":"https:\/\/www.europesays.com\/fr\/wp-json\/wp\/v2\/posts\/136684\/revisions"}],"wp:featuredmedia":[{"embeddable":true,"href":"https:\/\/www.europesays.com\/fr\/wp-json\/wp\/v2\/media\/136685"}],"wp:attachment":[{"href":"https:\/\/www.europesays.com\/fr\/wp-json\/wp\/v2\/media?parent=136684"}],"wp:term":[{"taxonomy":"category","embeddable":true,"href":"https:\/\/www.europesays.com\/fr\/wp-json\/wp\/v2\/categories?post=136684"},{"taxonomy":"post_tag","embeddable":true,"href":"https:\/\/www.europesays.com\/fr\/wp-json\/wp\/v2\/tags?post=136684"}],"curies":[{"name":"wp","href":"https:\/\/api.w.org\/{rel}","templated":true}]}}