{"id":136694,"date":"2025-05-29T11:20:08","date_gmt":"2025-05-29T11:20:08","guid":{"rendered":"https:\/\/www.europesays.com\/fr\/136694\/"},"modified":"2025-05-29T11:20:08","modified_gmt":"2025-05-29T11:20:08","slug":"la-russie-attend-une-reponse-de-kiev-a-son-offre-de-pourparlers-lundi-a-istanbul-actualites","status":"publish","type":"post","link":"https:\/\/www.europesays.com\/fr\/136694\/","title":{"rendered":"La Russie attend une r\u00e9ponse de Kiev \u00e0 son offre de pourparlers lundi \u00e0 Istanbul : Actualit\u00e9s"},"content":{"rendered":"<p class=\"lead \">Le Kremlin a dit jeudi attendre la r\u00e9ponse de Kiev concernant sa proposition d&rsquo;une deuxi\u00e8me session de pourparlers directs \u00e0 Istanbul, lundi prochain, pour lui pr\u00e9senter ses conditions en vue d&rsquo;un accord de paix.<\/p>\n<p class=\"lead \">\u00ab\u00a0Pour autant que je sache, aucune r\u00e9ponse n&rsquo;a encore \u00e9t\u00e9 re\u00e7ue (&#8230;). Nous devons attendre la r\u00e9ponse de la partie ukrainienne\u00a0\u00bb, a dit Dmitri Peskov, le porte-parole du Kremlin, lors de son briefing quotidien.<\/p>\n<p class=\"lead \">L&rsquo;Ukraine n&rsquo;a pas refus\u00e9 cette rencontre, mais a soulign\u00e9 mercredi vouloir conna\u00eetre \u00e0 l&rsquo;avance le contenu du \u00ab\u00a0m\u00e9morandum\u00a0\u00bb russe cens\u00e9 exposer les conditions de Moscou afin de parvenir \u00e0 un accord de paix durable.<\/p>\n<p class=\"lead \">Jeudi, Dmitri Peskov a toutefois rejet\u00e9 cette \u00ab\u00a0exigence\u00a0\u00bb de Kiev.<\/p>\n<p class=\"lead \">Relanc\u00e9s mi-f\u00e9vrier par Washington, les pourparlers pour parvenir \u00e0 un r\u00e8glement diplomatique du conflit, d\u00e9clench\u00e9 en f\u00e9vrier 2022 par l&rsquo;attaque russe \u00e0 grande \u00e9chelle contre l&rsquo;Ukraine, n&rsquo;ont pour l&rsquo;heure pas donn\u00e9 de r\u00e9sultats probants.<\/p>\n<p class=\"lead \">Des d\u00e9l\u00e9gations russe et ukrainienne se sont retrouv\u00e9es lors de discussions le 16 mai, d\u00e9j\u00e0 \u00e0 Istanbul, lors des premi\u00e8res n\u00e9gociations de paix directes entre Kiev et Moscou depuis le printemps 2022.<\/p>\n<p class=\"lead \">&#8211; Appel Rubio-Lavrov &#8211;<\/p>\n<p class=\"lead \">Ces \u00e9changes \u00e0 Istanbul n&rsquo;avaient toutefois pas abouti \u00e0 une perc\u00e9e. Les deux camps s&rsquo;\u00e9taient n\u00e9anmoins engag\u00e9s \u00e0 proc\u00e9der \u00e0 un \u00e9change de prisonniers d&rsquo;une ampleur in\u00e9dite, 1.000 personnes contre 1.000 personnes, qui s&rsquo;est achev\u00e9 le week-end dernier.<\/p>\n<p class=\"lead \">Les positions officielles des deux bellig\u00e9rants semblent difficilement conciliables : la Russie exige notamment que l&rsquo;Ukraine renonce \u00e0 jamais \u00e0 rejoindre l&rsquo;Otan et lui c\u00e8de les cinq r\u00e9gions dont elle revendique l&rsquo;annexion, ce qui est inacceptable pour les autorit\u00e9s ukrainiennes.<\/p>\n<p class=\"lead \">Le pr\u00e9sident turc Recep Tayyip Erdogan a lui appel\u00e9 Russie et Ukraine \u00e0 ne pas \u00ab\u00a0fermer la porte\u00a0\u00bb au dialogue, en disant \u00eatre contact avec les deux parties et esp\u00e9rer la reprise lundi de pourparlers en Turquie.<\/p>\n<p class=\"lead \">Le chef de la diplomatie russe Sergue\u00ef Lavrov a de son c\u00f4t\u00e9 expliqu\u00e9 mercredi au t\u00e9l\u00e9phone \u00e0 son homologue am\u00e9ricain Marco Rubio comment son pays entendait entamer des discussions avec les Ukrainiens en Turquie, selon Moscou.<\/p>\n<p class=\"lead \">Marco Rubio a lui appel\u00e9 Moscou \u00e0 \u00ab\u00a0un dialogue constructif et de bonne foi avec l&rsquo;Ukraine, seul moyen de mettre fin \u00e0 cette guerre\u00a0\u00bb, d&rsquo;apr\u00e8s un communiqu\u00e9 publi\u00e9 mercredi.<\/p>\n<p class=\"lead \">Le pr\u00e9sident am\u00e9ricain Donald Trump, qui s&rsquo;est rapproch\u00e9 de Moscou pour faire avancer les n\u00e9gociations, a adopt\u00e9 ces derniers jours un ton plus dur \u00e0 l&rsquo;\u00e9gard de son homologue russe Vladimir Poutine du fait de la poursuite, le week-end dernier, de bombardements russes meurtriers en Ukraine.<\/p>\n<p class=\"lead \">M. Trump a toutefois \u00e9cart\u00e9 mercredi, pour l&rsquo;heure, des sanctions am\u00e9ricaines contre Moscou, pourtant demand\u00e9es par Kiev, en disant ne pas vouloir \u00ab\u00a0faire capoter\u00a0\u00bb un accord de paix avec de telles mesures.<\/p>\n<p class=\"lead \">&#8211; Au moins cinq civils tu\u00e9s &#8211;<\/p>\n<p class=\"lead \">Sur le terrain, les attaques nocturnes entre les deux camps se poursuivent.<\/p>\n<p class=\"lead \">Jeudi matin, l&rsquo;arm\u00e9e russe a affirm\u00e9 avoir neutralis\u00e9 pendant la nuit 48 drones ukrainiens. Selon le maire de Moscou, Sergue\u00ef Sobianine, trois drones ont \u00e9t\u00e9 notamment abattus alors qu&rsquo;ils se dirigeaient vers la capitale russe et l&rsquo;un d&rsquo;entre eux a percut\u00e9 un immeuble sur une avenue du sud-ouest de la ville.<\/p>\n<p class=\"lead \">Dans la nuit de mercredi \u00e0 jeudi, l&rsquo;arm\u00e9e de l&rsquo;air ukrainienne a pour sa part affirm\u00e9 que le pays avait subi une attaque de 90 drones et a dit avoir d\u00e9truit 56 de ces cibles.<\/p>\n<p class=\"lead \">Selon les autorit\u00e9s ukrainiennes, au moins cinq civils ont \u00e9t\u00e9 tu\u00e9s par des frappes russes : deux par des drones dans la r\u00e9gion de Kherson, l&rsquo;un par un missile ayant vis\u00e9 une ferme dans la r\u00e9gion de Mikola\u00efv, un autre par une frappe d&rsquo;artillerie dans la r\u00e9gion de Donetsk et un homme par un tir de drone dans la r\u00e9gion de Soumy.<\/p>\n<p class=\"lead \">Sur la ligne de front, l&rsquo;arm\u00e9e russe, plus nombreuse et mieux \u00e9quip\u00e9e que celle de Kiev, poursuit par ailleurs des actions offensives dans certains secteurs, en d\u00e9pit de lourdes pertes accumul\u00e9es depuis 2022.<\/p>\n<p class=\"lead \">Jeudi, le minist\u00e8re russe de la D\u00e9fense a affirm\u00e9 que ses troupes s&rsquo;\u00e9taient empar\u00e9es de deux villages ukrainiens dans la r\u00e9gion de Donetsk (est), \u00e9picentre des combats, ainsi que d&rsquo;une autre localit\u00e9 dans la r\u00e9gion de Kharkiv (nord-est).<\/p>\n<p class=\"small font-weight-bold text-gray3 \"> publi\u00e9 le 29 mai \u00e0 13h03, AFP<\/p>\n<p>                             Partager<\/p>\n","protected":false},"excerpt":{"rendered":"Le Kremlin a dit jeudi attendre la r\u00e9ponse de Kiev concernant sa proposition d&rsquo;une deuxi\u00e8me session de pourparlers&hellip;\n","protected":false},"author":2,"featured_media":136695,"comment_status":"","ping_status":"","sticky":false,"template":"","format":"standard","meta":{"footnotes":""},"categories":[1591],"tags":[11,2120,312,1887,12,1885,1886,132,220,308],"class_list":{"0":"post-136694","1":"post","2":"type-post","3":"status-publish","4":"format-standard","5":"has-post-thumbnail","7":"category-russie","8":"tag-actualites","9":"tag-conflit","10":"tag-diplomatie","11":"tag-federation-de-russie","12":"tag-news","13":"tag-russia","14":"tag-russian-federation","15":"tag-russie","16":"tag-ukraine","17":"tag-usa"},"share_on_mastodon":{"url":"https:\/\/pubeurope.com\/@fr\/114590857754275029","error":""},"_links":{"self":[{"href":"https:\/\/www.europesays.com\/fr\/wp-json\/wp\/v2\/posts\/136694","targetHints":{"allow":["GET"]}}],"collection":[{"href":"https:\/\/www.europesays.com\/fr\/wp-json\/wp\/v2\/posts"}],"about":[{"href":"https:\/\/www.europesays.com\/fr\/wp-json\/wp\/v2\/types\/post"}],"author":[{"embeddable":true,"href":"https:\/\/www.europesays.com\/fr\/wp-json\/wp\/v2\/users\/2"}],"replies":[{"embeddable":true,"href":"https:\/\/www.europesays.com\/fr\/wp-json\/wp\/v2\/comments?post=136694"}],"version-history":[{"count":0,"href":"https:\/\/www.europesays.com\/fr\/wp-json\/wp\/v2\/posts\/136694\/revisions"}],"wp:featuredmedia":[{"embeddable":true,"href":"https:\/\/www.europesays.com\/fr\/wp-json\/wp\/v2\/media\/136695"}],"wp:attachment":[{"href":"https:\/\/www.europesays.com\/fr\/wp-json\/wp\/v2\/media?parent=136694"}],"wp:term":[{"taxonomy":"category","embeddable":true,"href":"https:\/\/www.europesays.com\/fr\/wp-json\/wp\/v2\/categories?post=136694"},{"taxonomy":"post_tag","embeddable":true,"href":"https:\/\/www.europesays.com\/fr\/wp-json\/wp\/v2\/tags?post=136694"}],"curies":[{"name":"wp","href":"https:\/\/api.w.org\/{rel}","templated":true}]}}