{"id":136696,"date":"2025-05-29T11:21:09","date_gmt":"2025-05-29T11:21:09","guid":{"rendered":"https:\/\/www.europesays.com\/fr\/136696\/"},"modified":"2025-05-29T11:21:09","modified_gmt":"2025-05-29T11:21:09","slug":"guerre-en-ukraine-moscou-attend-une-reponse-de-kiev-pour-une-reprise-des-pourparlers-lundi-a-istanbul","status":"publish","type":"post","link":"https:\/\/www.europesays.com\/fr\/136696\/","title":{"rendered":"Guerre en Ukraine. Moscou attend une r\u00e9ponse de Kiev pour une reprise des pourparlers lundi \u00e0 Istanbul"},"content":{"rendered":"<p>La Russie et l&rsquo;Ukraine vont-ils reprendre les discussions en vue d&rsquo;un \u00e9ventuel cessez-le-feu dans <a href=\"https:\/\/www.ledauphine.com\/france-monde\/ukraine\" target=\"_blank\" rel=\"nofollow noopener\">la guerre qui les oppose<\/a> depuis f\u00e9vrier 2022\u00a0? \u00ab Pour autant que je sache, aucune r\u00e9ponse n&rsquo;a encore \u00e9t\u00e9 re\u00e7ue (&#8230;). Nous devons attendre la r\u00e9ponse de la partie ukrainienne \u00bb, a dit le porte-parole du Kremlin Dmitri Peskov, lors de son briefing quotidien, au sujet <a href=\"https:\/\/www.ledauphine.com\/defense-guerre-conflit\/2025\/05\/28\/moscou-propose-une-deuxieme-seance-de-pourparlers-avec-kiev-le-2-juin-a-istanbul\" target=\"_blank\" rel=\"nofollow noopener\">d&rsquo;une deuxi\u00e8me session de pourparlers directs<\/a> \u00e0 Istanbul (Turquie), lundi prochain.<\/p>\n<p>L&rsquo;Ukraine n&rsquo;a pas refus\u00e9 cette rencontre, mais a soulign\u00e9 mercredi vouloir conna\u00eetre \u00e0 l&rsquo;avance le contenu du \u00ab m\u00e9morandum \u00bb russe cens\u00e9 exposer les conditions de Moscou afin de parvenir \u00e0 un accord de paix durable. Jeudi, Dmitri Peskov a toutefois rejet\u00e9 cette \u00ab exigence \u00bb de Kiev.<\/p>\n<p>Relanc\u00e9s mi-f\u00e9vrier par Washington, les pourparlers pour parvenir \u00e0 un r\u00e8glement diplomatique du conflit, d\u00e9clench\u00e9 en f\u00e9vrier 2022 par l&rsquo;attaque russe \u00e0 grande \u00e9chelle contre l&rsquo;Ukraine, n&rsquo;ont pour l&rsquo;heure pas donn\u00e9 de r\u00e9sultats probants. Des d\u00e9l\u00e9gations russe et ukrainienne se sont retrouv\u00e9es <a href=\"https:\/\/www.ledauphine.com\/defense-guerre-conflit\/2025\/05\/16\/guerre-en-ukraine-kiev-et-moscou-vont-negocier-directement-a-istanbul-ce-vendredi-une-premiere-depuis-trois-ans\" target=\"_blank\" rel=\"nofollow noopener\">lors de discussions le 16 mai<\/a>, d\u00e9j\u00e0 \u00e0 Istanbul, lors des premi\u00e8res n\u00e9gociations de paix directes entre Kiev et Moscou depuis le printemps 2022.<\/p>\n<p>Appel Rubio-Lavrov<\/p>\n<p>Ces \u00e9changes n&rsquo;avaient toutefois pas abouti \u00e0 une perc\u00e9e. Les deux camps s&rsquo;\u00e9taient n\u00e9anmoins engag\u00e9s \u00e0 proc\u00e9der \u00e0 <a href=\"https:\/\/www.ledauphine.com\/defense-guerre-conflit\/2025\/05\/23\/donald-trump-annonce-un-gros-echange-de-prisonniers-entre-moscou-et-kiev\" target=\"_blank\" rel=\"nofollow noopener\">un \u00e9change de prisonniers d&rsquo;une ampleur in\u00e9dite<\/a>, 1 000 personnes contre 1 000 personnes, <a href=\"https:\/\/www.ledauphine.com\/defense-guerre-conflit\/2025\/05\/25\/nouvelle-nuit-de-terreur-pres-de-kiev-avant-le-dernier-echange-de-prisonniers\" target=\"_blank\" rel=\"nofollow noopener\">qui s&rsquo;est achev\u00e9 le week-end dernier<\/a>. Les positions officielles des deux bellig\u00e9rants semblent difficilement conciliables : la Russie exige notamment que l&rsquo;Ukraine renonce \u00e0 jamais \u00e0 rejoindre l&rsquo;Otan et lui c\u00e8de les cinq r\u00e9gions dont elle revendique l&rsquo;annexion, ce qui est inacceptable pour les autorit\u00e9s ukrainiennes.<\/p>\n<p>Le chef de la diplomatie russe Sergue\u00ef Lavrov a de son c\u00f4t\u00e9 expliqu\u00e9 mercredi au t\u00e9l\u00e9phone \u00e0 son homologue am\u00e9ricain Marco Rubio comment son pays entendait entamer des discussions avec les Ukrainiens en Turquie, selon Moscou. Marco Rubio a lui appel\u00e9 Moscou \u00e0 \u00ab un dialogue constructif et de bonne foi avec l&rsquo;Ukraine, seul moyen de mettre fin \u00e0 cette guerre \u00bb, d&rsquo;apr\u00e8s un communiqu\u00e9 publi\u00e9 mercredi.<\/p>\n<p>Le pr\u00e9sident am\u00e9ricain <a href=\"https:\/\/www.ledauphine.com\/p\/donald-trump\" target=\"_blank\" rel=\"nofollow noopener\">Donald Trump<\/a>, qui s&rsquo;est rapproch\u00e9 de Moscou pour faire avancer les n\u00e9gociations, a adopt\u00e9 ces derniers jours un ton plus dur \u00e0 l&rsquo;\u00e9gard de son homologue russe <a href=\"https:\/\/www.ledauphine.com\/p\/vladimir-poutine\" target=\"_blank\" rel=\"nofollow noopener\">Vladimir Poutine<\/a> du fait de la poursuite, le week-end dernier, de bombardements russes meurtriers en Ukraine. Donald Trump a toutefois \u00e9cart\u00e9 mercredi, pour l&rsquo;heure, des sanctions am\u00e9ricaines contre Moscou, pourtant demand\u00e9es par Kiev, en disant ne pas vouloir \u00ab faire capoter \u00bb un accord de paix avec de telles mesures.<\/p>\n<p>Au moins cinq civils tu\u00e9s, trois villages repris par la Russie<\/p>\n<p>Sur le terrain, les attaques nocturnes entre les deux camps se poursuivent. Jeudi matin, l&rsquo;arm\u00e9e russe a affirm\u00e9 avoir neutralis\u00e9 pendant la nuit 48 drones ukrainiens. Selon le maire de Moscou, Sergue\u00ef Sobianine, trois drones ont \u00e9t\u00e9 notamment abattus alors qu&rsquo;ils se dirigeaient vers la capitale russe et l&rsquo;un d&rsquo;entre eux a percut\u00e9 un immeuble sur une avenue du sud-ouest de la ville.<\/p>\n<p>Dans la nuit de mercredi \u00e0 jeudi, l&rsquo;arm\u00e9e de l&rsquo;air ukrainienne a pour sa part affirm\u00e9 que le pays avait subi une attaque de 90 drones et a dit avoir d\u00e9truit 56 de ces cibles. Selon les autorit\u00e9s ukrainiennes, au moins cinq civils ont \u00e9t\u00e9 tu\u00e9s par des frappes russes : deux par des drones dans la r\u00e9gion de Kherson, l&rsquo;un par un missile ayant vis\u00e9 une ferme dans la r\u00e9gion de Mikola\u00efv, un autre par une frappe d&rsquo;artillerie dans la r\u00e9gion de Donetsk et un homme par un tir de drone dans la r\u00e9gion de Soumy.<\/p>\n<p>Sur la ligne de front, l&rsquo;arm\u00e9e russe, plus nombreuse et mieux \u00e9quip\u00e9e que celle de Kiev, poursuit par ailleurs des actions offensives dans certains secteurs, en d\u00e9pit de lourdes pertes accumul\u00e9es depuis 2022. Jeudi, le minist\u00e8re russe de la D\u00e9fense a affirm\u00e9 que ses troupes s&rsquo;\u00e9taient empar\u00e9es de deux villages ukrainiens dans la r\u00e9gion de Donetsk (est), \u00e9picentre des combats, ainsi que d&rsquo;une autre localit\u00e9 dans la r\u00e9gion de Kharkiv (nord-est). Le pr\u00e9sident ukrainien, <a href=\"https:\/\/www.ledauphine.com\/p\/volodymyr-zelensky\" target=\"_blank\" rel=\"nofollow noopener\">Volodymyr Zelensky<\/a>, a affirm\u00e9 mardi que l&rsquo;arm\u00e9e russe massait 50 000 soldats en vue d&rsquo;une possible attaque contre la r\u00e9gion ukrainienne de Soumy (nord-est), frontali\u00e8re de la Russie.<\/p>\n","protected":false},"excerpt":{"rendered":"La Russie et l&rsquo;Ukraine vont-ils reprendre les discussions en vue d&rsquo;un \u00e9ventuel cessez-le-feu dans la guerre qui les&hellip;\n","protected":false},"author":2,"featured_media":136697,"comment_status":"","ping_status":"","sticky":false,"template":"","format":"standard","meta":{"footnotes":""},"categories":[1590],"tags":[11,3206,1777,674,107,329,12,220],"class_list":{"0":"post-136696","1":"post","2":"type-post","3":"status-publish","4":"format-standard","5":"has-post-thumbnail","7":"category-ukraine","8":"tag-actualites","9":"tag-defense-guerre-conflit","10":"tag-eu","11":"tag-europe","12":"tag-fil-info","13":"tag-france-monde","14":"tag-news","15":"tag-ukraine"},"share_on_mastodon":{"url":"https:\/\/pubeurope.com\/@fr\/114590861714659816","error":""},"_links":{"self":[{"href":"https:\/\/www.europesays.com\/fr\/wp-json\/wp\/v2\/posts\/136696","targetHints":{"allow":["GET"]}}],"collection":[{"href":"https:\/\/www.europesays.com\/fr\/wp-json\/wp\/v2\/posts"}],"about":[{"href":"https:\/\/www.europesays.com\/fr\/wp-json\/wp\/v2\/types\/post"}],"author":[{"embeddable":true,"href":"https:\/\/www.europesays.com\/fr\/wp-json\/wp\/v2\/users\/2"}],"replies":[{"embeddable":true,"href":"https:\/\/www.europesays.com\/fr\/wp-json\/wp\/v2\/comments?post=136696"}],"version-history":[{"count":0,"href":"https:\/\/www.europesays.com\/fr\/wp-json\/wp\/v2\/posts\/136696\/revisions"}],"wp:featuredmedia":[{"embeddable":true,"href":"https:\/\/www.europesays.com\/fr\/wp-json\/wp\/v2\/media\/136697"}],"wp:attachment":[{"href":"https:\/\/www.europesays.com\/fr\/wp-json\/wp\/v2\/media?parent=136696"}],"wp:term":[{"taxonomy":"category","embeddable":true,"href":"https:\/\/www.europesays.com\/fr\/wp-json\/wp\/v2\/categories?post=136696"},{"taxonomy":"post_tag","embeddable":true,"href":"https:\/\/www.europesays.com\/fr\/wp-json\/wp\/v2\/tags?post=136696"}],"curies":[{"name":"wp","href":"https:\/\/api.w.org\/{rel}","templated":true}]}}