{"id":136733,"date":"2025-05-29T11:44:18","date_gmt":"2025-05-29T11:44:18","guid":{"rendered":"https:\/\/www.europesays.com\/fr\/136733\/"},"modified":"2025-05-29T11:44:18","modified_gmt":"2025-05-29T11:44:18","slug":"un-simple-accident-valeur-sentimentale-lagent-secret-quand-pourra-t-on-voir-les-films-primes-a-cannes","status":"publish","type":"post","link":"https:\/\/www.europesays.com\/fr\/136733\/","title":{"rendered":"Un simple accident, Valeur sentimentale, L\u2019Agent secret&#8230;Quand pourra-t-on voir les films prim\u00e9s \u00e0 Cannes ?"},"content":{"rendered":"<p>Si le long-m\u00e9trage des fr\u00e8res Dardenne est d\u00e9j\u00e0 disponible en salles, les autres films r\u00e9compens\u00e9s sur la Croisette sortiront d\u00e8s fin juin pour une sortie qui s\u2019\u00e9tirera jusqu\u2019\u00e0 janvier.<\/p>\n<p class=\"fig-paragraph\">Apr\u00e8s onze jours de comp\u00e9tition, le\u00a0<a href=\"http:\/\/www.lefigaro.fr\/festival-de-cannes\/c-est-conclave-avec-du-champagne-jeremy-strong-raconte-son-experience-de-jure-au-festival-de-cannes-20250526\" target=\"_blank\" data-fig-type=\"Article\" rel=\"noopener nofollow\" data-gtm-custom-categorie=\"navigation\" data-gtm-custom-action=\"crossclick\" data-gtm-custom-label=\"Contextuel\" data-gtm-event=\"customEventSPE\" data-fig-domain=\"LEFIGARO\">Festival de Cannes\u00a0<\/a>a donn\u00e9, samedi 24 mai au soir, le clap de fin de sa 78e \u00e9dition.\u00a0<a href=\"http:\/\/www.lefigaro.fr\/festival-de-cannes\/une-gifle-a-la-dictature-le-plus-politique-pas-une-surprise-le-palmares-de-cannes-vu-de-l-etranger-20250526\" target=\"_blank\" data-fig-type=\"Article\" rel=\"noopener nofollow\" data-gtm-custom-categorie=\"navigation\" data-gtm-custom-action=\"crossclick\" data-gtm-custom-label=\"Contextuel\" data-gtm-event=\"customEventSPE\" data-fig-domain=\"LEFIGARO\">Un simple accident\u00a0<\/a> de Jafar Panahi a succ\u00e9d\u00e9 \u00e0 Anora de Sean Baker en recevant la palme d\u2019or, pour un film tourn\u00e9 en clandestinit\u00e9 exposant le dilemme moral d\u2019Iraniens tent\u00e9s de se venger de leurs tortionnaires. De son c\u00f4t\u00e9, Valeur Sentimentale a \u00e9t\u00e9 r\u00e9compens\u00e9 du Grand Prix et L\u2019Agent secret, doublement distingu\u00e9 par le prix de la mise en sc\u00e8ne et celui de l\u2019interpr\u00e9tation masculine pour<a href=\"http:\/\/www.lefigaro.fr\/festival-de-cannes\/wagner-moura-magnifique-agent-secret-20250524\" target=\"_blank\" data-fig-type=\"Article\" rel=\"noopener nofollow\" data-gtm-custom-categorie=\"navigation\" data-gtm-custom-action=\"crossclick\" data-gtm-custom-label=\"Contextuel\" data-gtm-event=\"customEventSPE\" data-fig-domain=\"LEFIGARO\">\u00a0Wagner Moura.<\/a>\u00a0Voici les dates de sorties pour les films prim\u00e9s en comp\u00e9tition officielle, dans la section Un Certain Regard et de la Semaine de la Critique.<\/p>\n<p class=\"fig-body-link\">\n            \u00c0 lire aussi<br \/>\n        <a class=\"fig-body-link__link\" href=\"http:\/\/www.lefigaro.fr\/festival-de-cannes\/cannes-2025-le-palmares-complet-de-la-78e-edition-avec-un-simple-accident-valeur-sentimentale-l-agent-secret-20250524\" target=\"_blank\" data-fig-type=\"NewsFlash\" rel=\"noopener nofollow\" data-gtm-custom-categorie=\"navigation\" data-gtm-custom-action=\"crossclick\" data-gtm-custom-label=\"Contextuel\" data-gtm-event=\"customEventSPE\" data-fig-domain=\"LEFIGARO\">Cannes 2025\u00a0: le palmar\u00e8s complet de la 78e \u00e9dition avec Un simple accident, Valeur sentimentale, L\u2019Agent Secret&#8230;<br \/>\n    <\/a>\n<\/p>\n<p>Jeunes M\u00e8res des fr\u00e8res Dardenne &#8211; Actuellement au cin\u00e9ma<\/p>\n<p class=\"fig-paragraph\">Certains films prim\u00e9s sur la Croisette sont d\u00e9j\u00e0 disponibles dans les salles obscures. C\u2019est le cas de Jeunes M\u00e8res de Jean-Pierre et Luc Dardenne, r\u00e9compens\u00e9 du prix du sc\u00e9nario, diffus\u00e9 au cin\u00e9ma depuis le 23 mai. Dans ce nouveau long-m\u00e9trage, les cin\u00e9astes, r\u00e9compens\u00e9s huit fois au Festival de Cannes depuis le d\u00e9but de leur carri\u00e8re, racontent le destin de cinq adolescentes devenues m\u00e8res. Jessica, Perla, Julie, Ariane et Na\u00efma, h\u00e9berg\u00e9es dans une maison maternelle, se battent pour parvenir \u00e0 une vie meilleure pour elles-m\u00eames mais aussi pour leur enfant.<\/p>\n<p class=\"fig-body-link\">\n            \u00c0 lire aussi<br \/>\n        <a class=\"fig-body-link__link fig-premium-mark\" href=\"http:\/\/www.lefigaro.fr\/festival-de-cannes\/cannes-2025-notre-critique-de-jeunes-meres-des-freres-dardenne-accouchement-avec-douleur-20250522\" target=\"_blank\" data-fig-type=\"Article\" rel=\"noopener nofollow\" data-gtm-custom-categorie=\"navigation\" data-gtm-custom-action=\"crossclick\" data-gtm-custom-label=\"Contextuel\" data-gtm-event=\"customEventSPE\" data-fig-domain=\"LEFIGARO\">Cannes 2025\u00a0: notre critique de Jeunes m\u00e8res, des fr\u00e8res Dardenne, accouchement avec douleur<br \/>\n    <\/a>\n<\/p>\n<p>Valeur sentimentale de Joachim Trier &#8211; 20 ao\u00fbt<\/p>\n<p class=\"fig-paragraph\">C\u2019\u00e9tait un des petits favoris de cette comp\u00e9tition, o\u00f9 l\u2019\u00e9quipe du film de Joachim Trier a re\u00e7u une standing ovation de 19 minutes, soit le record pour cette 78e \u00e9dition. Dans Valeur sentimentale, un cin\u00e9aste de renom essaye de renouer avec ses deux filles en proposant \u00e0 l\u2019une d\u2019entre elles un r\u00f4le dans son prochain film. Mais elle refuse. Le r\u00f4le reviendra alors \u00e0 une jeune star hollywoodienne, ravivant des souvenirs de famille douloureux. Le long-m\u00e9trage du r\u00e9alisateur norv\u00e9gien prim\u00e9 samedi soir du Grand Prix sortira en salles le 20 ao\u00fbt.<\/p>\n<p class=\"fig-body-link\">\n            \u00c0 lire aussi<br \/>\n        <a class=\"fig-body-link__link fig-premium-mark\" href=\"http:\/\/www.lefigaro.fr\/festival-de-cannes\/cannes-2025-notre-critique-de-valeur-sentimentale-la-famille-qui-bouleverse-la-croisette-20250521\" target=\"_blank\" data-fig-type=\"Article\" rel=\"noopener nofollow\" data-gtm-custom-categorie=\"navigation\" data-gtm-custom-action=\"crossclick\" data-gtm-custom-label=\"Contextuel\" data-gtm-event=\"customEventSPE\" data-fig-domain=\"LEFIGARO\">Cannes 2025\u00a0: notre critique de Valeur sentimentale, grand prix du Festival de Cannes<br \/>\n    <\/a>\n<\/p>\n<p><strong>Sir\u0101t <\/strong>d\u2019Oliver Laxe &#8211; 3 septembre<\/p>\n<p class=\"fig-paragraph\">Oliver Laxe a s\u00e9duit le jury pr\u00e9sid\u00e9 par Juliette Binoche avec Sir\u0101t, le road-trip d\u2019un p\u00e8re et son fils qui se retrouvent dans une rave party au c\u0153ur des montagnes du sud du Maroc pour partir \u00e0 la recherche de Mar (fille et s\u0153ur) disparue lors de l\u2019une de ces f\u00eates. Plong\u00e9s dans la musique \u00e9lectronique et dans une libert\u00e9 brute qui leur est \u00e9trang\u00e8re, ils distribuent inlassablement sa photo. L\u2019espoir s\u2019amenuise, mais ils s\u2019obstinent et suivent un groupe de ravers vers une derni\u00e8re f\u00eate dans le d\u00e9sert. Le film du r\u00e9alisateur franco-espagnol, r\u00e9compens\u00e9 du Prix du jury ex aequo avec The Sound of Falling, sera disponible le 3 septembre.<\/p>\n<p class=\"fig-body-link\">\n            \u00c0 lire aussi<br \/>\n        <a class=\"fig-body-link__link fig-premium-mark\" href=\"http:\/\/www.lefigaro.fr\/festival-de-cannes\/notre-critique-de-sirat-un-road-movie-indigne-20250515\" target=\"_blank\" data-fig-type=\"Article\" rel=\"noopener nofollow\" data-gtm-custom-categorie=\"navigation\" data-gtm-custom-action=\"crossclick\" data-gtm-custom-label=\"Contextuel\" data-gtm-event=\"customEventSPE\" data-fig-domain=\"LEFIGARO\">Cannes 2025\u00a0: notre critique de Sirat, un road movie indigne<br \/>\n    <\/a>\n<\/p>\n<p>Un simple accident de <strong>Jafar Panahi &#8211; 1er octobre<\/strong><\/p>\n<p class=\"fig-paragraph\">C\u2019est le film qui a \u00e9mu la Croisette. \u00c0 tel point qu\u2019il a re\u00e7u la palme d\u2019or. Un simple accident de Jafar Panahi, tourn\u00e9 dans la clandestinit\u00e9, expose le dilemme moral d\u2019Iraniens tent\u00e9s de se venger de leurs tortionnaires.\u00a0Initialement pr\u00e9vue pour le 10 septembre, la date de sortie a finalement \u00e9t\u00e9 report\u00e9e au 1er octobre pour \u00ab\u00a0maximiser son impact en salles\u00a0\u00bb.<\/p>\n<p class=\"fig-body-link\">\n            \u00c0 lire aussi<br \/>\n        <a class=\"fig-body-link__link fig-premium-mark\" href=\"http:\/\/www.lefigaro.fr\/festival-de-cannes\/cannes-2025-notre-critique-d-un-simple-accident-l-iran-dans-toute-sa-terreur-20250520\" target=\"_blank\" data-fig-type=\"Article\" rel=\"noopener nofollow\" data-gtm-custom-categorie=\"navigation\" data-gtm-custom-action=\"crossclick\" data-gtm-custom-label=\"Contextuel\" data-gtm-event=\"customEventSPE\" data-fig-domain=\"LEFIGARO\">Notre critique d\u2019Un simple accident, palme d\u2019or du 78e Festival de Cannes<br \/>\n    <\/a>\n<\/p>\n<p>La Petite Derni\u00e8re de Hafsia Herzi &#8211; 1er octobre<\/p>\n<p class=\"fig-paragraph\">R\u00e9compens\u00e9 de la Queer Palm, La Petite Derni\u00e8re de Hafsia Herzi retrace l\u2019\u00e9mancipation sexuelle et sentimentale de Fatima, une jeune homosexuelle musulmane vivant en banlieue. Ajoutons que\u00a0<a href=\"http:\/\/www.lefigaro.fr\/festival-de-cannes\/cannes-2025-nadia-melliti-prix-de-la-meilleure-actrice-pour-la-petite-derniere-20250524\" data-fig-type=\"Article\" data-gtm-custom-categorie=\"navigation\" data-gtm-custom-action=\"crossclick\" data-gtm-custom-label=\"Contextuel\" data-gtm-event=\"customEventSPE\" data-fig-domain=\"LEFIGARO\" rel=\"nofollow noopener\" target=\"_blank\">Nadia Melliti<\/a>\u00a0a remport\u00e9 le prix de l\u2019interpr\u00e9tation f\u00e9minine pour ce r\u00f4le, qui est son premier au cin\u00e9ma. Ce film est adapt\u00e9 du premier roman, d\u2019inspiration autobiographique, de Fatima Daas, publi\u00e9 en 2020. Le long-m\u00e9trage sera disponible en salles d\u00e8s le 1er octobre.<\/p>\n<p class=\"fig-body-link\">\n            \u00c0 lire aussi<br \/>\n        <a class=\"fig-body-link__link fig-premium-mark\" href=\"http:\/\/www.lefigaro.fr\/festival-de-cannes\/notre-critique-de-la-petite-derniere-un-regard-sensuel-et-delicat-sur-une-jeune-musulmane-lesbienne-20250516\" target=\"_blank\" data-fig-type=\"Article\" rel=\"noopener nofollow\" data-gtm-custom-categorie=\"navigation\" data-gtm-custom-action=\"crossclick\" data-gtm-custom-label=\"Contextuel\" data-gtm-event=\"customEventSPE\" data-fig-domain=\"LEFIGARO\">Cannes 2025\u00a0: notre critique de La Petite Derni\u00e8re, un regard d\u00e9licat sur une jeune musulmane lesbienne<br \/>\n    <\/a>\n<\/p>\n<p>L\u2019Agent secret de <strong>Kleber Mendon\u00e7a Filho &#8211; 14 janvier<\/strong><\/p>\n<p class=\"fig-paragraph\">C\u2019est le seul film qui a doublement \u00e9t\u00e9 r\u00e9compens\u00e9 lors de cette 78e \u00e9dition du Festival de Cannes. L\u2019Agent secret, laur\u00e9at du prix de la mise en sc\u00e8ne et du prix d\u2019interpr\u00e9tation masculine pour Wagner Moura, est d\u00e9j\u00e0 l\u2019un des films les plus attendus de 2026. L\u2019action se d\u00e9roule au Br\u00e9sil, en 1977. Marcelo, un homme d\u2019une quarantaine d\u2019ann\u00e9es fuyant un pass\u00e9 trouble, arrive dans la ville de Recife o\u00f9 le carnaval bat son plein. Il vient retrouver son jeune fils et esp\u00e8re y construire une nouvelle vie. C\u2019est sans compter sur les menaces de mort qui r\u00f4dent et planent au-dessus de sa t\u00eate\u2026 Le film sera visible le 14 janvier en salles.<\/p>\n<p class=\"fig-body-link\">\n            \u00c0 lire aussi<br \/>\n        <a class=\"fig-body-link__link fig-premium-mark\" href=\"http:\/\/www.lefigaro.fr\/festival-de-cannes\/notre-critique-de-l-agent-secret-recife-ne-repond-plus-20250518\" target=\"_blank\" data-fig-type=\"Article\" rel=\"noopener nofollow\" data-gtm-custom-categorie=\"navigation\" data-gtm-custom-action=\"crossclick\" data-gtm-custom-label=\"Contextuel\" data-gtm-event=\"customEventSPE\" data-fig-domain=\"LEFIGARO\">Cannes 2025\u00a0: notre critique de L\u2019Agent secret, Recife ne r\u00e9pond plus<br \/>\n    <\/a>\n<\/p>\n<p class=\"fig-paragraph\">\u00c0 noter que R\u00e9surrection de Bi Gan, r\u00e9compens\u00e9 du prix sp\u00e9cial du jury, Sound of Falling de Mascha Schilinski, prix du jury ex-aequo, The President\u2019s Cake de Hasan Hadi, cam\u00e9ra d\u2019or et I\u2019m Glad You\u2019re Dead Now de Tawfeek Barhom, palme d\u2019or du court-m\u00e9trage, n\u2019ont pas encore de dates de sorties.<\/p>\n<ul class=\"fig-list\">\n<li><strong>S\u00e9lection Un Certain Regard\u00a0<\/strong><\/li>\n<\/ul>\n<p>Once Upon a Time in Gaza d\u2019Arab et Tarzan Nasser &#8211; 25 juin<\/p>\n<p class=\"fig-paragraph\">Il \u00e9tait une fois, \u00e0 Gaza, en 2007. Yahya, \u00e9tudiant r\u00eaveur, se lie d\u2019amiti\u00e9 avec Osama, dealer charismatique au grand c\u0153ur. Ensemble, ils montent un trafic de drogue, cach\u00e9 dans leur modeste \u00e9choppe de falafels. Mais ils croisent le chemin d\u2019un policier corrompu venu contrarier leur plan. Once Upon a Time in Gaza d\u2019Arab et Tarzan Nasser, r\u00e9compens\u00e9 du prix de la mise en sc\u00e8ne dans la section Un Certain Regard, sera disponible en salles le 25 juin.<\/p>\n<p>Le Rire et le Couteau de Pedro Pinho &#8211; 9 juillet<\/p>\n<p class=\"fig-paragraph\">Le Rire et le Couteau, qui a permis \u00e0 Cleo Di\u00e1ra d\u2019obtenir le prix de meilleure actrice dans la section Un Certain Regard, raconte l\u2019histoire de Sergio, un ing\u00e9nieur environnemental qui part dans une m\u00e9tropole en Afrique de l\u2019Ouest pour son nouveau poste. Il se lie \u00e0 deux habitants de la ville, Diara et Gui, dans une relation intime mais d\u00e9s\u00e9quilibr\u00e9e. Il apprend bient\u00f4t qu\u2019un ing\u00e9nieur italien, affect\u00e9 \u00e0 la m\u00eame mission que lui quelques mois auparavant, a myst\u00e9rieusement disparu. Le film de Pedro Pinho sortira le 9 juillet en France.<\/p>\n<p><strong>Fant\u00f4me Utile<\/strong> de Ratchapoom Boonbunchachoke &#8211; 27 ao\u00fbt<\/p>\n<p class=\"fig-paragraph\"><a href=\"http:\/\/www.lefigaro.fr\/festival-de-cannes\/la-comedie-queer-a-useful-ghost-laureat-de-la-semaine-de-la-critique-a-cannes-20250522\" target=\"_blank\" data-fig-type=\"NewsFlash\" rel=\"noopener nofollow\" data-gtm-custom-categorie=\"navigation\" data-gtm-custom-action=\"crossclick\" data-gtm-custom-label=\"Contextuel\" data-gtm-event=\"customEventSPE\" data-fig-domain=\"LEFIGARO\">Fant\u00f4me Utile\u00a0<\/a>de Ratchapoom Boonbunchachoke, r\u00e9compens\u00e9 du Grand Prix AMI Paris lors de la Semaine de la Critique, sera disponible en salles le 27 ao\u00fbt. L\u2019occasion de d\u00e9couvrir une com\u00e9die queer d\u00e9jant\u00e9e, o\u00f9 March, endeuill\u00e9 d\u00e9couvre que l\u2019esprit de sa femme s\u2019est r\u00e9incarn\u00e9 dans un aspirateur. Bien qu\u2019absurde, leur lien rena\u00eet, plus fort que jamais mais loin de faire l\u2019unanimit\u00e9. Sa famille, d\u00e9j\u00e0 hant\u00e9e par un ancien accident d\u2019ouvrier, rejette cette relation surnaturelle. Tentant de les convaincre de leur amour, Nat se propose de nettoyer l\u2019usine pour prouver qu\u2019elle est un fant\u00f4me utile, quitte \u00e0 faire le m\u00e9nage parmi les \u00e2mes errantes&#8230;<\/p>\n<p><strong>Ciudad Sin Sue\u00f1o <\/strong><strong>de Guillermo Galoe &#8211; 3 septembre<\/strong><\/p>\n<p class=\"fig-paragraph\">R\u00e9compens\u00e9 du prix SACD lors de la Semaine de la Critique, Ciudad Sin Sue\u00f1o se concentre sur l\u2019histoire de Toni, un gar\u00e7on de 15 ans qui vit dans le plus grand bidonville ill\u00e9gal d\u2019Europe, en p\u00e9riph\u00e9rie de Madrid. Fier d\u2019appartenir \u00e0 sa famille de ferrailleurs, il suit son grand-p\u00e8re partout. Mais \u00e0 mesure que leur terrain devient la proie des d\u00e9molisseurs, la famille se divise\u00a0: lorsque certains choisissent de partir en ville, son grand-p\u00e8re, lui, refuse de quitter leurs terres. Au fil des nuits, Toni doit faire un choix\u00a0: s\u2019\u00e9lancer vers un avenir incertain ou s\u2019accrocher au monde de son enfance. Le long-m\u00e9trage de Guillermo Galoe sera disponible le 3 septembre.<\/p>\n<p><strong>Nino<\/strong>\u00a0de Pauline Loqu\u00e8s &#8211; 17 septembre<\/p>\n<p class=\"fig-paragraph\">Dans trois jours, Nino devra affronter une grande \u00e9preuve. D\u2019ici l\u00e0, les m\u00e9decins lui ont confi\u00e9 deux missions. Deux imp\u00e9ratifs qui vont mener le jeune homme \u00e0 travers Paris, le pousser \u00e0 refaire corps avec les autres et avec lui-m\u00eame. Le film de la r\u00e9alisatrice fran\u00e7aise Pauline Loqu\u00e8s, r\u00e9compens\u00e9 du Prix Fondation Louis Roederer de la R\u00e9v\u00e9lation lors de la Semaine de la Critique, sera diffus\u00e9 en salles d\u00e8s le 17 septembre.<\/p>\n<p class=\"fig-body-link\">\n            \u00c0 lire aussi<br \/>\n        <a class=\"fig-body-link__link fig-premium-mark\" href=\"http:\/\/www.lefigaro.fr\/festival-de-cannes\/cannes-2025-avec-nino-et-la-danse-des-renards-la-jeunesse-investit-la-croisette-20250519\" target=\"_blank\" data-fig-type=\"Article\" rel=\"noopener nofollow\" data-gtm-custom-categorie=\"navigation\" data-gtm-custom-action=\"crossclick\" data-gtm-custom-label=\"Contextuel\" data-gtm-event=\"customEventSPE\" data-fig-domain=\"LEFIGARO\">Cannes 2025\u00a0: avec Nino et La Danse des renards, la jeunesse investit la Croisette<br \/>\n    <\/a><\/p>\n","protected":false},"excerpt":{"rendered":"Si le long-m\u00e9trage des fr\u00e8res Dardenne est d\u00e9j\u00e0 disponible en salles, les autres films r\u00e9compens\u00e9s sur la Croisette&hellip;\n","protected":false},"author":2,"featured_media":136734,"comment_status":"","ping_status":"","sticky":false,"template":"","format":"standard","meta":{"footnotes":""},"categories":[1354],"tags":[7306,650,7307,58,59,5634,1346,1011,27,11584,1360,11586,11585],"class_list":{"0":"post-136733","1":"post","2":"type-post","3":"status-publish","4":"format-standard","5":"has-post-thumbnail","7":"category-films","8":"tag-cannes","9":"tag-cinema","10":"tag-croisette","11":"tag-divertissement","12":"tag-entertainment","13":"tag-festival-de-cannes","14":"tag-films","15":"tag-fr","16":"tag-france","17":"tag-montee-des-marches","18":"tag-movies","19":"tag-palme-dor","20":"tag-prix-du-jury"},"share_on_mastodon":{"url":"https:\/\/pubeurope.com\/@fr\/114590952025034888","error":""},"_links":{"self":[{"href":"https:\/\/www.europesays.com\/fr\/wp-json\/wp\/v2\/posts\/136733","targetHints":{"allow":["GET"]}}],"collection":[{"href":"https:\/\/www.europesays.com\/fr\/wp-json\/wp\/v2\/posts"}],"about":[{"href":"https:\/\/www.europesays.com\/fr\/wp-json\/wp\/v2\/types\/post"}],"author":[{"embeddable":true,"href":"https:\/\/www.europesays.com\/fr\/wp-json\/wp\/v2\/users\/2"}],"replies":[{"embeddable":true,"href":"https:\/\/www.europesays.com\/fr\/wp-json\/wp\/v2\/comments?post=136733"}],"version-history":[{"count":0,"href":"https:\/\/www.europesays.com\/fr\/wp-json\/wp\/v2\/posts\/136733\/revisions"}],"wp:featuredmedia":[{"embeddable":true,"href":"https:\/\/www.europesays.com\/fr\/wp-json\/wp\/v2\/media\/136734"}],"wp:attachment":[{"href":"https:\/\/www.europesays.com\/fr\/wp-json\/wp\/v2\/media?parent=136733"}],"wp:term":[{"taxonomy":"category","embeddable":true,"href":"https:\/\/www.europesays.com\/fr\/wp-json\/wp\/v2\/categories?post=136733"},{"taxonomy":"post_tag","embeddable":true,"href":"https:\/\/www.europesays.com\/fr\/wp-json\/wp\/v2\/tags?post=136733"}],"curies":[{"name":"wp","href":"https:\/\/api.w.org\/{rel}","templated":true}]}}