{"id":136735,"date":"2025-05-29T11:45:10","date_gmt":"2025-05-29T11:45:10","guid":{"rendered":"https:\/\/www.europesays.com\/fr\/136735\/"},"modified":"2025-05-29T11:45:10","modified_gmt":"2025-05-29T11:45:10","slug":"le-risque-de-demence-pourrait-quadrupler-si-vous-ne-consommez-pas-suffisamment-de-ces-trois-aliments","status":"publish","type":"post","link":"https:\/\/www.europesays.com\/fr\/136735\/","title":{"rendered":"Le risque de d\u00e9mence pourrait quadrupler si vous ne consommez pas suffisamment de ces trois aliments"},"content":{"rendered":"<p>D&rsquo;apr\u00e8s <a data-i13n=\"cpos:1;pos:1\" href=\"https:\/\/www.who.int\/fr\/news-room\/fact-sheets\/detail\/dementia#:~:text=Principaux%20faits,l%C3%A9sions%20qui%20affectent%20le%20cerveau.\" rel=\"nofollow noopener\" target=\"_blank\" data-ylk=\"slk:les chiffres de l&#039;Organisation mondiale de la Sant\u00e9;cpos:1;pos:1;elm:context_link;itc:0;sec:content-canvas\" class=\"link \">les chiffres de l&rsquo;Organisation mondiale de la Sant\u00e9<\/a>, 57 millions de personnes dans le monde souffraient de d\u00e9mence en 2021. La d\u00e9mence peut \u00eatre favoris\u00e9e par certains facteurs comme l&rsquo;\u00e2ge, l&rsquo;hypertension art\u00e9rielle, l&rsquo;hyperglyc\u00e9mie, le tabagisme, l&rsquo;alcool, la d\u00e9pression, l&rsquo;isolement social, etc.<\/p>\n<p><a data-i13n=\"cpos:2;pos:1\" href=\"https:\/\/www.getsurrey.co.uk\/news\/health\/dementia-risk-could-quadruple-you-31718435\" rel=\"nofollow noopener\" target=\"_blank\" data-ylk=\"slk:Le site internet Surrey Live;cpos:2;pos:1;elm:context_link;itc:0;sec:content-canvas\" class=\"link \">Le site internet Surrey Live<\/a> r\u00e9v\u00e8le <a data-i13n=\"cpos:3;pos:1\" href=\"https:\/\/foodforthebrain.org\/apeg\/\" rel=\"nofollow noopener\" target=\"_blank\" data-ylk=\"slk:une \u00e9tude;cpos:3;pos:1;elm:context_link;itc:0;sec:content-canvas\" class=\"link \">une \u00e9tude<\/a> qui assure que le risque de d\u00e9mence quadruple si la consommation de certains aliments n&rsquo;est pas suffisante. Pr\u00e9cis\u00e9ment, il est recommand\u00e9 de r\u00e9duire sa consommation de sucre et d&rsquo;augmenter l&rsquo;apport en vitamine D, om\u00e9ga-3 et vitamines B. \u00ab\u00a0Les experts ont r\u00e9v\u00e9l\u00e9 que 80 % ou plus des cas de d\u00e9mence pourraient \u00eatre \u00e9vit\u00e9s gr\u00e2ce \u00e0 de simples changements de mode de vie comme celui-ci\u00a0\u00bb, relaye le site internet.<\/p>\n<p>Miser sur la vitamine D<\/p>\n<p>Pour parvenir \u00e0 cette conclusion, les chercheurs ont constat\u00e9 que les personnes avec de faibles taux sanguins de vitamine D, d&rsquo;om\u00e9ga-3 et de vitamines B \u00e9taient quatre fois plus susceptibles de d\u00e9velopper une d\u00e9mence. Ces conclusions ont \u00e9t\u00e9 publi\u00e9es dans la revue Neurology. D&rsquo;apr\u00e8s les auteurs, les personnes diab\u00e9tiques ont deux fois plus de risques de d\u00e9clin cognitif.<\/p>\n<p><strong>LIRE AUSSI &gt;&gt; <\/strong><a data-i13n=\"cpos:4;pos:1\" href=\"https:\/\/fr.news.yahoo.com\/alzheimer-5-habitudes-retarder-apparition-maladie-101023538.html\" data-ylk=\"slk:Cinq habitudes \u00e0 prendre pour retarder l\u2019apparition de la maladie d\u2019Alzheimer;cpos:4;pos:1;elm:context_link;itc:0;sec:content-canvas;outcm:mb_qualified_link;_E:mb_qualified_link;ct:story;\" class=\"link  yahoo-link\" target=\"_blank\" rel=\"noopener\">Cinq habitudes \u00e0 prendre pour retarder l\u2019apparition de la maladie d\u2019Alzheimer<\/a><\/p>\n<p>Pour diminuer le risque d&rsquo;apparition de d\u00e9mence, les experts recommandent de privil\u00e9gier une exposition suffisante au soleil pendant les mois ensoleill\u00e9s et de surveiller son alimentation pendant toute l&rsquo;ann\u00e9e. Sur quels aliments miser ?<a data-i13n=\"cpos:5;pos:1\" href=\"https:\/\/www.anses.fr\/fr\/content\/vitamine-d-pourquoi-et-comment-assurer-un-apport-suffisant\" rel=\"nofollow noopener\" target=\"_blank\" data-ylk=\"slk:L&#039;Anses;cpos:5;pos:1;elm:context_link;itc:0;sec:content-canvas\" class=\"link \"> L&rsquo;Anses<\/a> rappelle les principales sources de vitamine D : les poissons gras, tels que le hareng, les sardines, le saumon et le maquereau, certains champignons, tels que girolles, c\u00e8pes et morilles, les produits laitiers enrichis en vitamine D, le jaune d\u2019\u0153uf, le chocolat noir, les c\u00e9r\u00e9ales de petit d\u00e9jeuner enrichis en vitamine D, le beurre et les margarines, les abats (notamment le foie) et la viande (dans une moindre mesure).<\/p>\n<p>Les acides gras om\u00e9ga-3 \u00e0 l&rsquo;honneur<\/p>\n<p>Les chercheurs rappellent \u00e9galement l&rsquo;importance d&rsquo;int\u00e9grer les acides gras om\u00e9ga-3 \u00e0 l&rsquo;alimentation. \u00ab\u00a0Les aliments les plus riches en om\u00e9ga 3 sont issus de v\u00e9g\u00e9taux terrestres (la noix, l&rsquo;huile de colza, de soja, de lin, etc.) qui contiennent de l\u2019ALA et d\u2019animaux marins (les poissons gras comme le saumon, le thon, le maquereau, le hareng, la sardine et l&rsquo;anchois, etc.) qui contiennent de l\u2019EPA et du DHA\u00a0\u00bb, d\u00e9taille l&rsquo;Anses.<\/p>\n<p>D&rsquo;apr\u00e8s les chercheurs, les acides gras om\u00e9ga-3 pourraient r\u00e9duire d&rsquo;un tiers le risque de d\u00e9velopper une maladie d&rsquo;Alzheimer. D&rsquo;autres \u00e9tudes confirment l&rsquo;int\u00e9r\u00eat des vitamines du groupe B et de l&rsquo;acide folique. Par exemple, la vitamine B9 se trouve dans les l\u00e9gumineuses, les l\u00e9gumes \u00e0 feuilles vertes et le foie.<\/p>\n<p><strong>LIRE AUSSI &gt;&gt; <\/strong><a data-i13n=\"cpos:6;pos:1\" href=\"https:\/\/fr.news.yahoo.com\/jusqua-neuf-cuilleres--cette-boisson-que-lon-pense-saine-contient-autant-de-sucre-quun-soda-115238107.html\" data-ylk=\"slk:&quot;Jusqu\u2019\u00e0 neuf cuill\u00e8res&quot; : cette boisson que l\u2019on pense saine contient autant de sucre qu\u2019un soda;cpos:6;pos:1;elm:context_link;itc:0;sec:content-canvas;outcm:mb_qualified_link;_E:mb_qualified_link;ct:story;\" class=\"link  yahoo-link\" target=\"_blank\" rel=\"noopener\">\u00ab\u00a0Jusqu\u2019\u00e0 neuf cuill\u00e8res\u00a0\u00bb : cette boisson que l\u2019on pense saine contient autant de sucre qu\u2019un soda<\/a><\/p>\n<p>Si certains aliments doivent \u00eatre privil\u00e9gi\u00e9s, d&rsquo;autres, \u00e0 l&rsquo;inverse, sont \u00e0 \u00e9viter. Ainsi, les experts recommandent de limiter au maximum la consommation de sucre mais \u00e9galement d&rsquo;aliments ultra-transform\u00e9s. Au quotidien,<a data-i13n=\"cpos:7;pos:1\" href=\"https:\/\/www.anses.fr\/fr\/content\/sucres-dans-lalimentation#:~:text=Compte%20tenu%20des%20effets%20sur,un%20verre%20de%20boisson%20sucr%C3%A9e.\" rel=\"nofollow noopener\" target=\"_blank\" data-ylk=\"slk:l&#039;agence de sant\u00e9;cpos:7;pos:1;elm:context_link;itc:0;sec:content-canvas\" class=\"link \"> l&rsquo;agence de sant\u00e9<\/a> conseille de ne pas consommer plus de 100 grammes de sucres par jour (hors lactose et galactose) et pas plus d\u2019un verre de boisson sucr\u00e9e.<\/p>\n","protected":false},"excerpt":{"rendered":"D&rsquo;apr\u00e8s les chiffres de l&rsquo;Organisation mondiale de la Sant\u00e9, 57 millions de personnes dans le monde souffraient de&hellip;\n","protected":false},"author":2,"featured_media":136736,"comment_status":"","ping_status":"","sticky":false,"template":"","format":"standard","meta":{"footnotes":""},"categories":[10],"tags":[489,1011,27,72,25699,487,26305,71],"class_list":{"0":"post-136735","1":"post","2":"type-post","3":"status-publish","4":"format-standard","5":"has-post-thumbnail","7":"category-sante","8":"tag-aliments","9":"tag-fr","10":"tag-france","11":"tag-health","12":"tag-lhypertension-arterielle","13":"tag-lorganisation-mondiale-de-la-sante","14":"tag-la-demence","15":"tag-sante"},"share_on_mastodon":{"url":"https:\/\/pubeurope.com\/@fr\/114590955827292717","error":""},"_links":{"self":[{"href":"https:\/\/www.europesays.com\/fr\/wp-json\/wp\/v2\/posts\/136735","targetHints":{"allow":["GET"]}}],"collection":[{"href":"https:\/\/www.europesays.com\/fr\/wp-json\/wp\/v2\/posts"}],"about":[{"href":"https:\/\/www.europesays.com\/fr\/wp-json\/wp\/v2\/types\/post"}],"author":[{"embeddable":true,"href":"https:\/\/www.europesays.com\/fr\/wp-json\/wp\/v2\/users\/2"}],"replies":[{"embeddable":true,"href":"https:\/\/www.europesays.com\/fr\/wp-json\/wp\/v2\/comments?post=136735"}],"version-history":[{"count":0,"href":"https:\/\/www.europesays.com\/fr\/wp-json\/wp\/v2\/posts\/136735\/revisions"}],"wp:featuredmedia":[{"embeddable":true,"href":"https:\/\/www.europesays.com\/fr\/wp-json\/wp\/v2\/media\/136736"}],"wp:attachment":[{"href":"https:\/\/www.europesays.com\/fr\/wp-json\/wp\/v2\/media?parent=136735"}],"wp:term":[{"taxonomy":"category","embeddable":true,"href":"https:\/\/www.europesays.com\/fr\/wp-json\/wp\/v2\/categories?post=136735"},{"taxonomy":"post_tag","embeddable":true,"href":"https:\/\/www.europesays.com\/fr\/wp-json\/wp\/v2\/tags?post=136735"}],"curies":[{"name":"wp","href":"https:\/\/api.w.org\/{rel}","templated":true}]}}