{"id":136761,"date":"2025-05-29T12:02:17","date_gmt":"2025-05-29T12:02:17","guid":{"rendered":"https:\/\/www.europesays.com\/fr\/136761\/"},"modified":"2025-05-29T12:02:17","modified_gmt":"2025-05-29T12:02:17","slug":"on-ne-veut-pas-un-ptet-ben-quoui-ptet-ben-qunon","status":"publish","type":"post","link":"https:\/\/www.europesays.com\/fr\/136761\/","title":{"rendered":"\u00ab\u00a0On ne veut pas un p&rsquo;t\u00eat ben qu&rsquo;oui, p&rsquo;t\u00eat ben qu&rsquo;non \u00bb"},"content":{"rendered":"<p>            Par<br \/>\n        <strong><br \/>\n            <a href=\"https:\/\/actu.fr\/auteur\/isabellevilly\" title=\"Consulter tous les articles de Isabelle Villy\" target=\"_blank\" rel=\"noopener\">Isabelle Villy<\/a><br \/>\n        <\/strong><\/p>\n<p>        Publi\u00e9 le<\/p>\n<p>            29 mai 2025 \u00e0 12h56        <\/p>\n<p><strong>Plusieurs centaines de militants<\/strong> avaient r\u00e9pondu \u00e0 l\u2019appel du collectif Non \u00e0 l\u2019A133-134, samedi 17 mai, pour participer \u00e0 la <a href=\"https:\/\/actu.fr\/normandie\/rouen_76540\/a-rouen-ils-organisent-une-fete-citoyenne-pour-reclamer-la-fin-du-contournement-est_62632478.html\" target=\"_blank\" rel=\"noopener\">F\u00eate pour la fin des projets autoroutiers<\/a>. Le rendez-vous s\u2019est d\u00e9roul\u00e9 au rond-point des Vaches, \u00e0 Saint-\u00c9tienne-du-Rouvray, \u00ab lieu symbolique de la M\u00e9tropole Rouen Normandie, connu \u00e0 l\u2019international \u00bb, a soulign\u00e9 le maire Joachim Moyse, <strong>en r\u00e9f\u00e9rence au village des Gilets jaunes<\/strong>.<\/p>\n<p>\u00ab Ce projet ne peut pas, et ne doit pas se faire. L\u2019avenir, c\u2019est le rail \u00bb<\/p>\n<p class=\" wall-content\">Autour d\u2019une dizaine de stands, avant le pique-nique g\u00e9ant et les animations, une dizaine d\u2019\u00e9lus et de responsables associatifs ont pris la parole pour r\u00e9affirmer leur lutte contre le <a href=\"https:\/\/actu.fr\/tag\/contournement-est-rouen\" target=\"_blank\" rel=\"noopener\">Contournement Est<\/a>.<\/p>\n<p class=\" wall-content\">\u00ab Comment peut-on accepter, quand on est maire d\u2019une ville populaire comme la n\u00f4tre, que des quartiers entiers soient impact\u00e9s par une infrastructure qui va voir la r\u00e9alisation d\u2019un viaduc avec toutes les pollutions que cela induit. Tout cela, on ne peut pas l\u2019accepter. Ce projet ne peut pas et ne doit pas se faire. L\u2019avenir, c\u2019est le rail \u00bb, a fait valoir le maire de Saint-\u00c9tienne-du-Rouvray, annon\u00e7ant que le rond-point embl\u00e9matique est d\u00e9sormais \u00ab <a href=\"https:\/\/actu.fr\/normandie\/saint-etienne-du-rouvray_76575\/elles-etaient-tres-attendues-les-vaches-preferees-des-rouennais-de-retour-sur-leur-rond-point_62660386.html\" target=\"_blank\" rel=\"noopener\">repeupl\u00e9 de ses vaches<\/a>, pour marquer cette opposition et cet optimisme \u00bb. Lors d\u2019un rassemblement des gilets jaunes, en 2018, les vaches avaient \u00e9t\u00e9 endommag\u00e9es et br\u00fbl\u00e9es).<\/p>\n<blockquote class=\"ac-article-quote wall-content\">\n<p>Si cette autoroute se faisait, nous serions le village le plus impact\u00e9. Nous aurions un tunnel dont on ne conna\u00eet pas la longueur et un foss\u00e9 dont on ne conna\u00eet pas la profondeur. Ce projet diviserait en plus notre commune en deux et on perdrait une centaine de terres agricoles.<\/p>\n<p>Marc Duflos<\/p><\/blockquote>\n<p class=\" wall-content\">Lors des allocutions \u00ab d\u2019une f\u00eate pour une victoire qui n\u2019est pas encore annonc\u00e9e \u00bb, a indiqu\u00e9 \u00c9nora Chopard, porte-parole du collectif.<\/p>\n<p>    <img   decoding=\"async\" loading=\"lazy\" class=\"size-large\" src=\"https:\/\/www.europesays.com\/fr\/wp-content\/uploads\/2025\/05\/8950c6433c2868a60c6433c287f60cv-960x640.jpg\" alt=\"Saint Etienne du Rouvray f\u00eate Contournement Est opposants\" width=\"960\" height=\"640\"\/><br \/>\n    Le collectif Non \u00e0 l\u2019A133-134 a organis\u00e9 une f\u00eate pour la fin du Contournement Est, sur l\u2019embl\u00e9matique rond-point des Vaches, \u00e0 Saint-\u00c9tienne-du-Rouvray.\u00a0 \u00a9Le BulletinVid\u00e9os : en ce moment sur Actu<\/p>\n<p class=\" wall-content\">Des \u00e9lus des plateaux Est et Nord de Rouen sont intervenus, comme Marc Duflos, maire des Authieux-sur-le-Port-Saint-Ouen pour poser la question : \u00ab Que va devenir notre village ? Si cette autoroute se faisait, nous serions le village le plus impact\u00e9. Nous aurions un tunnel dont on ne conna\u00eet pas la longueur et un foss\u00e9 dont on ne conna\u00eet pas la profondeur. Ce projet diviserait en plus notre commune en deux et on perdrait une centaine de terres agricoles. Alors, on demande que cette autoroute ne se fasse pas et que le ministre des Transports, m\u00eame s\u2019il change tous les mois, ne donne pas une r\u00e9ponse normande. On ne veut pas d\u2019un p\u2019t\u00eat ben qu\u2019oui, p\u2019t\u00eat ben qu\u2019non. On veut une r\u00e9ponse claire ! \u00bb.<\/p>\n<p>    <img   decoding=\"async\" loading=\"lazy\" class=\"size-large\" src=\"https:\/\/www.europesays.com\/fr\/wp-content\/uploads\/2025\/05\/c061c6433c286d461c6433c28bc61cv-960x640.jpg\" alt=\"Saint Etienne du Rouvray f\u00eate Contournement Est opposants\" width=\"960\" height=\"640\"\/><br \/>\n    Marc Duflos, Ingrid Bona et M\u00e9lanie Vauchel sont intervenus pour r\u00e9affirmer leur opposition \u00e0 l\u2019A133-134.\u00a0 \u00a9Le Bulletin\u00ab Un projet injuste et d\u00e9pass\u00e9 \u00bb selon Ingrid Bona<\/p>\n<p class=\" wall-content\">Un avis partag\u00e9 par sa coll\u00e8gue Ingrid Bona, maire d\u2019Ymare, qui estime que \u00ab ce projet menace nos communes, notre environnement, notre cadre de vie et notre avenir. Pour nos villages, cela se r\u00e9sumerait par une coupure de notre territoire, une atteinte \u00e0 l\u2019\u00e9cosyst\u00e8me d\u00e9j\u00e0 fragile et un b\u00e9tonnage massif. C\u2019est un projet injuste et d\u00e9pass\u00e9 \u00bb.<\/p>\n<p class=\" wall-content\">Adjointe \u00e0 Bois-Guillaume et co-fondatrice du Collectif 276, M\u00e9lanie Vauchel a pour sa part interpell\u00e9 la R\u00e9gion Normandie et le D\u00e9partement de la Seine-Maritime : \u00ab l\u2019A133-134 serait financ\u00e9 avec de l\u2019argent public. Plus d\u20191 milliard d\u2019euros dont une partie subventionn\u00e9e par les collectivit\u00e9s locales au d\u00e9triment de leurs comp\u00e9tences que sont les mobilit\u00e9s douces, les lyc\u00e9ens, la protection de l\u2019enfance et le social. Elles feraient bien d\u2019accompagner leurs usagers au lieu d\u2019attribuer un financement pour un projet compl\u00e8tement fou \u00bb.<\/p>\n<p>\u00ab Nous n\u2019avons pas encore gagn\u00e9 \u00bb, pr\u00e9vient Guillaume Grima<\/p>\n<p class=\" wall-content\">Dans cette euphorie verbale, la conclusion est revenue \u00e0 Guillaume Grima, pr\u00e9sident de l\u2019association Effet de serre toi-m\u00eame, qui a rappel\u00e9 : \u00ab nous n\u2019avons pas encore gagn\u00e9. Pour notre avenir, il faut encore se mobiliser. Il faut faire pression sur le Gouvernement contre le grand Contournement Ouest de Paris. Nous nous rapprochons de cette victoire pour le territoire. La voie est le report modal. \u00c7a co\u00fbterait 500\u00a0millions d\u2019euros. Deux fois moins cher et plus vertueux \u00bb.<\/p>\n<p>Suivez l\u2019actualit\u00e9 de Rouen <a href=\"https:\/\/www.whatsapp.com\/channel\/0029VaKfnf99hXF2ddApFB1D\" target=\"_blank\" rel=\"noopener\">sur notre cha\u00eene WhatsApp<\/a> et <a href=\"https:\/\/www.tiktok.com\/@76actu.fr?lang=fr\" target=\"_blank\" rel=\"noopener\">sur notre compte TikTok<\/a><\/p>\n<p class=\" wall-content\">Suivez toute l\u2019actualit\u00e9 de vos villes et m\u00e9dias favoris en vous inscrivant \u00e0 <a href=\"https:\/\/moncompte.actu.fr\" title=\"D\u00e9couvez Mon Actu\" rel=\"nofollow noopener\" data-trk=\"{&quot;cta&quot;:{&quot;action&quot;:&quot;https:\\\/\\\/moncompte.actu.fr&quot;,&quot;category&quot;:&quot;mon compte&quot;,&quot;from&quot;:&quot;article footer&quot;,&quot;name&quot;:&quot;Mon actu&quot;,&quot;type&quot;:&quot;cta&quot;}}\" target=\"_blank\">Mon Actu<\/a>.<\/p>\n<ul class=\"ac-article-tag wall-content\">\n<li><a href=\"https:\/\/actu.fr\/tag\/contournement-est-rouen\" data-trk=\"{&quot;cta&quot;:{&quot;action&quot;:&quot;Contournement Est Rouen&quot;,&quot;category&quot;:&quot;tag&quot;,&quot;from&quot;:&quot;article footer&quot;,&quot;name&quot;:&quot;Contournement Est Rouen&quot;,&quot;type&quot;:&quot;cta&quot;}}\" target=\"_blank\" rel=\"noopener\">#Contournement Est Rouen<\/a><\/li>\n<li><a href=\"https:\/\/actu.fr\/tag\/metropole-rouen\" data-trk=\"{&quot;cta&quot;:{&quot;action&quot;:&quot;M\\u00e9tropole Rouen&quot;,&quot;category&quot;:&quot;tag&quot;,&quot;from&quot;:&quot;article footer&quot;,&quot;name&quot;:&quot;M\\u00e9tropole Rouen&quot;,&quot;type&quot;:&quot;cta&quot;}}\" target=\"_blank\" rel=\"noopener\">#M\u00e9tropole Rouen<\/a><\/li>\n<\/ul>\n<p>                    <script async src=\"\/\/www.tiktok.com\/embed.js\"><\/script><\/p>\n","protected":false},"excerpt":{"rendered":"Par Isabelle Villy Publi\u00e9 le 29 mai 2025 \u00e0 12h56 Plusieurs centaines de militants avaient r\u00e9pondu \u00e0 l\u2019appel&hellip;\n","protected":false},"author":2,"featured_media":136762,"comment_status":"","ping_status":"","sticky":false,"template":"","format":"standard","meta":{"footnotes":""},"categories":[9587],"tags":[1111,11,21728,1777,674,1011,27,9725,12,5161,25,9590,104],"class_list":{"0":"post-136761","1":"post","2":"type-post","3":"status-publish","4":"format-standard","5":"has-post-thumbnail","7":"category-rouen","8":"tag-actu","9":"tag-actualites","10":"tag-contournement-est-rouen","11":"tag-eu","12":"tag-europe","13":"tag-fr","14":"tag-france","15":"tag-metropole-rouen","16":"tag-news","17":"tag-normandie","18":"tag-republique-francaise","19":"tag-rouen","20":"tag-societe"},"share_on_mastodon":{"url":"https:\/\/pubeurope.com\/@fr\/114591022690829399","error":""},"_links":{"self":[{"href":"https:\/\/www.europesays.com\/fr\/wp-json\/wp\/v2\/posts\/136761","targetHints":{"allow":["GET"]}}],"collection":[{"href":"https:\/\/www.europesays.com\/fr\/wp-json\/wp\/v2\/posts"}],"about":[{"href":"https:\/\/www.europesays.com\/fr\/wp-json\/wp\/v2\/types\/post"}],"author":[{"embeddable":true,"href":"https:\/\/www.europesays.com\/fr\/wp-json\/wp\/v2\/users\/2"}],"replies":[{"embeddable":true,"href":"https:\/\/www.europesays.com\/fr\/wp-json\/wp\/v2\/comments?post=136761"}],"version-history":[{"count":0,"href":"https:\/\/www.europesays.com\/fr\/wp-json\/wp\/v2\/posts\/136761\/revisions"}],"wp:featuredmedia":[{"embeddable":true,"href":"https:\/\/www.europesays.com\/fr\/wp-json\/wp\/v2\/media\/136762"}],"wp:attachment":[{"href":"https:\/\/www.europesays.com\/fr\/wp-json\/wp\/v2\/media?parent=136761"}],"wp:term":[{"taxonomy":"category","embeddable":true,"href":"https:\/\/www.europesays.com\/fr\/wp-json\/wp\/v2\/categories?post=136761"},{"taxonomy":"post_tag","embeddable":true,"href":"https:\/\/www.europesays.com\/fr\/wp-json\/wp\/v2\/tags?post=136761"}],"curies":[{"name":"wp","href":"https:\/\/api.w.org\/{rel}","templated":true}]}}