{"id":136764,"date":"2025-05-29T12:06:10","date_gmt":"2025-05-29T12:06:10","guid":{"rendered":"https:\/\/www.europesays.com\/fr\/136764\/"},"modified":"2025-05-29T12:06:10","modified_gmt":"2025-05-29T12:06:10","slug":"pro-d2-fcg-pres-de-20-000-personnes-au-stade-un-adversaire-revanchard-ce-quil-faut-savoir-avant-la-demie","status":"publish","type":"post","link":"https:\/\/www.europesays.com\/fr\/136764\/","title":{"rendered":"Pro D2. FCG\u00a0: pr\u00e8s de 20\u00a0000 personnes au stade, un adversaire revanchard\u2026 ce qu\u2019il faut savoir avant la demie"},"content":{"rendered":"<p>  Les enjeux\u00a0: qui ira \u00e0 Toulouse pour la finale de Pro D2\u00a0?<\/p>\n<p>C\u2019est le grand jour pour le FC Grenoble Rugby. Qualifi\u00e9s en demi-finale de Pro D2 depuis plusieurs semaines, les Grenoblois sont d\u00e9sormais \u00e0 quelques heures d\u2019une premi\u00e8re \u00e9tape vers la mont\u00e9e en Top 14. Ce jeudi soir \u00e0 21 heures, les joueurs de <a href=\"https:\/\/www.ledauphine.com\/p\/nicolas-nadau\" target=\"_blank\" rel=\"noopener\">Nicolas Nadau<\/a> et <a href=\"https:\/\/www.ledauphine.com\/p\/patrick-pezery\" target=\"_blank\" rel=\"noopener\">Patrick Pezery<\/a> affrontent <a href=\"https:\/\/www.ledauphine.com\/sport\/2025\/05\/27\/a-grenoble-en-outsider-cazenave-et-provence-rugby-se-lancent-vers-leur-deuxieme-demi-finale\" target=\"_blank\" rel=\"noopener\"> l\u2019armada de Provence Rugby<\/a> dans un match couperet. <a href=\"https:\/\/www.ledauphine.com\/sport\/2025\/05\/28\/fcg-deux-namibiens-en-feu-un-trouilloud-ultra-determine-qui-sont-les-hommes-en-forme-avant-la-demi-finale\" target=\"_blank\" rel=\"noopener\"> Invaincus cette saison au Stade des Alpes,<\/a> les Is\u00e9rois ont toutes les cartes en main pour poursuivre leur s\u00e9rie. Ils pourront compter sur le soutien de pr\u00e8s de 20\u00a0000 spectateurs, quasiment tous acquis \u00e0 leur cause.<\/p>\n<p>Le vainqueur de cette demi-finale ira disputer la finale \u00e0 Toulouse, face au gagnant de l\u2019autre demi-finale, pr\u00e9vue vendredi, entre Brive et Montauban.<\/p>\n<p>  L\u2019adversaire\u00a0: Provence sera revanchard<\/p>\n<p>Une \u00e9quipe invaincue toute la saison qui s\u2019effondre en demi-finale\u00a0? Demandez donc aux joueurs de Provence ce qu\u2019ils en pensent. La saison derni\u00e8re, les hommes de Mauricio Reggiardo, entra\u00eeneur en chef du club des Bouches-du-Rh\u00f4ne, n\u2019avaient jamais perdu \u00e0 domicile \u00e0 Maurice-David. Mais le 30\u00a0mai 2024, ils sont tomb\u00e9s face \u00e0 des Grenoblois euphoriques (22-23), qui avaient fait chuter le g\u00e9ant de la saison r\u00e9guli\u00e8re.<\/p>\n<p>Cette semaine, <a href=\"https:\/\/www.ledauphine.com\/sport\/2025\/05\/27\/si-on-peut-rendre-la-pareille-aux-grenoblois-1-an-apres-provence-rugby-veut-sa-revanche-contre-le-fcg\" target=\"_blank\" rel=\"noopener\">les Proven\u00e7aux ont affich\u00e9 leur soif de revanche\u00a0: ils comptent bien rendre la pareille au FCG<\/a>. M\u00eame le Gallois trois-quarts centre George North, bless\u00e9 lors du match de barrage contre Soyaux-Angoul\u00eame (49-22), tiendra sa place.<\/p>\n<p>  Le joueur \u00e0 suivre\u00a0: Phillips, la der du loyal Britannique<\/p>\n<p>Le deuxi\u00e8me ligne Pierce Phillips pourrait disputer son dernier match sous les couleurs du FCG ce jeudi soir. Arriv\u00e9 en Is\u00e8re il y a deux saisons, l\u2019Anglais a toujours port\u00e9 le maillot grenoblois avec passion et abn\u00e9gation.<\/p>\n<p>Avec d\u00e9j\u00e0 51 matchs disput\u00e9s en deux ans, dont 21 cette saison, Phillips est l\u2019un des piliers du groupe. L\u2019an pass\u00e9, il s\u2019\u00e9tait montr\u00e9 d\u00e9cisif en fin de match contre Provence, notamment en contrant plusieurs lancers en touche. Sa performance sera une cl\u00e9 du succ\u00e8s grenoblois. Il quittera le club \u00e0 l\u2019issue de la saison.<\/p>\n<p>Ce contenu est bloqu\u00e9 car vous n&rsquo;avez pas accept\u00e9 les cookies et autres traceurs.<\/p>\n<p>En cliquant sur \u00ab J\u2019accepte \u00bb, les cookies et autres traceurs seront d\u00e9pos\u00e9s et vous pourrez visualiser les contenus  (<a href=\"\" class=\"consentModule_policy\" target=\"_blank\" title=\"Consulter la politique de protection des donn\u00e9es du fournisseur\">plus d&rsquo;informations<\/a>).<\/p>\n<p>En cliquant sur \u00ab J\u2019accepte tous les cookies \u00bb, vous autorisez des d\u00e9p\u00f4ts de cookies et autres traceurs pour le stockage de vos donn\u00e9es sur nos sites et applications \u00e0 des fins de personnalisation et de ciblage publicitaire.<\/p>\n<p class=\"consentModule_secondaryText\">Vous gardez la possibilit\u00e9 de retirer votre consentement \u00e0 tout moment en consultant notre <a href=\"https:\/\/www.ledauphine.com\/protection-des-donnees\" target=\"_blank\" title=\"Consulter notre politique de protection des donn\u00e9es\" rel=\"noopener\">politique de protection des donn\u00e9es<\/a>. <br \/>&#13;<br \/>\n            <a href=\"https:\/\/www.ledauphine.com\/sport\/2025\/05\/29\/javascript:Didomi.notice.show()\" class=\"consentModule_cmp\" target=\"_blank\" rel=\"noopener\">G\u00e9rer mes choix<\/a>&#13;\n        <\/p>\n<p>&#13;<br \/>\n                        J&rsquo;accepte&#13;<br \/>\n            J&rsquo;accepte tous les cookies&#13;\n        <\/p>\n<p>  Le chiffre\u00a0:\u00a019 500<\/p>\n<p>Le Stade des Alpes affichera complet pour la premi\u00e8re fois de la saison. Depuis plusieurs semaines, les affluences n\u2019ont cess\u00e9 d\u2019augmenter, atteignant 13\u00a0936 spectateurs lors du dernier match de saison r\u00e9guli\u00e8re contre Nevers (51-42).<\/p>\n<p>Pour cette demi-finale, <a href=\"https:\/\/www.ledauphine.com\/sport\/2025\/05\/27\/fcg-dernieres-places-vendues-la-demi-finale-a-guichets-fermes\" target=\"_blank\" rel=\"noopener\"> les\u00a0quelque 19 500 places ont toutes \u00e9t\u00e9 attribu\u00e9es<\/a> , dont 715 allou\u00e9es aux supporters de Provence Rugby. \u00ab\u00a0Ce sera notre seizi\u00e8me homme\u00a0\u00bb, confie le trois-quarts centre Romain Fusier, impatient de jouer devant une foule enti\u00e8rement acquise \u00e0 la cause grenobloise.<\/p>\n<p>  La d\u00e9claration<\/p>\n<p>\u00ab\u00a0D\u00e9j\u00e0, on remercie les supporters d\u2019avoir r\u00e9pondu aussi pr\u00e9sents pour cette demi-finale. Ils \u00e9taient d\u00e9j\u00e0 l\u00e0 pendant tout l\u2019hiver quand il y avait des matchs dans le froid. Petit \u00e0 petit, l\u2019affluence est mont\u00e9e crescendo pour arriver jusqu\u2019\u00e0 ce guichets ferm\u00e9s jeudi. On va jouer aussi pour eux, pour leur rendre la monnaie de la pi\u00e8ce et de tout ce dont les supporters nous ont apport\u00e9 pendant toute la saison. Mon dernier match\u00a0? \u00c7a me trotte dans la t\u00eate, oui et non. J\u2019essaie de profiter au maximum de ces derniers moments (il a sign\u00e9 au LOU la saison prochaine, NDLR). J\u2019ai pass\u00e9 beaucoup d\u2019ann\u00e9es dans ce club. J\u2019ai envie de bien finir sous ces couleurs.\u00a0\u00bb <strong>De Mathis Sarragallet, talonneur du FCG.<\/strong><\/p>\n<p class=\"insetTitle\">Les confrontations directes\u00a0: avantage au FCG au Stade des Alpes, mais\u2026<\/p>\n<p>Cela ne garantit rien, mais les chiffres parlent d\u2019eux-m\u00eames\u00a0: Provence r\u00e9ussit rarement \u00e0 Grenoble. Cette saison, <a href=\"https:\/\/www.ledauphine.com\/sport\/2024\/09\/06\/le-fcg-retrouve-le-stade-des-alpes-suivez-en-direct-le-choc-face-a-provence-rugby\" target=\"_blank\" rel=\"noopener\">le FCG l\u2019a emport\u00e9 d\u2019une courte t\u00eate \u00e0 domicile (15-12<\/a> ), tandis que Provence a pris sa revanche \u00e0 Maurice-David (24-18).<br \/>La saison derni\u00e8re, les Noirs avaient subi une lourde d\u00e9faite au Stade des Alpes (45-10). Mais en 2022\/2023, ils s\u2019y \u00e9taient impos\u00e9s (13-26), tout comme lors de la fin de saison 2021\/2022 (6-9).<br \/>Sur les 18 derni\u00e8res confrontations, Grenoble a remport\u00e9 10 matchs, Provence 7, et un match s\u2019est sold\u00e9 par un nul.<\/p>\n","protected":false},"excerpt":{"rendered":"Les enjeux\u00a0: qui ira \u00e0 Toulouse pour la finale de Pro D2\u00a0? C\u2019est le grand jour pour le&hellip;\n","protected":false},"author":2,"featured_media":136765,"comment_status":"","ping_status":"","sticky":false,"template":"","format":"standard","meta":{"footnotes":""},"categories":[9566],"tags":[1111,11,2430,112,113,114,1777,674,2727,1701,1011,27,2731,2732,108,12,2308,25,479,517],"class_list":{"0":"post-136764","1":"post","2":"type-post","3":"status-publish","4":"format-standard","5":"has-post-thumbnail","7":"category-grenoble","8":"tag-actu","9":"tag-actualites","10":"tag-auvergne-rhone-alpes","11":"tag-edition-grenoble-agglomeration","12":"tag-edition-gresivaudan-oisans","13":"tag-edition-voiron-saint-marcellin","14":"tag-eu","15":"tag-europe","16":"tag-fcg-fc-grenoble-rugby","17":"tag-fil-info-sport","18":"tag-fr","19":"tag-france","20":"tag-grenoble","21":"tag-grenoble-bassin","22":"tag-isere","23":"tag-news","24":"tag-pro-d2","25":"tag-republique-francaise","26":"tag-rugby","27":"tag-sport"},"share_on_mastodon":{"url":"https:\/\/pubeurope.com\/@fr\/114591038616059940","error":""},"_links":{"self":[{"href":"https:\/\/www.europesays.com\/fr\/wp-json\/wp\/v2\/posts\/136764","targetHints":{"allow":["GET"]}}],"collection":[{"href":"https:\/\/www.europesays.com\/fr\/wp-json\/wp\/v2\/posts"}],"about":[{"href":"https:\/\/www.europesays.com\/fr\/wp-json\/wp\/v2\/types\/post"}],"author":[{"embeddable":true,"href":"https:\/\/www.europesays.com\/fr\/wp-json\/wp\/v2\/users\/2"}],"replies":[{"embeddable":true,"href":"https:\/\/www.europesays.com\/fr\/wp-json\/wp\/v2\/comments?post=136764"}],"version-history":[{"count":0,"href":"https:\/\/www.europesays.com\/fr\/wp-json\/wp\/v2\/posts\/136764\/revisions"}],"wp:featuredmedia":[{"embeddable":true,"href":"https:\/\/www.europesays.com\/fr\/wp-json\/wp\/v2\/media\/136765"}],"wp:attachment":[{"href":"https:\/\/www.europesays.com\/fr\/wp-json\/wp\/v2\/media?parent=136764"}],"wp:term":[{"taxonomy":"category","embeddable":true,"href":"https:\/\/www.europesays.com\/fr\/wp-json\/wp\/v2\/categories?post=136764"},{"taxonomy":"post_tag","embeddable":true,"href":"https:\/\/www.europesays.com\/fr\/wp-json\/wp\/v2\/tags?post=136764"}],"curies":[{"name":"wp","href":"https:\/\/api.w.org\/{rel}","templated":true}]}}