{"id":136769,"date":"2025-05-29T12:09:13","date_gmt":"2025-05-29T12:09:13","guid":{"rendered":"https:\/\/www.europesays.com\/fr\/136769\/"},"modified":"2025-05-29T12:09:13","modified_gmt":"2025-05-29T12:09:13","slug":"bischheim-11-ans-apres-le-technicentre-sncf-ouvre-a-nouveau-ses-portes-au-public","status":"publish","type":"post","link":"https:\/\/www.europesays.com\/fr\/136769\/","title":{"rendered":"Bischheim. 11 ans apr\u00e8s, le technicentre SNCF ouvre \u00e0 nouveau ses portes au public"},"content":{"rendered":"<p>Samedi 14\u00a0juin, le technicentre industriel de Bischheim, qu\u2019on appelait autrefois les ateliers SNCF, ouvre ses portes et l\u00e8ve le rideau sur l\u2019univers m\u00e9connu de <a href=\"https:\/\/www.dna.fr\/transport\/2025\/03\/26\/un-nouveau-centre-de-maintenance-ferroviaire-evolutif\" target=\"_blank\" rel=\"noopener\">la maintenance ferroviaire<\/a>. Cet immense espace industriel au c\u0153ur de Bischheim s\u2019\u00e9tend sur 24 hectares (dont 80\u00a0000 m2  de b\u00e2timents) et n\u2019emploie pas moins de 868 agents (dont 77 alternants et 117 int\u00e9rimaires). Preuve de l\u2019\u00e9tendue et de la densit\u00e9 de ce site, il faut compter trois \u00e0 quatre heures pour une visite compl\u00e8te, lors des portes ouvertes.<\/p>\n<p>  D\u00e9couvrir les coulisses de la maintenance ferroviaire<\/p>\n<p>\u00ab\u00a0Vous \u00eates-vous d\u00e9j\u00e0 demand\u00e9 qui prend soin de vos trains\u00a0? Au technicentre industriel Bischheim c\u2019est notre c\u0153ur de m\u00e9tier\u00a0!\u00a0\u00bb explique le communiqu\u00e9 du technicentre industriel SNCF. \u00ab\u00a0La magie op\u00e8re gr\u00e2ce \u00e0 nos experts qui prennent en charge la maintenance des rames TGV et TER. Ils veillent \u00e0 leur performance et leur s\u00e9curit\u00e9 pour r\u00e9pondre aux exigences de la grande vitesse et des trajets du quotidien\u00a0\u00bb Ce samedi 14\u00a0juin, la SNCF d\u00e9voile les coulisses de l\u2019un des sites les plus embl\u00e9matiques du secteur ferroviaire alsacien. Son directeur Alain Praxmarer et ses \u00e9quipes invitent \u00e0 d\u00e9couvrir les secrets de la r\u00e9novation du mat\u00e9riel roulant et des pi\u00e8ces d\u00e9pos\u00e9es, \u00e9tape par \u00e9tape.<\/p>\n<p>Inaugur\u00e9 le 1er \u00a0juin 1879 sous le nom des \u00ab\u00a0ateliers de Bischheim\u00a0\u00bb, <a href=\"https:\/\/www.dna.fr\/economie\/2021\/07\/12\/le-technicentre-se-prepare-a-un-virage-technologique\" target=\"_blank\" rel=\"noopener\">le technicentre s\u2019est m\u00e9tamorphos\u00e9 gr\u00e2ce \u00e0 une transformation industrielle et technologique men\u00e9e depuis 2021<\/a>.<\/p>\n<p>  Au programme de la journ\u00e9e<\/p>\n<p> \u25b6 \u2002Visites et expositions\u00a0: exploration des ateliers pour s\u2019immerger dans le savoir-faire ferroviaire et d\u00e9couvrir le processus de r\u00e9novation des trains gr\u00e2ce \u00e0 des panneaux explicatifs, des vid\u00e9os et la pr\u00e9sence des cheminots\u00a0;<\/p>\n<p> \u25b6 \u2002D\u00e9monstrations en direct\u00a0: d\u00e9couvrez notamment l\u2019outil unique permettant le d\u00e9placement de trains sans rail\u00a0;<\/p>\n<p> \u25b6 \u2002Projection d\u2019un mini-film sur l\u2019histoire du technicentre\u00a0;<\/p>\n<p> \u25b6 \u2002Exposition d\u2019un mat\u00e9riel historique, la fameuse rame 16 \u2013 TGV Sud-Est, d\u00e9tentrice du record de vitesse sur rail (380\u00a0km\/h en 1981)\u00a0;<\/p>\n<p> \u25b6 \u2002Activit\u00e9s ludiques pour toute la famille\u00a0: structures gonflables, jeux\u2026\u00a0;<\/p>\n<p> \u25b6 \u2002Restauration\u00a0: Foodtrucks sucr\u00e9s et sal\u00e9s, buvette.<\/p>\n<p class=\"note\">Technicentre SNCF, 48, avenue de P\u00e9rigueux \u00e0 Bischheim. Portes ouvertes samedi 14\u00a0juin, de 10\u00a0h \u00e0 18\u00a0h \u2013 (derni\u00e8re entr\u00e9e \u00e0 16\u00a0h\u00a030). Dur\u00e9e de la visite\u00a0: trois \u00e0 quatre heures. Pour participer, il faut s\u2019inscrire\u00a0: https:\/\/affluences.com\/fr\/sites\/journee-portes-ouvertes-technicentre-bischheim\/reservation. Possibilit\u00e9s limit\u00e9es de se stationner \u00e0 proximit\u00e9. Transports en commun \u00e0 privil\u00e9gier. Navette bus toutes les 30 minutes entre le terminus tram Hoenheim Gare et le technicentre.<\/p>\n","protected":false},"excerpt":{"rendered":"Samedi 14\u00a0juin, le technicentre industriel de Bischheim, qu\u2019on appelait autrefois les ateliers SNCF, ouvre ses portes et l\u00e8ve&hellip;\n","protected":false},"author":2,"featured_media":136770,"comment_status":"","ping_status":"","sticky":false,"template":"","format":"standard","meta":{"footnotes":""},"categories":[2820],"tags":[1111,11,7782,13205,1687,33,2880,1777,674,107,1011,27,775,693,12,25,640,3265,2803],"class_list":{"0":"post-136769","1":"post","2":"type-post","3":"status-publish","4":"format-standard","5":"has-post-thumbnail","7":"category-strasbourg","8":"tag-actu","9":"tag-actualites","10":"tag-balades-et-randonnees","11":"tag-bischheim","12":"tag-culture-loisirs","13":"tag-economie","14":"tag-edition-strasbourg","15":"tag-eu","16":"tag-europe","17":"tag-fil-info","18":"tag-fr","19":"tag-france","20":"tag-grand-est","21":"tag-industrie","22":"tag-news","23":"tag-republique-francaise","24":"tag-strasbourg","25":"tag-strasbourg-nord","26":"tag-transport"},"share_on_mastodon":{"url":"https:\/\/pubeurope.com\/@fr\/114591050144913048","error":""},"_links":{"self":[{"href":"https:\/\/www.europesays.com\/fr\/wp-json\/wp\/v2\/posts\/136769","targetHints":{"allow":["GET"]}}],"collection":[{"href":"https:\/\/www.europesays.com\/fr\/wp-json\/wp\/v2\/posts"}],"about":[{"href":"https:\/\/www.europesays.com\/fr\/wp-json\/wp\/v2\/types\/post"}],"author":[{"embeddable":true,"href":"https:\/\/www.europesays.com\/fr\/wp-json\/wp\/v2\/users\/2"}],"replies":[{"embeddable":true,"href":"https:\/\/www.europesays.com\/fr\/wp-json\/wp\/v2\/comments?post=136769"}],"version-history":[{"count":0,"href":"https:\/\/www.europesays.com\/fr\/wp-json\/wp\/v2\/posts\/136769\/revisions"}],"wp:featuredmedia":[{"embeddable":true,"href":"https:\/\/www.europesays.com\/fr\/wp-json\/wp\/v2\/media\/136770"}],"wp:attachment":[{"href":"https:\/\/www.europesays.com\/fr\/wp-json\/wp\/v2\/media?parent=136769"}],"wp:term":[{"taxonomy":"category","embeddable":true,"href":"https:\/\/www.europesays.com\/fr\/wp-json\/wp\/v2\/categories?post=136769"},{"taxonomy":"post_tag","embeddable":true,"href":"https:\/\/www.europesays.com\/fr\/wp-json\/wp\/v2\/tags?post=136769"}],"curies":[{"name":"wp","href":"https:\/\/api.w.org\/{rel}","templated":true}]}}