{"id":136775,"date":"2025-05-29T12:12:11","date_gmt":"2025-05-29T12:12:11","guid":{"rendered":"https:\/\/www.europesays.com\/fr\/136775\/"},"modified":"2025-05-29T12:12:11","modified_gmt":"2025-05-29T12:12:11","slug":"le-meeting-de-nice-nikaia-sinvite-en-ville","status":"publish","type":"post","link":"https:\/\/www.europesays.com\/fr\/136775\/","title":{"rendered":"Le Meeting de Nice \u00ab Nika\u00efa \u00bb s&rsquo;invite en ville"},"content":{"rendered":"<p style=\"text-align: justify;\">Longtemps confin\u00e9 aux stades, l\u2019athl\u00e9tisme cherche d\u00e9sormais \u00e0 conqu\u00e9rir un nouveau public en investissant des lieux insolites et des espaces urbains. Une tendance port\u00e9e aussi par le Meeting de Nice \u00ab Nika\u00efa \u00bb d\u00e9sireux de rendre la discipline plus visible, plus accessible et plus spectaculaire. Ce jeudi, les organisateurs donnent rendez-vous aux Ni\u00e7ois sur la plage des Ponchettes, \u00e0 proximit\u00e9 du Vieux-Nice, o\u00f9 les activit\u00e9s sont plut\u00f4t tourn\u00e9es vers la baignade ou la balade familiale. Un plateau \u00e9ph\u00e9m\u00e8re d\u00e9di\u00e9 au lancer du poids sera install\u00e9 pour permettre aux meilleures sp\u00e9cialistes f\u00e9minines de s\u2019exprimer dans un cadre unique. En coh\u00e9rence avec les valeurs d\u2019inclusion port\u00e9es par l\u2019\u00e9v\u00e9nement, la N\u00e9erlandaise <strong>Lara Baars<\/strong>, titr\u00e9e en cat\u00e9gorie F40 aux Jeux paralympiques de Paris 2024, sera en action dans le cercle. D\u00e9but du concours \u00e0 19h00.<\/p>\n","protected":false},"excerpt":{"rendered":"Longtemps confin\u00e9 aux stades, l\u2019athl\u00e9tisme cherche d\u00e9sormais \u00e0 conqu\u00e9rir un nouveau public en investissant des lieux insolites et&hellip;\n","protected":false},"author":2,"featured_media":136776,"comment_status":"","ping_status":"","sticky":false,"template":"","format":"standard","meta":{"footnotes":""},"categories":[2819],"tags":[17,1111,11,4132,13940,1777,674,1011,27,26311,1110,26312,12,2401,26313,882,25],"class_list":{"0":"post-136775","1":"post","2":"type-post","3":"status-publish","4":"format-standard","5":"has-post-thumbnail","7":"category-nice","8":"tag-17","9":"tag-actu","10":"tag-actualites","11":"tag-athletisme","12":"tag-billetterie","13":"tag-eu","14":"tag-europe","15":"tag-fr","16":"tag-france","17":"tag-gabriel-tual","18":"tag-informations","19":"tag-meeting-de-nice","20":"tag-news","21":"tag-nice","22":"tag-nikaia","23":"tag-provence-alpes-cote-dazur","24":"tag-republique-francaise"},"share_on_mastodon":{"url":"https:\/\/pubeurope.com\/@fr\/114591062117061806","error":""},"_links":{"self":[{"href":"https:\/\/www.europesays.com\/fr\/wp-json\/wp\/v2\/posts\/136775","targetHints":{"allow":["GET"]}}],"collection":[{"href":"https:\/\/www.europesays.com\/fr\/wp-json\/wp\/v2\/posts"}],"about":[{"href":"https:\/\/www.europesays.com\/fr\/wp-json\/wp\/v2\/types\/post"}],"author":[{"embeddable":true,"href":"https:\/\/www.europesays.com\/fr\/wp-json\/wp\/v2\/users\/2"}],"replies":[{"embeddable":true,"href":"https:\/\/www.europesays.com\/fr\/wp-json\/wp\/v2\/comments?post=136775"}],"version-history":[{"count":0,"href":"https:\/\/www.europesays.com\/fr\/wp-json\/wp\/v2\/posts\/136775\/revisions"}],"wp:featuredmedia":[{"embeddable":true,"href":"https:\/\/www.europesays.com\/fr\/wp-json\/wp\/v2\/media\/136776"}],"wp:attachment":[{"href":"https:\/\/www.europesays.com\/fr\/wp-json\/wp\/v2\/media?parent=136775"}],"wp:term":[{"taxonomy":"category","embeddable":true,"href":"https:\/\/www.europesays.com\/fr\/wp-json\/wp\/v2\/categories?post=136775"},{"taxonomy":"post_tag","embeddable":true,"href":"https:\/\/www.europesays.com\/fr\/wp-json\/wp\/v2\/tags?post=136775"}],"curies":[{"name":"wp","href":"https:\/\/api.w.org\/{rel}","templated":true}]}}