{"id":136779,"date":"2025-05-29T12:14:15","date_gmt":"2025-05-29T12:14:15","guid":{"rendered":"https:\/\/www.europesays.com\/fr\/136779\/"},"modified":"2025-05-29T12:14:15","modified_gmt":"2025-05-29T12:14:15","slug":"que-faire-a-nantes-ce-week-end-du-29-mai-au-1er-juin-2025-big-city-nantes","status":"publish","type":"post","link":"https:\/\/www.europesays.com\/fr\/136779\/","title":{"rendered":"Que faire \u00e0 Nantes ce week-end du 29 mai au 1er juin 2025 ? \u2013 Big City Nantes"},"content":{"rendered":"<p>Le mois de mai touche d\u00e9j\u00e0 \u00e0 sa fin, mais les festivit\u00e9s continuent\u00a0! \u00c0 Nantes, le soleil est de retour, la chaleur aussi et les \u00e9v\u00e9nements s\u2019encha\u00eenent \u00e0 toute allure\u2026 Entre sorties estivales et soir\u00e9es de folie, on t\u2019a concoct\u00e9 une s\u00e9lection tr\u00e8s tr\u00e8s cool. Alors, pr\u00eat\u00b7e \u00e0 en profiter ?\u00a0On ne te fait pas plus attendre, regarde \u00e7a !<strong> <\/strong>\ud83d\ude0e<\/p>\n<p>Que Faire \u00e0 Nantes ce week-end : le programme des sorties du jeudi 29 mai au dimanche 1er juin 2025<\/p>\n<p>Un super week-end t\u2019attend \u00e0 Nantes ! \u00c7a commence fort avec le <strong><a href=\"https:\/\/vertou.fr\/se-divertir\/festival-charivari\/\" target=\"_blank\" rel=\"noopener\">festival Charivari <\/a><\/strong>les <strong>31 mai et 1er juin<\/strong> \u00e0 15 minutes de Nantes. Le <strong><a href=\"https:\/\/www.euphorianantes.fr\/\" target=\"_blank\" rel=\"noopener\">festival Euphoria<\/a> <\/strong>continue jusqu\u2019au <strong>1er juin <\/strong>avec une cl\u00f4ture gourmande : <strong><a href=\"https:\/\/www.euphorianantes.fr\/lineup\/la-grande-bouffe\/\" target=\"_blank\" rel=\"noopener\">la Grande Bouffe<\/a><\/strong>. C\u2019est aussi ta derni\u00e8re chance de profiter du festival des <strong><a href=\"https:\/\/www.lesmachines-nantes.fr\/printemps-des-nefs-2025\/\" target=\"_blank\" rel=\"noopener\">Printemps des Nefs<\/a><\/strong> jusqu\u2019au <strong>31 mai<\/strong>. Envie de rigoler entre potes ou en famille ? Va faire un tour au <strong><a href=\"https:\/\/smilecomedyclub.fr\/programmation\/\" target=\"_blank\" rel=\"noopener\">Smile Comedy Club<\/a><\/strong> et profite de shows stand-up avec suppl\u00e9ment ap\u00e9ro et tapas. Si tu pr\u00e9f\u00e8res une ambiance chill et gourmande, rendez-vous chez <strong><a href=\"https:\/\/zaw-nantes.com\/agenda\/\" target=\"_blank\" rel=\"noopener\">Zaw<\/a><\/strong> pour un jazz brunch et concert live chaque dimanche.<br \/>Bref, on t\u2019avait pr\u00e9venu, le programme du week-end s\u2019annonce tr\u00e8s tr\u00e8s cool \u00e0 Nantes !<\/p>\n<p>Et \u00e7a, c\u2019est qu\u2019un aper\u00e7u\u2026\u00a0<strong>Regarde la liste ci-dessous<\/strong>\u00a0pour ne rien manquer, et surtout,\u00a0on te souhaite un <strong>bon week-end \u00e0 Nantes<\/strong>\u00a0\u2764\ufe0f<\/p>\n<p><img decoding=\"async\" class=\"lazyload wp-block-cover__image-background wp-image-112113 size-full\" alt=\"\" src=\"https:\/\/www.europesays.com\/fr\/wp-content\/uploads\/2025\/05\/1748520855_248_A4_Borchure_Mockup_7-1.png\" style=\"object-position:56% 70%\" data-object-fit=\"cover\" data-object-position=\"56% 70%\"\/>commandez le passeport de l&rsquo;ap\u00e9ro<br \/>95\u20ac de consos offertes !  Tout le week-endVendredi, samedi et dimanche   Shows stand up au Smile Comedy Club  Profite d&rsquo;une soir\u00e9e\u00a0 tr\u00e8s cool au Smile Comedy Club \u00e0 Nantes ! Au programme : <strong>un big show avec 4 humoristes<\/strong>\u00a0\u00e0 d\u00e9couvrir\u00a0<strong>les 29, 30 et 31 mai<\/strong>. Comme d\u2019habitude, tu peux profiter du spectacle autour d\u2019un verre, d\u2019une planche et de snacks.<\/p>\n<p> <strong>O\u00f9<\/strong>Smile Comedy Club<br \/><strong>Quand<\/strong>demain<br \/><strong>Tarif<\/strong>Payant<\/p>\n<p>  Dernier week-end de Macabradath\u00e8que <\/p>\n<p>Tu as jusqu&rsquo;\u00e0 <strong>dimanche 1er juin<\/strong> pour profiter de l&rsquo;exposition personnelle d\u2019Anne-Line Drocourt \u00ab\u00a0Macabradath\u00e8que\u00a0\u00bb \u00e0 l&rsquo;<strong>Atelier Alain Lebras<\/strong>. Sous forme d\u2019installation sonore et plastique, elle interroge la survivance des \u00eatres morts dans notre quotidien, au travers de leurs objets, gestes, images.<\/p>\n<p> <strong>O\u00f9<\/strong>Atelier Alain Lebras<br \/><strong>Quand<\/strong>demain<br \/><strong>Horaires<\/strong>De 14h30 \u00e0 19h00<br \/><strong>Tarif<\/strong>Gratuit <\/p>\n<p>  Viens d\u00e9couvrir le nouveau restaurant MADE  Le restaurant <strong>MADE Burger<\/strong> a ouvert ses portes en mars \u00e0 Nantes ! Au menu : des burgers aux recettes ultra gourmandes avec des ingr\u00e9dients frais et de qualit\u00e9. Retrouve aussi un espace coffee shop avec smoothies, th\u00e9s glac\u00e9s, milkshakes\u2026 Le tout propos\u00e9 dans une ambiance cosy et chaleureuse. Un spot gourmand \u00e0 tester ce week-end \ud83d\ude0b<\/p>\n<p> <strong>O\u00f9<\/strong>MADE Burger<br \/><strong>Quand<\/strong>demain<br \/><strong>Tarif<\/strong>Payant<\/p>\n<p>  8\u00e8me \u00e9dition du Festival du Cerf-volant  Ce week-end \u00e0 <strong>Saint-Brevin<\/strong>, c&rsquo;est la<strong> 8\u00e8me \u00e9dition du Festival du Cerf-Volant<\/strong> ! Au programme : envol de cerf-volant, atelier de fabrication de cerf-volant, boutique \u00e9ph\u00e9m\u00e8re et autres surprises !<\/p>\n<p> <strong>O\u00f9<\/strong>Saint Br\u00e9vin l\u2019Oc\u00e9an<br \/><strong>Quand<\/strong>demain<br \/><strong>Tarif<\/strong>Gratuit <\/p>\n<p>  Jeudi   La F\u00eate des courses d\u00e9barque \u00e0 Nantes <\/p>\n<p><strong>La F\u00eate des courses<\/strong> fera \u00e9tape sur l&rsquo;<strong>Hippodrome<\/strong> de Nantes le<strong> jeudi 29 mai<\/strong> ! Pour cette occasion, retrouve le village pour enfants avec plein d&rsquo;animations pour les enfants avec au programme : barbe \u00e0 papa, maquillage, go\u00fbter, structure gonflable et poneys m\u00e9caniques.<\/p>\n<p> <strong>O\u00f9<\/strong>Hippodrome de Nantes<br \/><strong>Quand<\/strong>aujourd\u2019hui<br \/><strong>Tarif<\/strong>Gratuit <\/p>\n<p>  Impro Hours #1 \u00e0 La Cambuse <\/p>\n<p>Pour la premi\u00e8re \u00e9dition du<strong> Impro Hours<\/strong>, Le CITO est de retour \u00e0 la guinguette <strong>La Cambuse de Pirmil<\/strong> le<strong> jeudi 29 mai \u00e0 partir de 19h30<\/strong>!\u00a0 Au programme, impro en format court, port\u00e9 et mis en place par Claire.<\/p>\n<p> <strong>O\u00f9<\/strong>La cambuse Pirmil<br \/><strong>Quand<\/strong>aujourd\u2019hui<br \/><strong>Tarif<\/strong>Gratuit <\/p>\n<p>  Rap vs Techno au Warehouse  Le CHOC des Titans RAP vs TECHNO, c\u2019est <strong>jeudi 29 mai<\/strong> au <strong>Warehouse<\/strong> ! Un vrai duel entre \u00e9tudiants et DJ, t\u2019attend avec au programme du G\u00e9n\u00e9raliste, Rap, Shatta et un closing de qualit\u00e9, ambiance Techno. Alors quelle musique r\u00e9gnera lors de ce Tonus ?<\/p>\n<p> <strong>O\u00f9<\/strong>Warehouse<br \/><strong>Quand<\/strong>aujourd\u2019hui<br \/><strong>Tarif<\/strong>Payant<\/p>\n<p>  Inauguration et vernissage au Mus\u00e9e Aurore  Accompagn\u00e9\u00b7es par l\u2019auteur Iokanaan, d\u2019anciens sans-abris aujourd\u2019hui relog\u00e9s ont imagin\u00e9 des \u0153uvres intimes, puissantes, symboliques, reflets de leurs histoires, de leurs r\u00eaves et de leurs identit\u00e9s. Le<strong> 29 mai \u00e0 18h \u00e0 la G\u00e9n\u00e9rale<\/strong>, viens d\u00e9couvrir ces cr\u00e9ations lors d\u2019un vernissage, port\u00e9 par les r\u00e9sident\u00b7es, les artistes et la participation du po\u00e8te invit\u00e9 Nina Kibuanda.<\/p>\n<p> <strong>O\u00f9<\/strong>La g\u00e9n\u00e9rale, maison du projet de la Caserne Mellinet<br \/><strong>Quand<\/strong>aujourd\u2019hui<br \/><strong>Tarif<\/strong>Gratuit <\/p>\n<p>  Vendredi et  Samedi   Dernier week-end du Printemps des Nefs  Pour le dernier week-end du <strong>Printemps des Nefs<\/strong>, profite d&rsquo;une programmation de folie ! <strong>Vendredi\u00a030 mai<\/strong>, retrouve L.Allinger qui va t\u2019offrir un DJ set d&rsquo;exception et l&rsquo;artiste la Dame Blanche aux sonorit\u00e9s hip-hop, reggae et dancehall.<strong> Samedi 31 mai<\/strong>, c\u00e9l\u00e8bre de la meilleure des mani\u00e8res l\u2019abolition de 1865 de l\u2019esclavage aux \u00c9tats-Unis avec Kin\u2019Gongolo Kiniata et sa musique \u00e9lectro urbaine, Big Chief Juan Pardo &amp; Nala7 Brass Band, des artistes qui m\u00e9langent musiques actuelles et traditionnelles, tout droit venu de New Orleans !<\/p>\n<p> <strong>O\u00f9<\/strong>Les Nefs des Machines de l\u2019\u00cele<br \/><strong>Quand<\/strong>demain<br \/><strong>Tarif<\/strong>Gratuit <\/p>\n<p>  Samedi   F\u00eate du jardin des ronces <\/p>\n<p>Le collectif du jardin t&rsquo;invite le <strong>samedi 31 mai<\/strong> \u00e0 <strong>partir de 15h<\/strong> pour faire la <strong>f\u00eate au jardin des ronces<\/strong>. Au programme, des visites du jardin, des plantations pour mettre les mains dans la terre, lecture, danse, temps cr\u00e9atif, concert&#8230; Le tout dans une ambiance tr\u00e8s cool.<\/p>\n<p> <strong>O\u00f9<\/strong>24 Rue de la Papoti\u00e8re, 44300 Nantes, France<br \/><strong>Quand<\/strong>apr\u00e8s-demain<br \/><strong>Tarif<\/strong>Gratuit <\/p>\n<p>  Versnelling secret place est de retour <\/p>\n<p>Versnelling revient avec une Secret Place le samedi 31 mai 2025 \u00e0 partir de 16h\u00a0dans un NOUVEAU lieu en plein air tenu secret. 2 sc\u00e8nes, sc\u00e9nographie XXL, bar, stands, food &amp; camping&#8230; cette soir\u00e9e s&rsquo;annonce tr\u00e8s cool !<\/p>\n<p> <strong>O\u00f9<\/strong>Lieu secret<br \/><strong>Quand<\/strong>apr\u00e8s-demain<br \/><strong>Tarif<\/strong>Payant<\/p>\n<p>  Naoqueer : L\u2019ouverture du mois des fiert\u00e9s \u00e0 Nantes <\/p>\n<p>Le Mois des Fiert\u00e9s commence en beaut\u00e9, le<strong> samedi 31 mai<\/strong>, dans la cour du mythique <strong>Ch\u00e2teau des Ducs de Bretagne<\/strong> pour une soir\u00e9e exceptionnelle : Nao Queer ! Au programme, performances Drag : Queens, Kings &amp; artistes queer, DJ sets, march\u00e9 d\u2019artistes &amp; cr\u00e9ateur\u00b7ices locaux\u00b7ales, buvette &amp; restauration pour trinquer et grignoter. Le tout dans une ambiance magique, entre \u00e9l\u00e9gance, extravagance et fiert\u00e9 !<\/p>\n<p> <strong>O\u00f9<\/strong>Ch\u00e2teau des Ducs de Bretagne<br \/><strong>Quand<\/strong>apr\u00e8s-demain<br \/><strong>Tarif<\/strong>Payant<\/p>\n<p>  Chak Chouka est de retour  Samedi 31 mai, le voyage oriental et musical Chak Chouka est de retour au Taproom Aerofab pour une quatri\u00e8me \u00e9dition. Retrouve ce trio immanquable : Sami Fatih, Le Disquaire Du Dimanche et Karim Karim.<\/p>\n<p> <strong>O\u00f9<\/strong>AERoFAB Taproom<br \/><strong>Quand<\/strong>apr\u00e8s-demain<br \/><strong>Tarif<\/strong>Gratuit <\/p>\n<p>  Sous le ciel de Pornic <\/p>\n<p><strong>Samedi 31 mai 2025 au Vieux-Port de Pornic<\/strong>, La Ville inaugure un nouvel \u00e9v\u00e9nement : \u00ab <strong>Sous le Ciel de Pornic<\/strong> \u00ab o\u00f9 spectacles vivants et musiques transformeront Pornic en une v\u00e9ritable sc\u00e8ne \u00e0 ciel ouvert. Une soir\u00e9e in\u00e9dite et multig\u00e9n\u00e9rationnelle, pour c\u00e9l\u00e9brer l\u2019\u00e2me de la ville et mettre en valeur son patrimoine \u00e0 travers des performances artistiques uniques.<\/p>\n<p> <strong>O\u00f9<\/strong>Vieux-Port de Pornic<br \/><strong>Quand<\/strong>apr\u00e8s-demain<br \/><strong>Tarif<\/strong>Gratuit <\/p>\n<p>  Championnat R\u00e9gional de Street Workout  Le championnat R\u00e9gional de Street Workout revient le <strong>31 mai 2025<\/strong> au <strong>Parc des Chantiers \u00e0 Nantes<\/strong> ! Viens repousser tes limites et affronter les meilleurs athl\u00e8tes de la r\u00e9gion dans une ambiance survolt\u00e9e !<\/p>\n<p> <strong>O\u00f9<\/strong>Parc des Chantiers<br \/><strong>Quand<\/strong>apr\u00e8s-demain<br \/><strong>Horaires<\/strong>De 11h00 \u00e0 17h00<br \/><strong>Tarif<\/strong>Payant<\/p>\n<p>  La f\u00eate des fraises est de retour \u00e0 Nantes <\/p>\n<p>Pour la troisi\u00e8me ann\u00e9e cons\u00e9cutive, la <strong>Ferme Fruiti\u00e8re de la Hauti\u00e8re<\/strong> t&rsquo;invite \u00e0 c\u00e9l\u00e9brer la F\u00eate de la Fraise ! Rendez-vous le <strong>samedi 31 mai 2025 de 9h \u00e0 19h<\/strong> pour une journ\u00e9e gourmande, festive et 100 % fraise, \u00e0 partager en famille ou entre potes ! Au programme, cueillette, d\u00e9gustation, balade botanique, animations, concert, magicien, march\u00e9 de cr\u00e9ateurs, animations ; food trucks et bar sur place !<\/p>\n<p> <strong>O\u00f9<\/strong>La ferme fruiti\u00e8re de la Hauti\u00e8re<br \/><strong>Quand<\/strong>apr\u00e8s-demain<br \/><strong>Horaires<\/strong>De 09h00 \u00e0 19h00<br \/><strong>Tarif<\/strong>Gratuit <\/p>\n<p>  Finale de la Champions League au LAB  Ce <strong>samedi 31 mai<\/strong>, c\u2019est au <strong>LAB<\/strong> que \u00e7a se passe pour vivre la finale de la<strong> Champions League<\/strong> comme jamais !<br \/>\nUn <strong>\u00e9cran XXL<\/strong>, une ambiance \u00e9lectrique, des pintes bien fra\u00eeches et une foule en d\u00e9lire : tout est r\u00e9uni pour une soir\u00e9e m\u00e9morable \ud83d\udd25<br \/>\nViens chauffer l\u2019ambiance d\u00e8s 17h avec un ap\u00e9ro en fanfares avec <strong>Terminus Band Band<\/strong> et la troupe br\u00e9silienne<strong> Cornuc\u00f3pia Desvairada<\/strong>\ud83c\udfba<\/p>\n<p> <strong>O\u00f9<\/strong>Little Atlantique Brewery<br \/><strong>Quand<\/strong>apr\u00e8s-demain<br \/><strong>Horaires<\/strong>De 17h00 \u00e0 23h59<br \/><strong>Tarif<\/strong>Gratuit <\/p>\n<p>  La finale de la LDC sur \u00e9cran g\u00e9ant au Festival Euphoria  L&rsquo;<strong>Euphoria Festival<\/strong> se cl\u00f4ture en beaut\u00e9 avec la diffusion sur<strong> \u00e9cran g\u00e9ant de la finale de la Ligue des Champions<\/strong> ! \ud83c\udfc6 Installe toi sous le chapiteau, ambiance garantie, boissons et food \u00e0 gogo !<\/p>\n<p> <strong>O\u00f9<\/strong>MiN De Rien<br \/><strong>Quand<\/strong>apr\u00e8s-demain<br \/><strong>Horaires<\/strong>De 20h00 \u00e0 23h59<br \/><strong>Tarif<\/strong>Gratuit <\/p>\n<p>  Finale LDC au Melting Potes  Samedi, c&rsquo;est la finale de a Ligue des Champions, et <strong>Melting Potes<\/strong> t&rsquo;accueille comme il se doit pour visionner le <strong>match<\/strong>, avec en bonus des <strong>m\u00e8tres de burgers<\/strong> \u00e0 partager avec tes potes ! De quoi te donner des forces pour encourager comme jamais ton \u00e9quipe !<\/p>\n<p> <strong>O\u00f9<\/strong>Melting Potes<br \/><strong>Quand<\/strong>apr\u00e8s-demain<br \/><strong>Horaires<\/strong>De 20h00 \u00e0 23h30<br \/><strong>Tarif<\/strong>Gratuit <\/p>\n<p>  Grande Finale PSG VS INTER au Santeuil Caf\u00e9  Viens regarder la <strong>finale PSG VS\u00a0 INTER MILAN<\/strong> sur 3 \u00e9crans avec un son de qualit\u00e9 au <strong>Santeuil Caf\u00e9<\/strong> ! Tu pourras y d\u00e9couvrir les nouvelles bi\u00e8res pression et grignoter toute la soir\u00e9e ! Bref, la soir\u00e9e de r\u00eave !<\/p>\n<p> <strong>O\u00f9<\/strong>Sauteuil Caf\u00e9<br \/><strong>Quand<\/strong>apr\u00e8s-demain<br \/><strong>Horaires<\/strong>De 20h30 \u00e0 23h45<br \/><strong>Tarif<\/strong>Gratuit <\/p>\n<p>  La finale de la Ligue des Champions au O\u2019Bock  C&rsquo;est le grand jour ! Rendez-vous au <strong>O&rsquo;Bock<\/strong> pour le\u00a0 visionnage de la finale du match de la <strong>Ligue des Champions<\/strong> o\u00f9 cris, frissons et buts fabuleux sont garantis ! Alors plut\u00f4t <strong>PSG<\/strong> ou <strong>INTER DE MILAN<\/strong> ?\u26bd<\/p>\n<p> <strong>O\u00f9<\/strong>O\u2019Bock<br \/><strong>Quand<\/strong>apr\u00e8s-demain<br \/><strong>Horaires<\/strong>De 21h00 \u00e0 23h59<br \/><strong>Tarif<\/strong>Gratuit <\/p>\n<p>  The Big Game par Jodye Coaster + DJ set de Mita chez ZAW  <strong>Samedi 31 mai 2025<\/strong>, viens d\u00e9couvrir <strong>THE BIG GAME<\/strong> chez <strong>ZAW<\/strong>. Au programme, drag show par la drag queen nantaise : Jodye Coaster, jeux participatifs et DJ set \u00e9lectro et synth\u00e9tiques par Mita.<\/p>\n<p> <strong>O\u00f9<\/strong>ZAW Nantes<br \/><strong>Quand<\/strong>apr\u00e8s-demain<br \/><strong>Horaires<\/strong>De 15h00 \u00e0 20h30<br \/><strong>Tarif<\/strong>Gratuit <\/p>\n<p>  Samedi et  Dimanche   Festival Charivari 2025 : 2 jours de concerts gratuits en plein air <\/p>\n<p> Le combo parfait entre musique, nature et bonne ambiance ? C\u2019est au festival Charivari que c\u0327a se passe ! Les<strong> samedi 31 mai et dimanche 1er juin 2025<\/strong>, ce grand festival revient a\u0300 Vertou pour sa 13e e\u0301dition et c\u0327a s\u2019annonce tre\u0300s cool. Au programme : deux jours de concerts, de spectacles et de convivialite\u0301, le tout en acce\u0300s libre et en pleine nature !<\/p>\n<p> <strong>O\u00f9<\/strong>Parc de La S\u00e8vre<br \/><strong>Quand<\/strong>apr\u00e8s-demain<br \/><strong>Tarif<\/strong>Gratuit <\/p>\n<p>  La Grande Bouffe: Un banquet XXL \u00e0 Nantes  Pour terminer en beaut\u00e9, le festival Euphoria<b> <\/b>t\u2019a concoct\u00e9<strong>\u00a0La Grande Bouffe<\/strong>, un festin XXL avec une s\u00e9lection de stands food aux petits oignons. Au menu\u00a0<strong>du 31 mai au 1er\u00a0juin<\/strong>\u00a0: plus de\u00a0<strong>25 stands,<\/strong>\u00a0comprenant des foodtrucks, des jeux XXL et des animations surprises, le tout dans une ambiance festive et musicale ! Et en plus l\u2019entr\u00e9e est gratuite !<\/p>\n<p> <strong>O\u00f9<\/strong>MiN De Rien<br \/><strong>Quand<\/strong>apr\u00e8s-demain<br \/><strong>Tarif<\/strong>Gratuit <\/p>\n<p>  Dernier week-end du festival du Printemps Cor\u00e9en <\/p>\n<p>Le dernier week-end du festival du Printemps Cor\u00e9en c&rsquo;est les <strong>31 mai et 1er juin<\/strong> \u00e0 <strong>Nantes. <\/strong>Cette 12\u00e8me \u00e9dition est plac\u00e9e sur le th\u00e8me \u201cHarmonie et la Grandeur de la Nature\u00a0\u00bb, met en lumi\u00e8re la beaut\u00e9 de la nature \u00e0 travers des expositions et des performances repr\u00e9sentant la mer, les montagnes, le ciel et l\u2019humanit\u00e9. Trois r\u00e9gions cor\u00e9ennes, l\u2019\u00eele de Jeju, la montagne de Mudeungsan, et la ville de Naju, ont \u00e9t\u00e9 choisies pour symboliser cette harmonie profonde entre la nature et la culture cor\u00e9enne.<\/p>\n<p> <strong>O\u00f9<\/strong>Multi-sites<br \/><strong>Quand<\/strong>apr\u00e8s-demain<br \/><strong>Tarif<\/strong>Payant<\/p>\n<p>  Dimanche   Le Naoned Urban Trail by Capeos d\u00e9barque \u00e0 Nantes  <strong>Le 1er juin<\/strong>, viens d\u00e9couvrir cette toute nouvelle exp\u00e9rience sportive au c\u0153ur d\u2019un d\u00e9cor urbain in\u00e9dit : le Naoned Urban Trail by Capeos (NUT). Que tu sois novice ou coureur aguerri, rel\u00e8ve le d\u00e9fi \u00e0 ton rythme sur l\u2019un des trois parcours propos\u00e9s en individiduel ou par \u00e9quipe. Cet \u00e9v\u00e9nement, c\u2019est aussi une f\u00eate avec des animations musicales, des encouragements tout au long du parcours et une arriv\u00e9e sur <strong>l\u2019\u00eele de Nantes<\/strong>.<\/p>\n<p> <strong>O\u00f9<\/strong>Stade Michel Lecointre<br \/><strong>Quand<\/strong>1 juin 2025<br \/><strong>Horaires<\/strong>De 09h00 \u00e0 12h30<br \/><strong>Tarif<\/strong>Gratuit <\/p>\n<p>  Le go\u00fbter de Viktoria <\/p>\n<p>Viens faire la f\u00eate le <strong>1er juin<\/strong> \u00e0 <strong>La Casa<\/strong> avec Viktoria Hanuli et ses invit\u00e9es Gloria Gaine D\u2019Or et Lady Sgust pour une apr\u00e8s-midi de folie ! C\u2019est chill, FamilleCompaptible, tout doux et p\u00e9tillant pour terminer la semaine en beaut\u00e9 !<\/p>\n<p> <strong>O\u00f9<\/strong>la Casa<br \/><strong>Quand<\/strong>1 juin 2025<br \/><strong>Horaires<\/strong>De 17h00 \u00e0 20h00<br \/><strong>Tarif<\/strong>Gratuit <\/p>\n<p>  1er dimanche de juin : mus\u00e9es gratuits !  <strong>Premier dimanche de juin = mus\u00e9es gratuits !!<\/strong>\u00a0Le Mus\u00e9e d\u2019histoire de Nantes, le Mus\u00e9e d\u2019Arts, le Mus\u00e9e Jules Verne, le Mus\u00e9um d\u2019histoire naturelle et le Chronographe sont gratuits tous les 1ers dimanches de chaque mois.\u00a0<strong>Viens en profiter<\/strong>\u00a0!<\/p>\n<p> <strong>O\u00f9<\/strong>Multi-sites<br \/><strong>Quand<\/strong>1 juin 2025<br \/><strong>Tarif<\/strong>Gratuit <\/p>\n<p>  Sunday Open Air Electro \u00e0 la Chaumi\u00e8re <\/p>\n<p>Pour cette nouvelle saison, <strong>la Chaumi\u00e8re<\/strong> a d\u00e9cid\u00e9 de placer les dimanches sous le th\u00e8me de la f\u00eate&#8230; <strong>Dimanche 1er juin<\/strong>, retrouve un Open Air Electro tr\u00e8s cool ! Il laisse carte blanche \u00e0 SLOB pour te concocter un line up aux petits oignons pour te faire danser jusqu&rsquo;\u00e0 la tomb\u00e9e de la nuit.<\/p>\n<p> <strong>O\u00f9<\/strong>La Chaumi\u00e8re<br \/><strong>Quand<\/strong>1 juin 2025<br \/><strong>Horaires<\/strong>De 14h00 \u00e0 22h00<br \/><strong>Tarif<\/strong>Prix libre<\/p>\n<p>  Jazz Brunch chez ZAW  Tous les dimanches, savoure un <strong>brunch \u00e0 volont\u00e9<\/strong> accompagn\u00e9 d&rsquo;un concert jazz en live ! Au menu : plaisirs sal\u00e9s avec fromages, charcuteries, et autres classiques, et gourmandises sucr\u00e9es avec salade de fruits, pancakes, brioche perdue&#8230; et autres. Une pause gourmande \u00e0 tester ce dimanche au coeur d&rsquo;un lieu 100% d\u00e9paysant !<\/p>\n<p> <strong>O\u00f9<\/strong>ZAW Nantes<br \/><strong>Quand<\/strong>1 juin 2025<br \/><strong>Horaires<\/strong>De 11h30 \u00e0 15h00<br \/><strong>Tarif<\/strong>Payant<\/p>\n<p class=\"has-cyan-bluish-gray-color has-text-color\">Photo \u00e0 la une :  Festival Charivari \u00a9Ville de Vertou<\/p>\n<p>\u00c0 faire chaque week-end<img decoding=\"async\" class=\"lazyload wp-block-cover__image-background wp-image-112113 size-full\" alt=\"\" src=\"https:\/\/www.europesays.com\/fr\/wp-content\/uploads\/2025\/05\/1748520855_248_A4_Borchure_Mockup_7-1.png\" style=\"object-position:56% 70%\" data-object-fit=\"cover\" data-object-position=\"56% 70%\"\/>commandez le passeport de l&rsquo;ap\u00e9ro<br \/>95\u20ac de consos offertes !<\/p>\n","protected":false},"excerpt":{"rendered":"Le mois de mai touche d\u00e9j\u00e0 \u00e0 sa fin, mais les festivit\u00e9s continuent\u00a0! \u00c0 Nantes, le soleil est&hellip;\n","protected":false},"author":2,"featured_media":136780,"comment_status":"","ping_status":"","sticky":false,"template":"","format":"standard","meta":{"footnotes":""},"categories":[2818],"tags":[1111,11,4156,4157,1777,674,1011,27,766,12,2636,25,953,1669,3140,4064],"class_list":{"0":"post-136779","1":"post","2":"type-post","3":"status-publish","4":"format-standard","5":"has-post-thumbnail","7":"category-nantes","8":"tag-actu","9":"tag-actualites","10":"tag-concerts","11":"tag-dj-sets","12":"tag-eu","13":"tag-europe","14":"tag-fr","15":"tag-france","16":"tag-nantes","17":"tag-news","18":"tag-pays-de-la-loire","19":"tag-republique-francaise","20":"tag-soiree","21":"tag-sorties","22":"tag-spectacle","23":"tag-week-end"},"share_on_mastodon":{"url":"https:\/\/pubeurope.com\/@fr\/114591070107425048","error":""},"_links":{"self":[{"href":"https:\/\/www.europesays.com\/fr\/wp-json\/wp\/v2\/posts\/136779","targetHints":{"allow":["GET"]}}],"collection":[{"href":"https:\/\/www.europesays.com\/fr\/wp-json\/wp\/v2\/posts"}],"about":[{"href":"https:\/\/www.europesays.com\/fr\/wp-json\/wp\/v2\/types\/post"}],"author":[{"embeddable":true,"href":"https:\/\/www.europesays.com\/fr\/wp-json\/wp\/v2\/users\/2"}],"replies":[{"embeddable":true,"href":"https:\/\/www.europesays.com\/fr\/wp-json\/wp\/v2\/comments?post=136779"}],"version-history":[{"count":0,"href":"https:\/\/www.europesays.com\/fr\/wp-json\/wp\/v2\/posts\/136779\/revisions"}],"wp:featuredmedia":[{"embeddable":true,"href":"https:\/\/www.europesays.com\/fr\/wp-json\/wp\/v2\/media\/136780"}],"wp:attachment":[{"href":"https:\/\/www.europesays.com\/fr\/wp-json\/wp\/v2\/media?parent=136779"}],"wp:term":[{"taxonomy":"category","embeddable":true,"href":"https:\/\/www.europesays.com\/fr\/wp-json\/wp\/v2\/categories?post=136779"},{"taxonomy":"post_tag","embeddable":true,"href":"https:\/\/www.europesays.com\/fr\/wp-json\/wp\/v2\/tags?post=136779"}],"curies":[{"name":"wp","href":"https:\/\/api.w.org\/{rel}","templated":true}]}}