{"id":136788,"date":"2025-05-29T12:19:10","date_gmt":"2025-05-29T12:19:10","guid":{"rendered":"https:\/\/www.europesays.com\/fr\/136788\/"},"modified":"2025-05-29T12:19:10","modified_gmt":"2025-05-29T12:19:10","slug":"deux-jours-de-creation-et-de-fete-ce-week-end-a-hellemmes","status":"publish","type":"post","link":"https:\/\/www.europesays.com\/fr\/136788\/","title":{"rendered":"deux jours de cr\u00e9ation et de f\u00eate ce week-end \u00e0 Hellemmes"},"content":{"rendered":"<p>            Par<br \/>\n        <strong><br \/>\n            <a href=\"https:\/\/actu.fr\/auteur\/nicolas-demollien\" title=\"Consulter tous les articles de Nicolas Demollien\" target=\"_blank\" rel=\"noopener\">Nicolas Demollien<\/a><br \/>\n        <\/strong><\/p>\n<p>        Publi\u00e9 le<\/p>\n<p>            29 mai 2025 \u00e0 13h46        <\/p>\n<p>\u00ab\u00a0Deux apr\u00e8s-midis de pure cr\u00e9ation, de partage et de f\u00eate\u00a0\u00bb. Voil\u00e0 comment le <b>collectif Renart<\/b> d\u00e9crit l\u2019\u00e9v\u00e9nement qui vous attend ces samedi 31 mai et dimanche 1er juin 2025 \u00e0 <a href=\"https:\/\/actu.fr\/tag\/hellemes\" target=\"_blank\" rel=\"noopener\">Hellemmes<\/a>, ville associ\u00e9e \u00e0 <a href=\"https:\/\/actu.fr\/hauts-de-france\/lille_59350\" target=\"_blank\" rel=\"noopener\">Lille<\/a> (Nord). Une <b>JAM Graffiti<\/b> qui se tiendra durant les deux jours de 14h \u00e0 20h et dont l\u2019<b>entr\u00e9e est <\/b>gratuite. D\u00e9tails.<\/p>\n<p>Un week-end gratuit consacr\u00e9 au street art \u00e0 Hellemmes ce week-end<\/p>\n<p class=\" wall-content\">Pour en profiter, il faudra vous rendre aux ateliers municipaux de la ville situ\u00e9s au 7, rue Ledru Rollin.\u00a0Sur le th\u00e8me \u00ab\u00a0Noctambules\u00a0\u00bb, 22 artistes seront r\u00e9unis sur place pour investir les murs et proposer \u00ab\u00a0leurs visions de la nuit, entre lumi\u00e8re urbaine, silhouettes myst\u00e9rieuses et r\u00eaveries nocturnes\u00a0\u00bb, annoncent les organisateurs.<\/p>\n<p data-start=\"499\" class=\" wall-content\">Vous assisterez sur place \u00e0 des performances graffiti en live, profiterez d\u2019un DJ set et pourrez participer \u00e0 des ateliers participatifs. Le tout avec \u00ab\u00a0plein de surprises tout au long du week-end\u00a0\u00bb, promet le collectif.<\/p>\n<p>    <a href=\"https:\/\/www.facebook.com\/plugins\/post.php?href=https%3A%2F%2Fwww.facebook.com%2Fcollectif.renart%2Fposts%2Fpfbid02oMfcsmmNTVK6pCo9w6F95H9PoT62ZzDQnPau1rrZSUjmQXjSitdAe3KmWrrkB6d3l&amp;show_text=true&amp;width=350\" title=\"Ouvrie le lien\" target=\"_blank\" rel=\"noopener\">Cliquez ici pour visualiser le contenu<\/a><\/p>\n<p class=\" wall-content\">Plus d\u2019infos sur le site <a href=\"https:\/\/collectif-renart.com\/biam_2025\/jam-graffiti-hellemmes\/\" target=\"_blank\" rel=\"noopener\">collectif-renart.com<\/a><\/p>\n<p>Vid\u00e9os : en ce moment sur Actu<\/p>\n<p class=\" wall-content\">Suivez toute l\u2019actualit\u00e9 de vos villes et m\u00e9dias favoris en vous inscrivant \u00e0 <a href=\"https:\/\/moncompte.actu.fr\" title=\"D\u00e9couvez Mon Actu\" rel=\"nofollow noopener\" data-trk=\"{&quot;cta&quot;:{&quot;action&quot;:&quot;https:\\\/\\\/moncompte.actu.fr&quot;,&quot;category&quot;:&quot;mon compte&quot;,&quot;from&quot;:&quot;article footer&quot;,&quot;name&quot;:&quot;Mon actu&quot;,&quot;type&quot;:&quot;cta&quot;}}\" target=\"_blank\">Mon Actu<\/a>.<\/p>\n","protected":false},"excerpt":{"rendered":"Par Nicolas Demollien Publi\u00e9 le 29 mai 2025 \u00e0 13h46 \u00ab\u00a0Deux apr\u00e8s-midis de pure cr\u00e9ation, de partage et&hellip;\n","protected":false},"author":2,"featured_media":136789,"comment_status":"","ping_status":"","sticky":false,"template":"","format":"standard","meta":{"footnotes":""},"categories":[2815],"tags":[1111,11,1777,674,1011,27,811,5782,1307,1652,12,25,7189],"class_list":{"0":"post-136788","1":"post","2":"type-post","3":"status-publish","4":"format-standard","5":"has-post-thumbnail","7":"category-lille","8":"tag-actu","9":"tag-actualites","10":"tag-eu","11":"tag-europe","12":"tag-fr","13":"tag-france","14":"tag-hauts-de-france","15":"tag-hellemmes","16":"tag-lille","17":"tag-loisirs-culture","18":"tag-news","19":"tag-republique-francaise","20":"tag-street-art"},"share_on_mastodon":{"url":"https:\/\/pubeurope.com\/@fr\/114591089519326277","error":""},"_links":{"self":[{"href":"https:\/\/www.europesays.com\/fr\/wp-json\/wp\/v2\/posts\/136788","targetHints":{"allow":["GET"]}}],"collection":[{"href":"https:\/\/www.europesays.com\/fr\/wp-json\/wp\/v2\/posts"}],"about":[{"href":"https:\/\/www.europesays.com\/fr\/wp-json\/wp\/v2\/types\/post"}],"author":[{"embeddable":true,"href":"https:\/\/www.europesays.com\/fr\/wp-json\/wp\/v2\/users\/2"}],"replies":[{"embeddable":true,"href":"https:\/\/www.europesays.com\/fr\/wp-json\/wp\/v2\/comments?post=136788"}],"version-history":[{"count":0,"href":"https:\/\/www.europesays.com\/fr\/wp-json\/wp\/v2\/posts\/136788\/revisions"}],"wp:featuredmedia":[{"embeddable":true,"href":"https:\/\/www.europesays.com\/fr\/wp-json\/wp\/v2\/media\/136789"}],"wp:attachment":[{"href":"https:\/\/www.europesays.com\/fr\/wp-json\/wp\/v2\/media?parent=136788"}],"wp:term":[{"taxonomy":"category","embeddable":true,"href":"https:\/\/www.europesays.com\/fr\/wp-json\/wp\/v2\/categories?post=136788"},{"taxonomy":"post_tag","embeddable":true,"href":"https:\/\/www.europesays.com\/fr\/wp-json\/wp\/v2\/tags?post=136788"}],"curies":[{"name":"wp","href":"https:\/\/api.w.org\/{rel}","templated":true}]}}