{"id":136811,"date":"2025-05-29T12:31:08","date_gmt":"2025-05-29T12:31:08","guid":{"rendered":"https:\/\/www.europesays.com\/fr\/136811\/"},"modified":"2025-05-29T12:31:08","modified_gmt":"2025-05-29T12:31:08","slug":"pourquoi-nord-stream-est-au-coeur-des-negociations-avec-la-russie","status":"publish","type":"post","link":"https:\/\/www.europesays.com\/fr\/136811\/","title":{"rendered":"Pourquoi Nord Stream est au c\u0153ur des n\u00e9gociations avec la Russie"},"content":{"rendered":"\n<p>[\u00c0 la mi-mai], le tribunal cantonal de Zoug, en Suisse, s\u2019est transform\u00e9 en point chaud g\u00e9opolitique dans le conflit entre les superpuissances. Les juges devaient d\u00e9terminer s\u2019il fallait entamer une proc\u00e9dure de faillite contre le consortium de Nord Stream 2, le gazoduc en mer Baltique, dont le si\u00e8ge est situ\u00e9 dans la ville. En cas d\u2019insolvabilit\u00e9, le double conduit sous-marin, partiellement endommag\u00e9, et \u00e9valu\u00e9 au d\u00e9part \u00e0 environ 12\u00a0milliards d\u2019euros, serait vendu aux ench\u00e8res.<\/p>\n<p>Les juges savaient qu\u2019il \u00e9tait possible que l\u2019investisseur am\u00e9ricain, Stephen Lynch, remporte \u00e9ventuellement l\u2019ench\u00e8re, peut-\u00eatre m\u00eame \u00e0 la demande du <a href=\"https:\/\/www.courrierinternational.com\/sujet\/donald-trump\" target=\"_blank\" rel=\"noopener\">pr\u00e9sident am\u00e9ricain, Donald\u00a0Trump<\/a>. Le gazoduc du g\u00e9ant russe Gazprom, cofinanc\u00e9 par des groupes europ\u00e9ens du secteur de l\u2019\u00e9nergie, se m\u00e9tamorphoserait alors en une infrastructure am\u00e9ricaine au fond de la mer Baltique \u2013 et deviendrait un levier strat\u00e9gique pour un accord de paix entre la Russie et l\u2019Ukraine, ainsi que l\u2019a r\u00e9cemment rapport\u00e9 Politico [qui, comme Die Welt, appartient au groupe de m\u00e9dias Axel Springer]. Le secr\u00e9taire d\u2019\u00c9tat am\u00e9ricain, Marco Rubio, a pour sa part rejet\u00e9 cette proposition. Mais cela faisait bien des responsabilit\u00e9s pour un petit juge cantonal suisse.<\/p>\n<p>L\u2019affaire est complexe\u00a0: au <\/p>\n","protected":false},"excerpt":{"rendered":"[\u00c0 la mi-mai], le tribunal cantonal de Zoug, en Suisse, s\u2019est transform\u00e9 en point chaud g\u00e9opolitique dans le&hellip;\n","protected":false},"author":2,"featured_media":136812,"comment_status":"","ping_status":"","sticky":false,"template":"","format":"standard","meta":{"footnotes":""},"categories":[1591],"tags":[11,672,3822,674,1887,26320,19761,1892,131,12,1885,1886,132,770,220],"class_list":{"0":"post-136811","1":"post","2":"type-post","3":"status-publish","4":"format-standard","5":"has-post-thumbnail","7":"category-russie","8":"tag-actualites","9":"tag-allemagne","10":"tag-amu00e9riques","11":"tag-europe","12":"tag-federation-de-russie","13":"tag-gazoducs-nord-stream","14":"tag-gazprom","15":"tag-gu00e9opolitique","16":"tag-guerre-en-ukraine","17":"tag-news","18":"tag-russia","19":"tag-russian-federation","20":"tag-russie","21":"tag-u00e9tats-unis","22":"tag-ukraine"},"share_on_mastodon":{"url":"https:\/\/pubeurope.com\/@fr\/114591136691943118","error":""},"_links":{"self":[{"href":"https:\/\/www.europesays.com\/fr\/wp-json\/wp\/v2\/posts\/136811","targetHints":{"allow":["GET"]}}],"collection":[{"href":"https:\/\/www.europesays.com\/fr\/wp-json\/wp\/v2\/posts"}],"about":[{"href":"https:\/\/www.europesays.com\/fr\/wp-json\/wp\/v2\/types\/post"}],"author":[{"embeddable":true,"href":"https:\/\/www.europesays.com\/fr\/wp-json\/wp\/v2\/users\/2"}],"replies":[{"embeddable":true,"href":"https:\/\/www.europesays.com\/fr\/wp-json\/wp\/v2\/comments?post=136811"}],"version-history":[{"count":0,"href":"https:\/\/www.europesays.com\/fr\/wp-json\/wp\/v2\/posts\/136811\/revisions"}],"wp:featuredmedia":[{"embeddable":true,"href":"https:\/\/www.europesays.com\/fr\/wp-json\/wp\/v2\/media\/136812"}],"wp:attachment":[{"href":"https:\/\/www.europesays.com\/fr\/wp-json\/wp\/v2\/media?parent=136811"}],"wp:term":[{"taxonomy":"category","embeddable":true,"href":"https:\/\/www.europesays.com\/fr\/wp-json\/wp\/v2\/categories?post=136811"},{"taxonomy":"post_tag","embeddable":true,"href":"https:\/\/www.europesays.com\/fr\/wp-json\/wp\/v2\/tags?post=136811"}],"curies":[{"name":"wp","href":"https:\/\/api.w.org\/{rel}","templated":true}]}}