{"id":136823,"date":"2025-05-29T12:37:10","date_gmt":"2025-05-29T12:37:10","guid":{"rendered":"https:\/\/www.europesays.com\/fr\/136823\/"},"modified":"2025-05-29T12:37:10","modified_gmt":"2025-05-29T12:37:10","slug":"lunion-europeenne-progresse-vers-ses-objectifs-energetiques-de-2030-selon-bruxelles","status":"publish","type":"post","link":"https:\/\/www.europesays.com\/fr\/136823\/","title":{"rendered":"L\u2019Union europ\u00e9enne progresse vers ses objectifs \u00e9nerg\u00e9tiques de 2030 selon Bruxelles"},"content":{"rendered":"<p>L\u2019Union europ\u00e9enne se rapproche collectivement de ses engagements pour 2030 en mati\u00e8re de climat et d\u2019\u00e9nergie, selon une \u00e9valuation publi\u00e9e par la Commission europ\u00e9enne le 28 mai. Les plans nationaux \u00e9nergie-climat (NECPs) r\u00e9vis\u00e9s par les \u00c9tats membres montrent une progression significative depuis les recommandations formul\u00e9es par Bruxelles en d\u00e9cembre 2023.<\/p>\n<p>Objectifs proches de l\u2019alignement avec la l\u00e9gislation climatique<\/p>\n<p>L\u2019analyse des plans d\u00e9finitifs indique que l\u2019Union pourrait atteindre une r\u00e9duction nette des \u00e9missions de gaz \u00e0 effet de serre de 54% d\u2019ici 2030, compar\u00e9 aux niveaux de 1990. L\u2019objectif inscrit dans la l\u00e9gislation europ\u00e9enne sur le climat est une baisse de 55%. Ce progr\u00e8s est conditionn\u00e9 \u00e0 l\u2019application compl\u00e8te des mesures actuelles et planifi\u00e9es aux niveaux national et europ\u00e9en.<\/p>\n<p>La Commission note \u00e9galement une dynamique d\u2019investissement croissante dans l\u2019industrialisation bas-carbone, port\u00e9e par des dispositifs comme le Clean Industrial Deal et l\u2019Affordable Energy Action Plan. Ces outils doivent permettre aux \u00c9tats de structurer leurs actions vers des solutions \u00e9nerg\u00e9tiques nationales et stables \u00e0 long terme.<\/p>\n<p>Investissements coordonn\u00e9s et attentes sur les plans manquants<\/p>\n<p>La Commission insiste sur l\u2019importance de traduire les engagements en r\u00e9alisations concr\u00e8tes, en canalisant les fonds publics vers les projets de transformation \u00e9nerg\u00e9tique. Elle encourage \u00e9galement les synergies r\u00e9gionales et europ\u00e9ennes, essentielles pour garantir la stabilit\u00e9 des investissements et renforcer l\u2019attractivit\u00e9 du march\u00e9 int\u00e9rieur.<\/p>\n<p>\u00c0 ce jour, trois \u00c9tats membres \u2013 la Belgique, l\u2019Estonie et la Pologne \u2013 n\u2019ont pas encore soumis leur version finale du plan. Leurs objectifs ont toutefois \u00e9t\u00e9 pris en compte dans l\u2019\u00e9valuation globale. Le plan d\u00e9finitif de la Slovaquie, re\u00e7u le 15 avril, est en cours d\u2019examen individuel par la Commission.<\/p>\n<p>Outil de gouvernance et prochaine r\u00e9vision post-2030<\/p>\n<p>Les NECPs, introduits par le r\u00e8glement sur la gouvernance de l\u2019Union de l\u2019\u00e9nergie, sont des instruments obligatoires que les \u00c9tats doivent mettre \u00e0 jour r\u00e9guli\u00e8rement. Ils permettent \u00e0 la Commission de suivre les efforts r\u00e9alis\u00e9s pour atteindre les objectifs de neutralit\u00e9 climatique et de s\u00e9curisation \u00e9nerg\u00e9tique.<\/p>\n<p>Une r\u00e9vision de ce cadre r\u00e9glementaire est d\u00e9j\u00e0 pr\u00e9vue pour adapter l\u2019outil aux exigences post-2030. La Commission publiera \u00e0 cet effet une nouvelle proposition l\u00e9gislative dans les prochains mois. Vingt-trois plans nationaux ont d\u00e9j\u00e0 fait l\u2019objet d\u2019une \u00e9valuation d\u00e9taill\u00e9e, accompagn\u00e9e de recommandations d\u2019application.<\/p>\n","protected":false},"excerpt":{"rendered":"L\u2019Union europ\u00e9enne se rapproche collectivement de ses engagements pour 2030 en mati\u00e8re de climat et d\u2019\u00e9nergie, selon une&hellip;\n","protected":false},"author":2,"featured_media":136824,"comment_status":"","ping_status":"","sticky":false,"template":"","format":"standard","meta":{"footnotes":""},"categories":[1586],"tags":[11,1777,674,1779,1011,27,26321,12,25,4426,1778,364],"class_list":{"0":"post-136823","1":"post","2":"type-post","3":"status-publish","4":"format-standard","5":"has-post-thumbnail","7":"category-europe","8":"tag-actualites","9":"tag-eu","10":"tag-europe","11":"tag-european-union","12":"tag-fr","13":"tag-france","14":"tag-neutralite-carbone","15":"tag-news","16":"tag-republique-francaise","17":"tag-transition-energetique","18":"tag-ue","19":"tag-union-europeenne"},"share_on_mastodon":{"url":"https:\/\/pubeurope.com\/@fr\/114591160363061967","error":""},"_links":{"self":[{"href":"https:\/\/www.europesays.com\/fr\/wp-json\/wp\/v2\/posts\/136823","targetHints":{"allow":["GET"]}}],"collection":[{"href":"https:\/\/www.europesays.com\/fr\/wp-json\/wp\/v2\/posts"}],"about":[{"href":"https:\/\/www.europesays.com\/fr\/wp-json\/wp\/v2\/types\/post"}],"author":[{"embeddable":true,"href":"https:\/\/www.europesays.com\/fr\/wp-json\/wp\/v2\/users\/2"}],"replies":[{"embeddable":true,"href":"https:\/\/www.europesays.com\/fr\/wp-json\/wp\/v2\/comments?post=136823"}],"version-history":[{"count":0,"href":"https:\/\/www.europesays.com\/fr\/wp-json\/wp\/v2\/posts\/136823\/revisions"}],"wp:featuredmedia":[{"embeddable":true,"href":"https:\/\/www.europesays.com\/fr\/wp-json\/wp\/v2\/media\/136824"}],"wp:attachment":[{"href":"https:\/\/www.europesays.com\/fr\/wp-json\/wp\/v2\/media?parent=136823"}],"wp:term":[{"taxonomy":"category","embeddable":true,"href":"https:\/\/www.europesays.com\/fr\/wp-json\/wp\/v2\/categories?post=136823"},{"taxonomy":"post_tag","embeddable":true,"href":"https:\/\/www.europesays.com\/fr\/wp-json\/wp\/v2\/tags?post=136823"}],"curies":[{"name":"wp","href":"https:\/\/api.w.org\/{rel}","templated":true}]}}