{"id":136827,"date":"2025-05-29T12:39:09","date_gmt":"2025-05-29T12:39:09","guid":{"rendered":"https:\/\/www.europesays.com\/fr\/136827\/"},"modified":"2025-05-29T12:39:09","modified_gmt":"2025-05-29T12:39:09","slug":"pres-de-toulon-des-chimistes-envoyes-par-le-puissant-cartel-mexicain-de-sinaloa-pour-fabriquer-de-la-methamphetamine-liberation","status":"publish","type":"post","link":"https:\/\/www.europesays.com\/fr\/136827\/","title":{"rendered":"Pr\u00e8s de Toulon, des chimistes envoy\u00e9s par le puissant cartel mexicain de Sinaloa pour fabriquer de la m\u00e9thamph\u00e9tamine \u2013 Lib\u00e9ration"},"content":{"rendered":"<p class=\"sc-ksZaOG ehjQrN text-element\">Mexique, Nouvelle-Z\u00e9lande, Toulon\u2026 La toile des r\u00e9seaux criminels ne semble plus avoir de limite. Samedi, le parquet de Marseille faisait \u00e9tat <a href=\"https:\/\/www.liberation.fr\/societe\/police-justice\/narcotrafic-un-reseau-international-de-production-de-methamphetamine-demantele-dans-le-var-20250524_CMGKWJRH7BDUVKMHXLH4GG4OJA\/\" target=\"_blank\" rel=\"noreferrer noopener\" title=\"https:\/\/www.liberation.fr\/societe\/police-justice\/narcotrafic-un-reseau-international-de-production-de-methamphetamine-demantele-dans-le-var-20250524_CMGKWJRH7BDUVKMHXLH4GG4OJA\/\">d\u2019un important coup de filet men\u00e9 dans le Var<\/a> contre un r\u00e9seau international de trafic de m\u00e9thamph\u00e9tamine, drogue de synth\u00e8se hautement addictive. Les premiers \u00e9l\u00e9ments de l\u2019enqu\u00eate pointaient alors vers l\u2019appartenance des seize personnes interpell\u00e9es \u00e0 une organisation criminelle en lien avec un cartel mexicain, sans qu\u2019on ne sache lequel exactement.<\/p>\n<p class=\"sc-ksZaOG ehjQrN text-element\">Mais il s\u2019av\u00e8re que c\u2019\u00e9tait le cartel de Sinaloa, <a href=\"https:\/\/www.liberation.fr\/international\/amerique\/17-proches-du-narcotrafiquant-mexicain-el-chapo-dont-son-ex-femme-et-mere-de-son-fils-sont-aux-etats-unis-pour-negocier-20250513_EJ3X3RNYJFFDPJCC4XLDVEGQS4\/\" target=\"_blank\" rel=\"noopener\" title=\"https:\/\/www.liberation.fr\/international\/amerique\/17-proches-du-narcotrafiquant-mexicain-el-chapo-dont-son-ex-femme-et-mere-de-son-fils-sont-aux-etats-unis-pour-negocier-20250513_EJ3X3RNYJFFDPJCC4XLDVEGQS4\/\">le plus puissant du Mexique<\/a>, fond\u00e9 par le parrain <a href=\"https:\/\/www.liberation.fr\/planete\/2019\/02\/12\/el-chapo-reconnu-coupable_1708969\/\" target=\"_blank\" rel=\"noopener\" title=\"https:\/\/www.liberation.fr\/planete\/2019\/02\/12\/el-chapo-reconnu-coupable_1708969\/\">El Chapo Guzm\u00e0n<\/a>, qui tirait ces ficelles pr\u00e8s de Toulon, a pr\u00e9cis\u00e9 l\u2019agence Europol mercredi 28 mai. Ce r\u00e9seau \u00abpyramidal\u00bb \u00e9tait pilot\u00e9 directement par un chef mexicain, associ\u00e9 \u00e0 deux Fran\u00e7ais charg\u00e9s de la logistique dans le Var. Selon l\u2019agence de police europ\u00e9enne, plusieurs chimistes du cartel de Sinaloa avaient m\u00eame \u00e9t\u00e9 d\u00e9p\u00each\u00e9s sur place pour y installer un laboratoire de production de m\u00e9thamph\u00e9tamine.<\/p>\n<p class=\"sc-ksZaOG ehjQrN text-element\">\u00abL\u2019enqu\u00eate criminelle [\u2026] a r\u00e9v\u00e9l\u00e9 l\u2019existence d\u2019un r\u00e9seau criminel impliqu\u00e9 dans la production et le trafic de drogues de synth\u00e8se, \u00e9troitement li\u00e9 au cartel mexicain de Sinaloa ainsi qu\u2019\u00e0 des groupes criminels actifs en Belgique, en Espagne, aux Pays-Bas et en Nouvelle-Z\u00e9lande\u00bb, note le communiqu\u00e9 publi\u00e9 par Europol. <a href=\"https:\/\/www.liberation.fr\/international\/moyen-orient\/afghanistan-le-trafic-dheroine-surpasse-par-celui-de-methamphetamine-selon-lonu-20230911_VRLQSTTN2FA4BALSXTCUAYVWUA\/\" target=\"_blank\" rel=\"noreferrer noopener\" title=\"https:\/\/www.liberation.fr\/international\/moyen-orient\/afghanistan-le-trafic-dheroine-surpasse-par-celui-de-methamphetamine-selon-lonu-20230911_VRLQSTTN2FA4BALSXTCUAYVWUA\/\">La crystal meth<\/a> fabriqu\u00e9e dans le Var \u00e9tait destin\u00e9e notamment \u00e0 la Nouvelle-Z\u00e9lande, pr\u00e9cise la note d\u2019Europol.<\/p>\n<p class=\"sc-ksZaOG ehjQrN text-element\">\u00abLes deux principaux organisateurs du r\u00e9seau s\u2019appuyaient largement sur le soutien logistique, l\u2019expertise et la pr\u00e9paration des cartels mexicains. Ces derniers, \u00e0 leur tour, s\u2019appuyaient sur des interm\u00e9diaires locaux pour ancrer leurs op\u00e9rations et \u00e9tendre leur influence, souligne Europol. Cette interd\u00e9pendance souligne la nature transnationale du r\u00e9seau et la coop\u00e9ration entre les acteurs criminels de tous les continents.\u00bb<\/p>\n<p class=\"sc-ksZaOG ehjQrN text-element\">\u00abPlusieurs chimistes ont pu ainsi venir en France. Mais au moment des interpellations, la production \u00e9tait termin\u00e9e et ils n\u2019\u00e9taient d\u00e9j\u00e0 plus sur le territoire fran\u00e7ais\u00bb, pr\u00e9cise l\u2019un des chefs d\u2019enqu\u00eate de la section de recherche de Marseille aupr\u00e8s de <a href=\"https:\/\/www.radiofrance.fr\/franceinter\/podcasts\/l-info-de-france-inter\/l-info-de-france-inter-2498242\" target=\"_blank\" rel=\"noopener\" title=\"https:\/\/www.radiofrance.fr\/franceinter\/podcasts\/l-info-de-france-inter\/l-info-de-france-inter-2498242\">Radio France.<\/a><\/p>\n<p class=\"sc-ksZaOG ehjQrN text-element\">Les deux suspects fran\u00e7ais interpell\u00e9s sont bien connus des services de police, notamment de grosses affaires de stup\u00e9fiants \u00e0 Toulon, souligne Radio France. \u00abIls sont soup\u00e7onn\u00e9s d\u2019avoir fait livrer les produits n\u00e9cessaires \u00e0 la fabrication de la drogue dans des petites soci\u00e9t\u00e9s l\u00e9gales\u00bb, r\u00e9v\u00e8le Radio France.<\/p>\n<p class=\"sc-ksZaOG ehjQrN text-element\">Selon Europol, les pr\u00e9curseurs chimiques indispensables pour fabriquer la drogue provenaient de Chine. Plusieurs chefs d\u2019entreprise ont \u00e9t\u00e9 interpell\u00e9s dans ce dossier par les gendarmes de la section de Marseille qui ont fait savoir que l\u2019organisation criminelle utilisait les <a href=\"https:\/\/www.liberation.fr\/tags\/cryptomonnaies\/\" target=\"_blank\" rel=\"noopener\" title=\"https:\/\/www.liberation.fr\/tags\/cryptomonnaies\/\">cryptomonnaies <\/a>pour faciliter les transactions financi\u00e8res ill\u00e9gales.<\/p>\n<p class=\"sc-ksZaOG ehjQrN text-element\">Ces laboratoires de production ill\u00e9gaux ne sont pas nouveaux sur <a href=\"https:\/\/www.liberation.fr\/planete\/2021\/01\/11\/saisie-record-de-827-000-comprimes-d-ecstasy-en-espagne_1810850\/\" target=\"_blank\" rel=\"noreferrer noopener\" title=\"https:\/\/www.liberation.fr\/planete\/2021\/01\/11\/saisie-record-de-827-000-comprimes-d-ecstasy-en-espagne_1810850\/\">le territoire europ\u00e9en<\/a>. N\u00e9anmoins, la production et le trafic de drogues de synth\u00e8se y sont en forte hausse, comme le souligne <a href=\"https:\/\/www.europol.europa.eu\/publication-events\/main-reports\/changing-dna-of-serious-and-organised-crime\" target=\"_blank\" rel=\"noreferrer noopener\" title=\"https:\/\/www.europol.europa.eu\/publication-events\/main-reports\/changing-dna-of-serious-and-organised-crime\">le dernier rapport<\/a> sur la criminalit\u00e9 publi\u00e9 le 27 mai par Europol. \u00abAutrefois limit\u00e9e \u00e0 quelques r\u00e9gions de l\u2019est de l\u2019Europe, la production de drogue de synth\u00e8se s\u2019\u00e9tend d\u00e9sormais \u00e0 davantage de pays, approvisionnant les march\u00e9s nationaux et internationaux\u00bb, pr\u00e9cise l\u2019agence europ\u00e9enne.<\/p>\n<p class=\"sc-ksZaOG ehjQrN text-element\">Crystal meth, ecstasy, MDMA\u2026 Selon Catherine De Bolle, directrice d\u2019Europol, \u00abl\u2019Europe est un acteur cl\u00e9 du march\u00e9 des drogues de synth\u00e8se et un fournisseur mondial de MDMA, tant pour la production que pour le trafic sur les march\u00e9s nationaux et internationaux.\u00bb<\/p>\n","protected":false},"excerpt":{"rendered":"Mexique, Nouvelle-Z\u00e9lande, Toulon\u2026 La toile des r\u00e9seaux criminels ne semble plus avoir de limite. Samedi, le parquet de&hellip;\n","protected":false},"author":2,"featured_media":136828,"comment_status":"","ping_status":"","sticky":false,"template":"","format":"standard","meta":{"footnotes":""},"categories":[2],"tags":[11,3993,3992,1011,27,5697,8721,12,17003,25],"class_list":{"0":"post-136827","1":"post","2":"type-post","3":"status-publish","4":"format-standard","5":"has-post-thumbnail","7":"category-actualites","8":"tag-actualites","9":"tag-cocaine","10":"tag-drogues","11":"tag-fr","12":"tag-france","13":"tag-mexique","14":"tag-narcotrafic","15":"tag-news","16":"tag-provence-alpes-cote-d-azur","17":"tag-republique-francaise"},"share_on_mastodon":{"url":"https:\/\/pubeurope.com\/@fr\/114591168187715675","error":""},"_links":{"self":[{"href":"https:\/\/www.europesays.com\/fr\/wp-json\/wp\/v2\/posts\/136827","targetHints":{"allow":["GET"]}}],"collection":[{"href":"https:\/\/www.europesays.com\/fr\/wp-json\/wp\/v2\/posts"}],"about":[{"href":"https:\/\/www.europesays.com\/fr\/wp-json\/wp\/v2\/types\/post"}],"author":[{"embeddable":true,"href":"https:\/\/www.europesays.com\/fr\/wp-json\/wp\/v2\/users\/2"}],"replies":[{"embeddable":true,"href":"https:\/\/www.europesays.com\/fr\/wp-json\/wp\/v2\/comments?post=136827"}],"version-history":[{"count":0,"href":"https:\/\/www.europesays.com\/fr\/wp-json\/wp\/v2\/posts\/136827\/revisions"}],"wp:featuredmedia":[{"embeddable":true,"href":"https:\/\/www.europesays.com\/fr\/wp-json\/wp\/v2\/media\/136828"}],"wp:attachment":[{"href":"https:\/\/www.europesays.com\/fr\/wp-json\/wp\/v2\/media?parent=136827"}],"wp:term":[{"taxonomy":"category","embeddable":true,"href":"https:\/\/www.europesays.com\/fr\/wp-json\/wp\/v2\/categories?post=136827"},{"taxonomy":"post_tag","embeddable":true,"href":"https:\/\/www.europesays.com\/fr\/wp-json\/wp\/v2\/tags?post=136827"}],"curies":[{"name":"wp","href":"https:\/\/api.w.org\/{rel}","templated":true}]}}