{"id":136843,"date":"2025-05-29T12:50:09","date_gmt":"2025-05-29T12:50:09","guid":{"rendered":"https:\/\/www.europesays.com\/fr\/136843\/"},"modified":"2025-05-29T12:50:09","modified_gmt":"2025-05-29T12:50:09","slug":"eddie-murphy-et-martin-lawrence-font-desormais-partie-de-la-meme-famille","status":"publish","type":"post","link":"https:\/\/www.europesays.com\/fr\/136843\/","title":{"rendered":"Eddie Murphy et Martin Lawrence font d\u00e9sormais partie de la m\u00eame famille"},"content":{"rendered":"<p>        <img decoding=\"async\" loading=\"lazy\" src=\"https:\/\/www.europesays.com\/fr\/wp-content\/uploads\/2025\/05\/617912f_sirius-fs-upload-1-0vu6zlf0a8vz-1748511454961-2024-06-20t000000z-2121200485-mt1sipa000x2sthe.jpeg\"  width=\"728\" height=\"410\" alt=\"Eddie Murphy et Martin Lawrence \u00e0 l\u2019avant-premi\u00e8re mondiale du \u00ab Flic de Beverly Hills\u00a0: Axel F.\u00a0\u00bb, \u00e0 Beverly Hills en Californie, le 20\u00a0juin 2024.\"\/>  <\/p>\n<p>Sipa USA \/ Sthanlee Mirador\/Sipa USA via Re<\/p>\n<p>Eddie Murphy et Martin Lawrence \u00e0 l\u2019avant-premi\u00e8re mondiale du \u00ab Flic de Beverly Hills\u00a0: Axel F.\u00a0\u00bb, \u00e0 Beverly Hills en Californie, le 20\u00a0juin 2024.<\/p>\n<p class=\"asset asset-text\">PEOPLE &#8211; Deux familles hollywoodiennes r\u00e9unies en une. Le fils d\u2019<a href=\"https:\/\/www.huffingtonpost.fr\/culture\/video\/eddie-murphy-alias-le-flic-de-beverly-hills-axel-f-reprend-du-service-sur-netflix_234373.html\" target=\"_blank\" rel=\"noopener\">Eddie Murphy<\/a>, Eric, et la fille de <a href=\"https:\/\/www.huffingtonpost.fr\/culture\/article\/dans-bad-boys-4-le-duo-will-smith-martin-lawrence-marche-encore-mais-perd-en-vitesse-clx1_234749.html\" target=\"_blank\" rel=\"noopener\">Martin Lawrence<\/a>, Jasmin, sont d\u00e9sormais <a href=\"https:\/\/www.huffingtonpost.fr\/people\/article\/demi-lovato-s-est-mariee-avec-le-chanteur-canadien-jordan-jutes-lutes_250510.html\" target=\"_blank\" rel=\"noopener\">mari\u00e9s<\/a>. Leurs c\u00e9l\u00e8bres p\u00e8res ont d\u00e9j\u00e0 jou\u00e9 ensemble dans deux films (Boomerang en 1992\u00a0et Life en 1999).<\/p>\n<p class=\"asset asset-text\">\u00ab\u00a0En fait, ils se sont mari\u00e9s il y a environ deux semaines\u00a0\u00bb, a r\u00e9v\u00e9l\u00e9 Eddie Murphy mercredi 28\u00a0mai dans l\u2019\u00e9mission The Jennifer Hudson Show. \u00ab\u00a0Tout le monde \u00e9tait en train de pr\u00e9parer un grand mariage, mais ils ont d\u00e9cid\u00e9 qu\u2019ils voulaient faire quelque chose de simple, juste tous les deux\u00a0\u00bb, a confi\u00e9 l\u2019acteur, <a href=\"https:\/\/ew.com\/eddie-murphy-son-and-martin-lawrence-daughter-are-married-11744148\" target=\"_blank\" rel=\"noopener\" title=\"Nouvelle fen\u00eatre\">comme le rapporte le site am\u00e9ricain Entertainment Weekly<\/a>. \u00ab\u00a0Ils se sont mari\u00e9s \u00e0 l\u2019\u00e9glise. Il n\u2019y avait qu\u2019eux deux et le pasteur.\u00a0\u00bb<\/p>\n<p class=\"asset asset-text\">\u00ab\u00a0Oui, nous sommes beaux-p\u00e8res\u00a0\u00bb, a-t-il ensuite plaisant\u00e9 \u00e0 propos de Martin Lawrence, avant de s\u2019amuser de la situation\u00a0: \u00ab\u00a0Il n\u2019aura pas \u00e0 payer pour ce grand mariage maintenant\u00a0!\u00a0\u00bb<\/p>\n<p>    \u00ab\u00a0Eddie a dit que je devais payer\u00a0\u00bb    <\/p>\n<p class=\"asset asset-text\">Eddie Murphy, qui est p\u00e8re de dix enfants, avait pr\u00e9vu que Martin Lawrence paierait la note du mariage d\u2019Eric et Jasmin. \u00ab\u00a0Eddie a dit que je devais payer\u00a0\u00bb, avait ainsi comment\u00e9 le p\u00e8re de Jasmin en d\u00e9cembre dernier <a href=\"https:\/\/www.instagram.com\/reel\/DDNao0HzCiP\/?utm_source=ig_embed&amp;ig_rid=48c5d0ef-5fc1-441b-95d9-5a6b83bc2c14\" target=\"_blank\" rel=\"noopener\" title=\"Nouvelle fen\u00eatre\">sur iHeartRadio\u2019s<\/a>. \u00ab\u00a0Il a dit que je devais payer parce qu\u2019il avait pay\u00e9 le mariage de sa derni\u00e8re fille \u2013 comme les six derniers mariages \u2013, il a dit que c\u2019\u00e9tait mon tour maintenant\u00a0\u00bb, partageait encore Martin Lawrence, qui est lui p\u00e8re de trois enfants.<\/p>\n<p> La lecture de ce contenu est susceptible d\u2019entra\u00eener un d\u00e9p\u00f4t de cookies de la part de l\u2019op\u00e9rateur tiers qui l\u2019h\u00e9berge. Compte-tenu des choix que vous avez exprim\u00e9s en mati\u00e8re de d\u00e9p\u00f4t de cookies, nous avons bloqu\u00e9 l\u2019affichage de ce contenu. Si vous souhaitez y acc\u00e9der, vous devez accepter la cat\u00e9gorie de cookies \u201cContenus tiers\u201d en cliquant sur le bouton ci-dessous. <\/p>\n<p> Lire la Vid\u00e9o        <\/p>\n<p class=\"asset asset-text\">\u00ab\u00a0Je pense que nous organiserons une grande f\u00eate ou quelque chose comme \u00e7a\u00a0\u00bb, a toutefois confi\u00e9 Eddie Murphy face \u00e0 Jennifer Hudson.<\/p>\n<p class=\"asset asset-text\">Eric Murphy et Jasmin Lawrence avaient commenc\u00e9 \u00e0 se fr\u00e9quenter en 2021, avant d\u2019annoncer leurs fian\u00e7ailles en novembre\u00a02024.<\/p>\n<p>      <script async src=\"\/\/www.instagram.com\/embed.js\"><\/script><\/p>\n","protected":false},"excerpt":{"rendered":"Sipa USA \/ Sthanlee Mirador\/Sipa USA via Re Eddie Murphy et Martin Lawrence \u00e0 l\u2019avant-premi\u00e8re mondiale du \u00ab&hellip;\n","protected":false},"author":2,"featured_media":136844,"comment_status":"","ping_status":"","sticky":false,"template":"","format":"standard","meta":{"footnotes":""},"categories":[1359],"tags":[58,59,1011,27,2137,1930,973],"class_list":{"0":"post-136843","1":"post","2":"type-post","3":"status-publish","4":"format-standard","5":"has-post-thumbnail","7":"category-people","8":"tag-divertissement","9":"tag-entertainment","10":"tag-fr","11":"tag-france","12":"tag-hollywood","13":"tag-mariage","14":"tag-people"},"share_on_mastodon":{"url":"https:\/\/pubeurope.com\/@fr\/114591211386489888","error":""},"_links":{"self":[{"href":"https:\/\/www.europesays.com\/fr\/wp-json\/wp\/v2\/posts\/136843","targetHints":{"allow":["GET"]}}],"collection":[{"href":"https:\/\/www.europesays.com\/fr\/wp-json\/wp\/v2\/posts"}],"about":[{"href":"https:\/\/www.europesays.com\/fr\/wp-json\/wp\/v2\/types\/post"}],"author":[{"embeddable":true,"href":"https:\/\/www.europesays.com\/fr\/wp-json\/wp\/v2\/users\/2"}],"replies":[{"embeddable":true,"href":"https:\/\/www.europesays.com\/fr\/wp-json\/wp\/v2\/comments?post=136843"}],"version-history":[{"count":0,"href":"https:\/\/www.europesays.com\/fr\/wp-json\/wp\/v2\/posts\/136843\/revisions"}],"wp:featuredmedia":[{"embeddable":true,"href":"https:\/\/www.europesays.com\/fr\/wp-json\/wp\/v2\/media\/136844"}],"wp:attachment":[{"href":"https:\/\/www.europesays.com\/fr\/wp-json\/wp\/v2\/media?parent=136843"}],"wp:term":[{"taxonomy":"category","embeddable":true,"href":"https:\/\/www.europesays.com\/fr\/wp-json\/wp\/v2\/categories?post=136843"},{"taxonomy":"post_tag","embeddable":true,"href":"https:\/\/www.europesays.com\/fr\/wp-json\/wp\/v2\/tags?post=136843"}],"curies":[{"name":"wp","href":"https:\/\/api.w.org\/{rel}","templated":true}]}}