{"id":136845,"date":"2025-05-29T12:51:10","date_gmt":"2025-05-29T12:51:10","guid":{"rendered":"https:\/\/www.europesays.com\/fr\/136845\/"},"modified":"2025-05-29T12:51:10","modified_gmt":"2025-05-29T12:51:10","slug":"genelard-black-phoenix-le-sculpteur-autodidacte-qui-insuffle-une-ame-au-metal","status":"publish","type":"post","link":"https:\/\/www.europesays.com\/fr\/136845\/","title":{"rendered":"G\u00e9nelard. Black Ph\u0153nix, le sculpteur autodidacte qui insuffle une \u00e2me au m\u00e9tal"},"content":{"rendered":"<p>Un corbeau en m\u00e9tal qui d\u00e9ploie ses ailes, accroch\u00e9 \u00e0 l\u2019immense porte en bois\u2026 C\u2019est ainsi que l\u2019on entre chez Black Ph\u0153nix. \u00c0 G\u00e9nelard, rue de Montceau, pr\u00e8s des anciens ateliers Troncy et fils \u2013 et avant eux, les \u00e9tablissements Ponceblanc \u2013 une nouvelle vie s\u2019anime derri\u00e8re une fa\u00e7ade discr\u00e8te.<\/p>\n<p>Des c\u0153urs d\u2019acier, des silhouettes animales, une guitare fig\u00e9e dans le m\u00e9tal\u2026 L\u2019atelier de Filipe Batista Silva, alias Black Ph\u0153nix, est un sanctuaire de fer et de feu, o\u00f9 les rebuts de notre soci\u00e9t\u00e9 renaissent autrement\u00a0: plus libres et plus beaux. Autodidacte, sculpteur par n\u00e9cessit\u00e9 autant que par instinct, il travaille la mati\u00e8re comme on remonte le fil d\u2019un pass\u00e9 caboss\u00e9.<\/p>\n<p>  Une vie de nomade<\/p>\n<p>N\u00e9 \u00e0 Reims, berc\u00e9 en Bretagne, ce nomade moderne a travers\u00e9 la France avec pour tout bagage un sac \u00e0 dos, sa chienne, et une qu\u00eate de sens. C\u2019est en Bourgogne qu\u2019il ancre son \u00e9nergie depuis trois ans, et aujourd\u2019hui, \u00e0 G\u00e9nelard, qu\u2019il trouve enfin son atelier. \u00ab Il y a une \u00e2me ici, une histoire\u2026 J\u2019y suis bien\u00a0\u00bb, dit-il.<\/p>\n<p>Depuis pr\u00e8s de sept ans, Filipe transforme la ferraille en fragments d\u2019univers. Ce qui n\u2019\u00e9tait au d\u00e9part qu\u2019un geste de survie \u2013 r\u00e9cup\u00e9rer, assembler, visser \u2013 est devenu une \u00e9criture. Il apprend \u00e0 souder avec des tutoriels, d\u00e9couvre que les mains savent faire ce que l\u2019\u00e2me leur souffle. Et la magie op\u00e8re\u00a0: un cam\u00e9l\u00e9on surgit d\u2019un pot d\u2019\u00e9chappement, un vautour d\u2019un r\u00e9servoir, un combi Volkswagen rena\u00eet d\u2019un vieux ballon d\u2019eau chaude.<\/p>\n<p>  \u00ab\u00a0Tous les artistes sont les bienvenus\u00a0\u00bb<\/p>\n<p>Black Ph\u0153nix, c\u2019est aussi une fa\u00e7on de vivre\u00a0: sans patron, sans horaires, \u00e0 l\u2019instinct. Il travaille \u00e0 plein temps, sept jours sur sept. L\u2019atelier est ouvert, battant, vivant et attend les curieux. Filipe soude, sculpte, cr\u00e9e. \u00ab Donner vie \u00e0 la mati\u00e8re, c\u2019est mon essence.\u00a0\u00bb<\/p>\n<p>Aujourd\u2019hui, il r\u00eave d\u2019un atelier partag\u00e9. Deux cents m\u00e8tres carr\u00e9s dorment encore dans les anciens locaux et lui r\u00eave de r\u00e9veiller cet espace. \u00ab On pourrait \u00eatre quatre ici. Pas forc\u00e9ment tous sculpteurs. Tous les artistes sont les bienvenus. Je sais qu\u2019il y a plein de talents dans la r\u00e9gion qui n\u2019attendent qu\u2019une chose\u00a0: prouver ce qu\u2019ils valent.\u00a0\u00bb<\/p>\n<p>  Un lieu \u00e0 faire vivre<\/p>\n<p>Si le petit atelier attenant est suffisant pour cr\u00e9er, il s\u2019av\u00e8re trop \u00e9troit pour exposer comme il se doit. \u00ab C\u2019est pourtant ce que j\u2019aimerais\u00a0: accueillir, faire connaissance, me pr\u00e9senter et pr\u00e9senter mon travail.\u00a0\u00bb Loin des galeries fig\u00e9es, il veut que l\u2019art reste proche, vivant et humble. \u00ab Car il ne faut jamais oublier d\u2019o\u00f9 on vient.\u00a0\u00bb<\/p>\n<p class=\"note\"> \u25b6 \u2002 Exposition au Creusot le 31\u00a0mai sur le parking de Biomonde. De juin \u00e0 ao\u00fbt \u00e0 la biblioth\u00e8que et au Moulin de Luzy, et en 2026, au p\u00f4le culturel.<\/p>\n","protected":false},"excerpt":{"rendered":"Un corbeau en m\u00e9tal qui d\u00e9ploie ses ailes, accroch\u00e9 \u00e0 l\u2019immense porte en bois\u2026 C\u2019est ainsi que l\u2019on&hellip;\n","protected":false},"author":2,"featured_media":136846,"comment_status":"","ping_status":"","sticky":false,"template":"","format":"standard","meta":{"footnotes":""},"categories":[1358],"tags":[1348,1384,1385,4406,1687,1386,58,33,12568,59,2271,107,1011,27,26322,14000],"class_list":{"0":"post-136845","1":"post","2":"type-post","3":"status-publish","4":"format-standard","5":"has-post-thumbnail","7":"category-arts-et-design","8":"tag-arts","9":"tag-arts-and-design","10":"tag-arts-et-design","11":"tag-commerce-et-services","12":"tag-culture-loisirs","13":"tag-design","14":"tag-divertissement","15":"tag-economie","16":"tag-edition-montceau-les-mines","17":"tag-entertainment","18":"tag-exposition-arts-plastiques","19":"tag-fil-info","20":"tag-fr","21":"tag-france","22":"tag-genelard","23":"tag-montceau-les-mines-bassin"},"share_on_mastodon":{"url":"https:\/\/pubeurope.com\/@fr\/114591215406656390","error":""},"_links":{"self":[{"href":"https:\/\/www.europesays.com\/fr\/wp-json\/wp\/v2\/posts\/136845","targetHints":{"allow":["GET"]}}],"collection":[{"href":"https:\/\/www.europesays.com\/fr\/wp-json\/wp\/v2\/posts"}],"about":[{"href":"https:\/\/www.europesays.com\/fr\/wp-json\/wp\/v2\/types\/post"}],"author":[{"embeddable":true,"href":"https:\/\/www.europesays.com\/fr\/wp-json\/wp\/v2\/users\/2"}],"replies":[{"embeddable":true,"href":"https:\/\/www.europesays.com\/fr\/wp-json\/wp\/v2\/comments?post=136845"}],"version-history":[{"count":0,"href":"https:\/\/www.europesays.com\/fr\/wp-json\/wp\/v2\/posts\/136845\/revisions"}],"wp:featuredmedia":[{"embeddable":true,"href":"https:\/\/www.europesays.com\/fr\/wp-json\/wp\/v2\/media\/136846"}],"wp:attachment":[{"href":"https:\/\/www.europesays.com\/fr\/wp-json\/wp\/v2\/media?parent=136845"}],"wp:term":[{"taxonomy":"category","embeddable":true,"href":"https:\/\/www.europesays.com\/fr\/wp-json\/wp\/v2\/categories?post=136845"},{"taxonomy":"post_tag","embeddable":true,"href":"https:\/\/www.europesays.com\/fr\/wp-json\/wp\/v2\/tags?post=136845"}],"curies":[{"name":"wp","href":"https:\/\/api.w.org\/{rel}","templated":true}]}}