{"id":136847,"date":"2025-05-29T12:52:24","date_gmt":"2025-05-29T12:52:24","guid":{"rendered":"https:\/\/www.europesays.com\/fr\/136847\/"},"modified":"2025-05-29T12:52:24","modified_gmt":"2025-05-29T12:52:24","slug":"saint-agreve-une-braderie-de-livres-et-de-produits-culturels-le-12-juin-sur-la-place-verdun","status":"publish","type":"post","link":"https:\/\/www.europesays.com\/fr\/136847\/","title":{"rendered":"Saint-Agr\u00e8ve : une braderie de livres et de produits culturels le 12 juin sur la place Verdun"},"content":{"rendered":"<p>\t\t\t\t\t\t\t\t\t\t\t\t\t\t\t\t\t\t\t\t\t\t\t\t\t\t\t\t\t\t\t\t\t\t\t\t\t\t\t\t\t\t\t\t\t\t<img decoding=\"async\" src=\"https:\/\/www.europesays.com\/fr\/wp-content\/uploads\/2025\/05\/LA_COMMERE_-_PAVE_-_600X600.jpg\" alt=\"Yssingeaux foire mai-juin 2025\"\/><\/p>\n<p>\t\t\t\t\t\t\t\t\t\t\t\t\t\t\t\t\t\t\t\t\t\t\t\t\t\t\t\t\t\t\t\t\t\t\t\t\t\t\t\t\t\t\t\t\t\t\t\t\t\t\t\t\t\t\t\t\t\t\t\t\t\t\t<a href=\"https:\/\/www.lacommere43.fr\/component\/banners\/click\/1775.html\" target=\"_blank\" title=\"Tence Rural Master mai 2025\" rel=\"nofollow noopener\"><br \/>\n\t\t\t\t\t\t\t<img decoding=\"async\" src=\"https:\/\/www.europesays.com\/fr\/wp-content\/uploads\/2025\/05\/rural2025-3.gif\" alt=\"Tence Rural Master mai 2025\"\/><br \/>\n\t\t\t\t\t\t<\/a><\/p>\n<p>Le centre socioculturel de Saint-Agr\u00e8ve \u00ab\u00a0l&rsquo;Odyss\u00e9e\u00a0\u00bb, en partenariat avec l&rsquo;association \u00ab\u00a0Lire et faire lire\u00a0\u00bb, le CDI du coll\u00e8ge, ainsi que le march\u00e9 du producteurs, organise une \u00ab\u00a0braderie de livres et de produits culturels\u00a0\u00bb.<\/p>\n<p>Cet \u00e9v\u00e9nement aura lieu le jeudi 12 juin de 16 h 30 \u00e0 19 heures sur la place Verdun. Il sera possible de vendre vos livres et autres produits culturels tels que CD, vinyles, bande-dessin\u00e9e, comics, DVD, blu ray&#8230; Il sera \u00e9galement propos\u00e9 des animations pour les enfants (lectures anim\u00e9es par les b\u00e9n\u00e9voles de l&rsquo;association \u00ab\u00a0Lire et Faire Lire\u00a0\u00bb, des ateliers\u00a0 d\u00e9co en livres par le CDI du coll\u00e8ge ainsi que des ateliers pour fabriquer des tawashis et de la lessive). Il est demand\u00e9 2 \u20ac de participation aux frais pour toute personne souhaitant participer et vendre, installation \u00e0 partir de 15h30 (pensez \u00e0 amener votre table, chaise, parasol&#8230;). Acc\u00e8s libre aux visiteurs.<\/p>\n<p>Pour tous renseignements compl\u00e9mentaires : 04-75-30-26-60<\/p>\n","protected":false},"excerpt":{"rendered":"Le centre socioculturel de Saint-Agr\u00e8ve \u00ab\u00a0l&rsquo;Odyss\u00e9e\u00a0\u00bb, en partenariat avec l&rsquo;association \u00ab\u00a0Lire et faire lire\u00a0\u00bb, le CDI du coll\u00e8ge,&hellip;\n","protected":false},"author":2,"featured_media":136848,"comment_status":"","ping_status":"","sticky":false,"template":"","format":"standard","meta":{"footnotes":""},"categories":[1357],"tags":[2281,1379,58,59,2282,1011,27,2280,2284,2285,2283,1380],"class_list":{"0":"post-136847","1":"post","2":"type-post","3":"status-publish","4":"format-standard","5":"has-post-thumbnail","7":"category-livres","8":"tag-actualite-43","9":"tag-books","10":"tag-divertissement","11":"tag-entertainment","12":"tag-faits-divers-auvergne","13":"tag-fr","14":"tag-france","15":"tag-information-haute-loire","16":"tag-infos-43","17":"tag-journal-haute-loire","18":"tag-la-commere-43","19":"tag-livres"},"share_on_mastodon":{"url":"https:\/\/pubeurope.com\/@fr\/114591219314165102","error":""},"_links":{"self":[{"href":"https:\/\/www.europesays.com\/fr\/wp-json\/wp\/v2\/posts\/136847","targetHints":{"allow":["GET"]}}],"collection":[{"href":"https:\/\/www.europesays.com\/fr\/wp-json\/wp\/v2\/posts"}],"about":[{"href":"https:\/\/www.europesays.com\/fr\/wp-json\/wp\/v2\/types\/post"}],"author":[{"embeddable":true,"href":"https:\/\/www.europesays.com\/fr\/wp-json\/wp\/v2\/users\/2"}],"replies":[{"embeddable":true,"href":"https:\/\/www.europesays.com\/fr\/wp-json\/wp\/v2\/comments?post=136847"}],"version-history":[{"count":0,"href":"https:\/\/www.europesays.com\/fr\/wp-json\/wp\/v2\/posts\/136847\/revisions"}],"wp:featuredmedia":[{"embeddable":true,"href":"https:\/\/www.europesays.com\/fr\/wp-json\/wp\/v2\/media\/136848"}],"wp:attachment":[{"href":"https:\/\/www.europesays.com\/fr\/wp-json\/wp\/v2\/media?parent=136847"}],"wp:term":[{"taxonomy":"category","embeddable":true,"href":"https:\/\/www.europesays.com\/fr\/wp-json\/wp\/v2\/categories?post=136847"},{"taxonomy":"post_tag","embeddable":true,"href":"https:\/\/www.europesays.com\/fr\/wp-json\/wp\/v2\/tags?post=136847"}],"curies":[{"name":"wp","href":"https:\/\/api.w.org\/{rel}","templated":true}]}}