{"id":136849,"date":"2025-05-29T12:53:13","date_gmt":"2025-05-29T12:53:13","guid":{"rendered":"https:\/\/www.europesays.com\/fr\/136849\/"},"modified":"2025-05-29T12:53:13","modified_gmt":"2025-05-29T12:53:13","slug":"la-presentatrice-de-c-a-vous-anne-elisabeth-lemoine-evoque-ses-complexes","status":"publish","type":"post","link":"https:\/\/www.europesays.com\/fr\/136849\/","title":{"rendered":"la pr\u00e9sentatrice de \u00abC \u00e0 vous\u00bb Anne-Elisabeth Lemoine \u00e9voque ses complexes"},"content":{"rendered":"<p>La journaliste aux commandes du talk-show de France 5 depuis huit ans trouve peu \u00e0 peu d\u2019assurance face \u00e0 son apparence physique.<\/p>\n<p class=\"fig-paragraph\">Elle fait un m\u00e9tier d\u2019image. Tous les soirs de la semaine,<strong>\u00a0<\/strong><a href=\"http:\/\/tvmag.lefigaro.fr\/programme-tv\/actu-tele\/venez-avec-moi-dans-l-avion-tom-cruise-aguiche-anne-elisabeth-lemoine-au-festival-de-cannes-20250514\" target=\"_blank\" data-fig-type=\"Article\" rel=\"noopener\" data-gtm-custom-categorie=\"navigation\" data-gtm-custom-action=\"crossclick\" data-gtm-custom-label=\"Contextuel\" data-gtm-event=\"customEventSPE\" data-fig-domain=\"TVMAG\"><strong>Anne-Elisabeth Lemoine<\/strong><\/a> \u00a0est aux commandes du talk-show de France 5 \u00abC \u00e0 vous\u00bb. Pourtant pour la journaliste de 54 ans, se d\u00e9tacher de ses complexes est encore un exercice difficile.<\/p>\n<p class=\"fig-paragraph\">\u00abJe ne peux pas me regarder. Et qu\u2019est-ce que c\u2019est que cette voix\u00a0? Je parle trop fort\u00bb, confie-t-elle \u00e0 nos confr\u00e8res de\u00a0<a href=\"https:\/\/www.gala.fr\/l_actu\/news_de_stars\/exclu-anne-elisabeth-lemoine-sur-le-depart-de-c-a-vous-elle-repond-en-toute-franchise-20250528\" target=\"_blank\" data-fig-type=\"Article\" rel=\"noopener\" data-gtm-custom-categorie=\"navigation\" data-gtm-custom-action=\"crossclick\" data-gtm-custom-label=\"Contextuel\" data-gtm-event=\"customEventSPE\" data-fig-domain=\"GALA\">Gala<\/a> . Pourtant, elle le reconna\u00eet, dans sa profession \u00abil faut se regarder et s\u2019entendre pour corriger ses erreurs\u00bb. \u00abMoi-m\u00eame, j\u2019apprends \u00e0 m\u2019aimer\u00bb, ajoute Anne-Elisabeth Lemoine avant d\u2019expliquer que les exigences sur l\u2019apparence sont d\u2019autant plus s\u00e9v\u00e8res pour les femmes.<\/p>\n<p class=\"fig-body-link\">\n            \u00c0 lire aussi<br \/>\n        <a class=\"fig-body-link__link fig-premium-mark\" href=\"http:\/\/tvmag.lefigaro.fr\/programme-tv\/actu-tele\/le-carnet-de-notes-de-c-a-vous-carton-plein-pour-lorrain-senechal-bertrand-chameroy-et-emilie-tran-nguyen-decoivent-20241206\" target=\"_blank\" data-fig-type=\"Article\" rel=\"noopener\" data-gtm-custom-categorie=\"navigation\" data-gtm-custom-action=\"crossclick\" data-gtm-custom-label=\"Contextuel\" data-gtm-event=\"customEventSPE\" data-fig-domain=\"TVMAG\">Le carnet de notes de \u00abC \u00e0 vous\u00bb\u00a0: carton plein pour Lorrain S\u00e9n\u00e9chal, Bertrand Chameroy et \u00c9milie Tran Nguyen d\u00e9\u00e7oivent<br \/>\n    <\/a>\n<\/p>\n<p class=\"fig-paragraph\">\u00abOn me dit souvent\u00a0: \u201cTu \u00e9tais tr\u00e8s bien coiff\u00e9e\u201d ou \u201cTu \u00e9tais mignonne, ce soir\u201d, avant de me faire remarquer que j\u2019ai pos\u00e9 une bonne question ou que le d\u00e9bat \u00e9tait bien men\u00e9\u00bb, assure l\u2019animatrice qui pr\u00e9f\u00e8re se \u00abconcentrer sur le fond de l\u2019\u00e9mission\u00bb. Sa parade\u00a0? S\u2019habiller confortablement \u00e0 l\u2019antenne\u00a0: \u00abJ\u2019essaie d\u2019\u00eatre le moins d\u00e9guis\u00e9e possible pour qu\u2019on ne s\u2019attache pas, justement, \u00e0 ces d\u00e9tails.\u00bb<\/p>\n<p>Des rumeurs de tensions<\/p>\n<p class=\"fig-paragraph\">Le divertissement qui occupe la case sur France 5 entre 19H00 et 21H00 est sujet depuis plusieurs mois \u00e0 des rumeurs\u00a0<a href=\"http:\/\/tvmag.lefigaro.fr\/programme-tv\/actu-tele\/la-bonne-humeur-n-est-pas-feinte-pierre-lescure-balaye-les-rumeurs-de-tensions-dans-c-a-vous-20250511\" target=\"_blank\" data-fig-type=\"Article\" rel=\"noopener\" data-gtm-custom-categorie=\"navigation\" data-gtm-custom-action=\"crossclick\" data-gtm-custom-label=\"Contextuel\" data-gtm-event=\"customEventSPE\" data-fig-domain=\"TVMAG\">de tensions internes<\/a>. Les rires et les boutades en plateau ne seraient qu\u2019une fa\u00e7ade. Selon L\u2019Inform\u00e9, il r\u00e8gne en coulisses une \u00abatmosph\u00e8re vraiment d\u00e9sagr\u00e9able\u00bb. Et la personne point\u00e9e du doigt ne serait autre que sa pr\u00e9sentatrice.<\/p>\n<p class=\"fig-paragraph\">Sans citer l\u2019audit interne diligent\u00e9 par Mediawan, la soci\u00e9t\u00e9 de production de \u00abC \u00e0 vous\u00bb, Anne-Elisabeth Lemoine compare son \u00e9quipe \u00e0 \u00abune famille\u00bb en citant Pierre Lescure qui lui a fait signer son contrat chez Canal+ en 2007 et\u00a0<a href=\"http:\/\/tvmag.lefigaro.fr\/programme-tv\/actu-tele\/je-n-ai-pas-compris-la-question-la-chronique-laborieuse-de-patrick-cohen-face-a-lea-drucker-20250516\" target=\"_blank\" data-fig-type=\"Article\" rel=\"noopener\" data-gtm-custom-categorie=\"navigation\" data-gtm-custom-action=\"crossclick\" data-gtm-custom-label=\"Contextuel\" data-gtm-event=\"customEventSPE\" data-fig-domain=\"TVMAG\">Patrick Cohen<\/a>\u00a0avec qui elle a r\u00e9alis\u00e9 ses premiers reportages sur RMC.<\/p>\n<p class=\"fig-paragraph\">L\u2019avenir, elle l\u2019annonce serein\u00a0: \u00abma direction m\u2019a renouvel\u00e9 sa confiance, il y a plusieurs mois\u00bb. \u00abJ\u2019occupe cette place depuis huit ans et j\u2019aime cette \u00e9quipe solidaire, sur le plateau comme en dehors, avec les contraintes d\u2019une \u00e9mission quotidienne\u00bb, pr\u00e9cise-t-elle malgr\u00e9 tout.<\/p>\n<p class=\"fig-paragraph\"><strong>\u00c0 VOIR AUSSI &#8211; <\/strong>\u00abC\u2019est n\u2019importe quoi\u00a0!\u00a0\u00bb\u00a0: Aur\u00e9lie Casse d\u00e9ment les rumeurs de tensions avec Anne-\u00c9lisabeth Lemoine<\/p>\n","protected":false},"excerpt":{"rendered":"La journaliste aux commandes du talk-show de France 5 depuis huit ans trouve peu \u00e0 peu d\u2019assurance face&hellip;\n","protected":false},"author":2,"featured_media":136850,"comment_status":"","ping_status":"","sticky":false,"template":"","format":"standard","meta":{"footnotes":""},"categories":[1356],"tags":[976,5631,1000,58,59,1011,27,1714,1718,1713,973,1717,1715,1716,252,1364],"class_list":{"0":"post-136849","1":"post","2":"type-post","3":"status-publish","4":"format-standard","5":"has-post-thumbnail","7":"category-television","8":"tag-actu-people","9":"tag-anne-elisabeth-lemoine","10":"tag-celebrites","11":"tag-divertissement","12":"tag-entertainment","13":"tag-fr","14":"tag-france","15":"tag-info-people","16":"tag-infos-people-du-jour","17":"tag-news-people","18":"tag-people","19":"tag-photo-people","20":"tag-potins-de-stars","21":"tag-potins-people","22":"tag-television","23":"tag-tv"},"share_on_mastodon":{"url":"https:\/\/pubeurope.com\/@fr\/114591223341495258","error":""},"_links":{"self":[{"href":"https:\/\/www.europesays.com\/fr\/wp-json\/wp\/v2\/posts\/136849","targetHints":{"allow":["GET"]}}],"collection":[{"href":"https:\/\/www.europesays.com\/fr\/wp-json\/wp\/v2\/posts"}],"about":[{"href":"https:\/\/www.europesays.com\/fr\/wp-json\/wp\/v2\/types\/post"}],"author":[{"embeddable":true,"href":"https:\/\/www.europesays.com\/fr\/wp-json\/wp\/v2\/users\/2"}],"replies":[{"embeddable":true,"href":"https:\/\/www.europesays.com\/fr\/wp-json\/wp\/v2\/comments?post=136849"}],"version-history":[{"count":0,"href":"https:\/\/www.europesays.com\/fr\/wp-json\/wp\/v2\/posts\/136849\/revisions"}],"wp:featuredmedia":[{"embeddable":true,"href":"https:\/\/www.europesays.com\/fr\/wp-json\/wp\/v2\/media\/136850"}],"wp:attachment":[{"href":"https:\/\/www.europesays.com\/fr\/wp-json\/wp\/v2\/media?parent=136849"}],"wp:term":[{"taxonomy":"category","embeddable":true,"href":"https:\/\/www.europesays.com\/fr\/wp-json\/wp\/v2\/categories?post=136849"},{"taxonomy":"post_tag","embeddable":true,"href":"https:\/\/www.europesays.com\/fr\/wp-json\/wp\/v2\/tags?post=136849"}],"curies":[{"name":"wp","href":"https:\/\/api.w.org\/{rel}","templated":true}]}}