{"id":136851,"date":"2025-05-29T12:54:11","date_gmt":"2025-05-29T12:54:11","guid":{"rendered":"https:\/\/www.europesays.com\/fr\/136851\/"},"modified":"2025-05-29T12:54:11","modified_gmt":"2025-05-29T12:54:11","slug":"sa-voix-pas-terrible-son-physique-le-constat-de-claire-chazal-sur-la-carriere-de-charles-aznavour","status":"publish","type":"post","link":"https:\/\/www.europesays.com\/fr\/136851\/","title":{"rendered":"\u00ab\u00a0Sa voix pas terrible, son physique\u2026\u00a0\u00bb : le constat de Claire Chazal sur la carri\u00e8re de Charles Aznavour"},"content":{"rendered":"<p>Sans son public et sa force mentale, Charles Aznavour n\u2019aurait peut-\u00eatre pas joui de l\u2019immense carri\u00e8re qu\u2019on lui conna\u00eet. En effet, son d\u00e9but de carri\u00e8re n\u2019a pas \u00e9t\u00e9 tout rose, notamment \u00e0 cause des nombreuses critiques qu\u2019il a re\u00e7ues \u00e0 cause de sa voix et son physique.<\/p>\n<p><a href=\"https:\/\/www.public.fr\/tag\/claire-chazal\" target=\"_blank\" rel=\"noopener\">Claire Chazal<\/a> s\u2019en souvient parfaitement et l\u2019a rappel\u00e9 lors de son passage dans <strong>\u00ab\u00a0C \u00e0 Vous\u00a0\u00bb<\/strong> ce mercredi 28 mai 2025. En effet, <a href=\"https:\/\/vsd.fr\/tag\/claire-chazal\/\" target=\"_blank\" rel=\"noopener\">l\u2019ancienne pr\u00e9sentatrice embl\u00e9matique du JT<\/a> de 20h de TF1 \u00e9tait l\u2019invit\u00e9e d\u2019<a href=\"https:\/\/www.public.fr\/tag\/anne-elisabeth-lemoine\" target=\"_blank\" rel=\"noopener\">Anne-\u00c9lisabeth Lemoine<\/a> pour faire la promotion de l\u2019hommage rendu prochainement au chanteur dans <strong>\u00ab\u00a0Le grand \u00e9chiquier\u00a0\u00bb<\/strong>.\u00a0<\/p>\n<p>Ce jeudi 29 mai 2025, Claire Chazal va en effet recevoir de nombreux invit\u00e9s sur France 2 pour rendre hommage \u00e0 <a href=\"https:\/\/www.public.fr\/alerte-charles-aznavour-est-mort\" target=\"_blank\" rel=\"noopener\">l\u2019artiste disparu le 1er octobre 2018. <\/a>Notamment <a href=\"https:\/\/www.public.fr\/tag\/andre-manoukian\" target=\"_blank\" rel=\"noopener\">Andr\u00e9 Manoukian<\/a>, Charlotte Cardin, <a href=\"https:\/\/www.public.fr\/tag\/patrick-bruel\" target=\"_blank\" rel=\"noopener\">Patrick Bruel<\/a> ou encore Dany Brillant.<\/p>\n<p>Lors de la venue de l\u2019ancienne pr\u00e9sentatrice du JT de TF1, Anne-\u00c9lisabeth Lemoine a souhait\u00e9 diffuser une interview r\u00e9alis\u00e9e par son invit\u00e9e en 1997, lorsqu\u2019elle interrogeait Charles Aznavour sur sa carri\u00e8re et ses d\u00e9buts difficiles.<\/p>\n<p>\u00ab\u00a0J\u2019ai eu beaucoup de chance parce qu&rsquo;autant d&rsquo;un c\u00f4t\u00e9, on niait un petit peu ce que je faisais, autant d&rsquo;autre part, il y avait des gens qui \u00e9crivaient des choses merveilleuses sur mon compte\u00a0\u00bb, confiait l\u2019interpr\u00e8te de <strong>\u00ab\u00a0La boh\u00e8me\u00a0\u00bb<\/strong> lorsque la journaliste lui rappelait les mots de Jean Cocteau \u00e0 son \u00e9gard : \u00ab\u00a0il disait de vous\u00a0: \u2018Aznavour rend le d\u00e9sespoir populaire\u2019\u00a0\u00bb.<\/p>\n<p>Toujours lors de cet entretien, Claire Chazal interrogeait son invit\u00e9 sur les critiques \u00e0 son \u00e9gard. \u00ab\u00a0<strong>\u00c7a a \u00e9t\u00e9 difficile avec les m\u00e9dias. \u00c7a n&rsquo;a pas \u00e9t\u00e9 vraiment aussi difficile avec le public<\/strong>. Le public a accroch\u00e9 plus vite que les m\u00e9dias et a tenu que quand les m\u00e9dias m\u2019esquintaient. On avait l&rsquo;impression que le public, pour faire mentir les m\u00e9dias, remplissait encore plus les salles\u00a0\u00bb, se souvenait Charles Aznavour.<\/p>\n<p>Claire Chazal se souvient des critiques \u00e0 l&rsquo;\u00e9gard du chanteur<\/p>\n<p>Des propos confirm\u00e9s par la journaliste dans <strong>\u00ab\u00a0C \u00e0 Vous\u00a0\u00bb<\/strong>. <strong>\u00ab\u00a0On reprochait \u00e0 Charles Aznavour sa voix qui n&rsquo;\u00e9tait pas terrible, son physique, \u00e9videmment\u00a0\u00bb<\/strong>, s\u2019est-elle souvenue, avant de rappeler : \u00ab\u00a0Il a essay\u00e9 de se refaire faire le nez, \u00e0 l&rsquo;instigation d&rsquo;ailleurs d&rsquo;\u00c9dith Piaf. Et elle lui a dit : \u2018Mais en fait, je te pr\u00e9f\u00e9rais avant. Donc le pauvre\u2026 Oui, il a eu un d\u00e9but de carri\u00e8re tr\u00e8s difficile, \u00e9videmment. En plus, issu d&rsquo;une famille qui avait beaucoup souffert avant et pendant la guerre, ces Arm\u00e9niens oblig\u00e9s de s&rsquo;exiler, de partir, d&rsquo;une famille extr\u00eamement modeste,\u2026\u00a0\u00bb<\/p>\n<p>Des critiques et une carri\u00e8re qui seront \u00e9voqu\u00e9s ce jeudi 29 mai 2025 dans <strong>\u00ab\u00a0Le Grand \u00c9chiquier\u00a0\u00bb<\/strong>. Un num\u00e9ro sp\u00e9cial dans lequel Claire Chazal et ses invit\u00e9s \u00e9voqueront \u00e9galement les origines de Charles Aznavour : \u00ab\u00a0parce qu&rsquo;on \u00e9voque l&rsquo;Arm\u00e9nie, on a des artistes arm\u00e9niens qui viennent. C&rsquo;\u00e9tait tr\u00e8s important pour lui, on le sait. Il est reparti l\u00e0-bas faire des grands concerts\u00a0\u00bb.\u00a0<\/p>\n<blockquote class=\"twitter-tweet\">\n<p>\ud83c\udfb5 \u00ab\u00a0On reprochait \u00e0 Charles Aznavour sa voix, qui n\u2019\u00e9tait pas terrible, son physique ; il a essay\u00e9 de se refaire le nez. Il a eu un d\u00e9but de carri\u00e8re tr\u00e8s difficile, issu d\u2019une famille qui avait beaucoup souffert. Il s\u2019est fait tout seul.\u00a0\u00bb<\/p>\n<p>Claire Chazal dans <a href=\"https:\/\/twitter.com\/hashtag\/C%C3%A0Vous?src=hash&amp;ref_src=twsrc%5Etfw\" target=\"_blank\" rel=\"noopener\">#C\u00e0Vous<\/a> <a href=\"https:\/\/t.co\/SeX4DfODaX\">pic.twitter.com\/SeX4DfODaX<\/a><\/p>\n<p>\u2014 C \u00e0 vous (@cavousf5) <a href=\"https:\/\/twitter.com\/cavousf5\/status\/1927790917802487914?ref_src=twsrc%5Etfw\" target=\"_blank\" rel=\"noopener\">May 28, 2025<\/a><\/p><\/blockquote>\n<p>      Mentionn\u00e9s dans cet article<\/p>\n<p>\u00c0 lire aussi<\/p>\n<p><script async src=\"https:\/\/platform.twitter.com\/widgets.js\" charset=\"utf-8\"><\/script><\/p>\n","protected":false},"excerpt":{"rendered":"Sans son public et sa force mentale, Charles Aznavour n\u2019aurait peut-\u00eatre pas joui de l\u2019immense carri\u00e8re qu\u2019on lui&hellip;\n","protected":false},"author":2,"featured_media":136852,"comment_status":"","ping_status":"","sticky":false,"template":"","format":"standard","meta":{"footnotes":""},"categories":[1355],"tags":[5631,5632,11775,15123,58,59,1011,27,1361,873],"class_list":{"0":"post-136851","1":"post","2":"type-post","3":"status-publish","4":"format-standard","5":"has-post-thumbnail","7":"category-musique","8":"tag-anne-elisabeth-lemoine","9":"tag-c-a-vous","10":"tag-charles-aznavour","11":"tag-claire-chazal","12":"tag-divertissement","13":"tag-entertainment","14":"tag-fr","15":"tag-france","16":"tag-music","17":"tag-musique"},"share_on_mastodon":{"url":"https:\/\/pubeurope.com\/@fr\/114591227865284232","error":""},"_links":{"self":[{"href":"https:\/\/www.europesays.com\/fr\/wp-json\/wp\/v2\/posts\/136851","targetHints":{"allow":["GET"]}}],"collection":[{"href":"https:\/\/www.europesays.com\/fr\/wp-json\/wp\/v2\/posts"}],"about":[{"href":"https:\/\/www.europesays.com\/fr\/wp-json\/wp\/v2\/types\/post"}],"author":[{"embeddable":true,"href":"https:\/\/www.europesays.com\/fr\/wp-json\/wp\/v2\/users\/2"}],"replies":[{"embeddable":true,"href":"https:\/\/www.europesays.com\/fr\/wp-json\/wp\/v2\/comments?post=136851"}],"version-history":[{"count":0,"href":"https:\/\/www.europesays.com\/fr\/wp-json\/wp\/v2\/posts\/136851\/revisions"}],"wp:featuredmedia":[{"embeddable":true,"href":"https:\/\/www.europesays.com\/fr\/wp-json\/wp\/v2\/media\/136852"}],"wp:attachment":[{"href":"https:\/\/www.europesays.com\/fr\/wp-json\/wp\/v2\/media?parent=136851"}],"wp:term":[{"taxonomy":"category","embeddable":true,"href":"https:\/\/www.europesays.com\/fr\/wp-json\/wp\/v2\/categories?post=136851"},{"taxonomy":"post_tag","embeddable":true,"href":"https:\/\/www.europesays.com\/fr\/wp-json\/wp\/v2\/tags?post=136851"}],"curies":[{"name":"wp","href":"https:\/\/api.w.org\/{rel}","templated":true}]}}