{"id":136863,"date":"2025-05-29T13:00:15","date_gmt":"2025-05-29T13:00:15","guid":{"rendered":"https:\/\/www.europesays.com\/fr\/136863\/"},"modified":"2025-05-29T13:00:15","modified_gmt":"2025-05-29T13:00:15","slug":"un-tribunal-americain-inflige-un-camouflet-a-trump-sur-les-droits-de-douane-la-chine-veut-leur-annulation-29-05-2025-a-1239","status":"publish","type":"post","link":"https:\/\/www.europesays.com\/fr\/136863\/","title":{"rendered":"Un tribunal am\u00e9ricain inflige un camouflet \u00e0 Trump sur les droits de douane; la Chine veut leur annulation &#8211; 29\/05\/2025 \u00e0 12:39"},"content":{"rendered":"<p>        <img fetchpriority=\"high\" decoding=\"async\" src=\"https:\/\/www.europesays.com\/fr\/wp-content\/uploads\/2025\/05\/b393ba0133aedee06594b9748f58c174-760x507.jpg\" alt=\"Des cargos et conteneurs au port de Ningbo-Zhoushan \u00e0 Ningbo, dans la province du Zhejiang, en Chine, le 28 mai 2025 ( AFP \/ Hector RETAMAL )\" loading=\"eager\" width=\"760\" height=\"507\" style=\"max-width: 100%!important; height: auto;\"\/><\/p>\n<p class=\"c-image-news__legend\">Des cargos et conteneurs au port de Ningbo-Zhoushan \u00e0 Ningbo, dans la province du Zhejiang, en Chine, le 28 mai 2025 ( AFP \/ Hector RETAMAL )<\/p>\n<p>\n Le pr\u00e9sident am\u00e9ricain Donald Trump a subi un nouveau camouflet judiciaire avec la d\u00e9cision d&rsquo;un tribunal am\u00e9ricain de bloquer ses droits de douane dits \u00ab\u00a0r\u00e9ciproques\u00a0\u00bb, tandis que la Chine a exhort\u00e9 jeudi la Maison Blanche \u00e0 les \u00ab\u00a0annuler totalement\u00a0\u00bb.\n<\/p>\n<p>\n Si les trois juges du tribunal de commerce international des Etats-Unis (ITC) ne contestent pas, dans leur d\u00e9cision, la possibilit\u00e9 pour les Etats-Unis d&rsquo;augmenter leurs surtaxes douani\u00e8res, ils ont estim\u00e9 que celles-ci relevaient d&rsquo;une pr\u00e9rogative du Congr\u00e8s et que M. Trump avait ainsi outrepass\u00e9 les pouvoirs dont il dispose.\n<\/p>\n<p>\n La d\u00e9cision bloque \u00e0 la fois les droits de douane impos\u00e9s au Canada, au Mexique et \u00e0 la Chine, accus\u00e9s de ne pas lutter assez contre le trafic de fentanyl, et les surtaxes \u00ab\u00a0r\u00e9ciproques\u00a0\u00bb impos\u00e9es d\u00e9but avril &#8211;dont l&rsquo;application au-del\u00e0 d&rsquo;un plancher de 10% a \u00e9t\u00e9 repouss\u00e9e d\u00e9but juillet.\n<\/p>\n<p>\n Le gouvernement Trump a interjet\u00e9 appel mercredi, selon un document judiciaire consult\u00e9 par l&rsquo;AFP.\n<\/p>\n<p>\n De son c\u00f4t\u00e9, la Chine a press\u00e9 les \u00c9tats-Unis d'\u00a0\u00bbannuler totalement les droits de douane unilat\u00e9raux injustifi\u00e9s\u00a0\u00bb, apr\u00e8s la d\u00e9cision de l&rsquo;ITC.\n<\/p>\n<p>\n \u00ab\u00a0La Chine exhorte les \u00c9tats-Unis \u00e0 \u00e9couter les voix rationnelles de la communaut\u00e9 internationale et des diff\u00e9rents acteurs nationaux, et \u00e0 annuler totalement ces droits de douane unilat\u00e9raux injustifi\u00e9s\u00a0\u00bb, a d\u00e9clar\u00e9 une porte-parole du minist\u00e8re chinois du Commerce, He Yongqian, lors d&rsquo;une conf\u00e9rence de presse r\u00e9guli\u00e8re \u00e0 P\u00e9kin.\n<\/p>\n<p>\n Mais en d\u00e9pit de l&rsquo;incertitude des proc\u00e9dures, la d\u00e9cision de l&rsquo;ITC a \u00e9t\u00e9 salu\u00e9e par les march\u00e9s financiers: les Bourses en Asie ont grimp\u00e9 &#8211;Tokyo s&rsquo;adjugeant pr\u00e8s de 2%&#8211; et les places europ\u00e9ennes ont ouvert dans le vert.\n<\/p>\n<p>\n Dans le d\u00e9tail, les juges consid\u00e8rent que le pr\u00e9sident ne peut invoquer la loi d&rsquo;urgence \u00e9conomique de 1977 (IEEPA) pour instituer par d\u00e9cret \u00ab\u00a0une surtaxe illimit\u00e9e sur les produits provenant de quasiment tous les pays\u00a0\u00bb, selon le jugement que l&rsquo;AFP a pu consulter.\n<\/p>\n<p>\n Pour les magistrats, les d\u00e9crets adopt\u00e9s \u00ab\u00a0outrepassent les pouvoirs accord\u00e9s au pr\u00e9sident dans le cadre de la loi IEEPA pour r\u00e9guler les importations\u00a0\u00bb, ce texte lui permettant seulement \u00ab\u00a0de prendre les sanctions \u00e9conomiques n\u00e9cessaires en cas d&rsquo;urgence pour combattre une menace +extraordinaire et inhabituelle+\u00a0\u00bb.\n<\/p>\n<p>\n Toute interpr\u00e9tation qui lui d\u00e9l\u00e8gue \u00ab\u00a0une autorit\u00e9 illimit\u00e9e sur les droits de douane est anticonstitutionnelle\u00a0\u00bb, ont insist\u00e9 les juges.\n<\/p>\n<p>\n Dans une opinion \u00e9crite accompagnant la d\u00e9cision, l&rsquo;un des juges, qui n&rsquo;est pas nomm\u00e9, a estim\u00e9 que cela \u00ab\u00a0constituerait un renoncement du pouvoir l\u00e9gislatif au b\u00e9n\u00e9fice d&rsquo;une autre branche du gouvernement\u00a0\u00bb, ce qui est contraire \u00e0 la Constitution am\u00e9ricaine.\n<\/p>\n<p> -\u00ab\u00a0Juges non \u00e9lus\u00a0\u00bb-<\/p>\n<p>\n Dans un communiqu\u00e9, un porte-parole de la Maison Blanche a d\u00e9nonc\u00e9 une d\u00e9cision de \u00ab\u00a0juges non \u00e9lus\u00a0\u00bb qui n&rsquo;ont \u00ab\u00a0pas le pouvoir de d\u00e9cider comment g\u00e9rer convenablement une urgence nationale\u00a0\u00bb.\n<\/p>\n<p>\n \u00ab\u00a0Le pr\u00e9sident Trump a jur\u00e9 de placer les Etats-Unis en premier et le gouvernement est d\u00e9cid\u00e9 \u00e0 utiliser tous les leviers du pouvoir ex\u00e9cutif pour r\u00e9pondre \u00e0 cette crise et restaurer la grandeur am\u00e9ricaine\u00a0\u00bb, a ajout\u00e9 ce porte-parole, Kush Desai.\n<\/p>\n<p>        <img decoding=\"async\" src=\"https:\/\/www.europesays.com\/fr\/wp-content\/uploads\/2025\/05\/76b302bdb4415bcef990cc49012d75cd-760x506.jpg\" alt=\"Le pr\u00e9sident am\u00e9ricain Donald Trump annonce des tarifs douaniers r\u00e9ciproques \u00e0 la Maison Blanche, le 2 avril 2025 \u00e0 Washington ( AFP \/ Brendan SMIALOWSKI )\" loading=\"eager\" width=\"760\" height=\"506\" style=\"max-width: 100%!important; height: auto;\"\/><\/p>\n<p class=\"c-image-news__legend\">Le pr\u00e9sident am\u00e9ricain Donald Trump annonce des tarifs douaniers r\u00e9ciproques \u00e0 la Maison Blanche, le 2 avril 2025 \u00e0 Washington ( AFP \/ Brendan SMIALOWSKI )<\/p>\n<p>\n Le tribunal se pronon\u00e7ait suite \u00e0 deux plaintes, d\u00e9pos\u00e9es l&rsquo;une par une alliance de douze Etats am\u00e9ricains dont l&rsquo;Arizona, l&rsquo;Oregon, New York et le Minnesota, l&rsquo;autre par un groupe d&rsquo;entreprises am\u00e9ricaines, qui reprochaient \u00e0 Donald Trump de s&rsquo;arroger des pouvoirs appartenant au Congr\u00e8s.\n<\/p>\n<p>\n Le 2 avril, le pr\u00e9sident Trump avait annonc\u00e9 des droits de douane dits \u00ab\u00a0r\u00e9ciproques\u00a0\u00bb, cens\u00e9s concerner l&rsquo;ensemble des pays dans le monde, avant de reculer face \u00e0 la chute des march\u00e9s financiers, accordant une pause de 90 jours &#8211;tout en maintenant une surtaxe-plancher de 10%&#8211;, afin d&rsquo;ouvrir la porte \u00e0 des n\u00e9gociations commerciales.\n<\/p>\n<p>\n Le n\u00e9gociateur du Japon Ryosei Akazawa a indiqu\u00e9 jeudi qu&rsquo;il \u00e9tudierait la d\u00e9cision judiciaire, peu avant son d\u00e9part pour Washington pour une quatri\u00e8me s\u00e9ance de pourparlers en vue d&rsquo;\u00e9chapper aux taxes prohibitives plombant les exportations d&rsquo;automobiles et d&rsquo;acier de l&rsquo;archipel.\n<\/p>\n<p>\n Du c\u00f4t\u00e9 de la Chine, apr\u00e8s un bras de fer et une escalade des surtaxes colossales qu&rsquo;ils s&rsquo;imposaient mutuellement, P\u00e9kin et Washington se sont finalement entendus mi-mai sur un retour \u00e0 10% sur les produits am\u00e9ricains et 30% sur les produits chinois.\n<\/p>\n<p>\n Mais jeudi, apr\u00e8s la d\u00e9cision du tribunal de commerce international, la porte-parole du minist\u00e8re chinois du Commerce a d\u00e9nonc\u00e9 un protectionnisme am\u00e9ricain \u00ab\u00a0qui ne profite \u00e0 personne\u00a0\u00bb.\n<\/p>\n<p>\n \u00ab\u00a0Depuis que les \u00c9tats-Unis ont lanc\u00e9 des mesures tarifaires unilat\u00e9rales, ils n&rsquo;ont r\u00e9solu aucun de leurs propres probl\u00e8mes. Au contraire, ils ont gravement endommag\u00e9 l&rsquo;ordre commercial international et perturb\u00e9 s\u00e9rieusement les op\u00e9rations commerciales et la consommation quotidienne des gens\u00a0\u00bb, a affirm\u00e9 Mme He Yongqian.\n<\/p>\n<p>\n \u00ab\u00a0Ce pr\u00e9judice caus\u00e9 aux autres tout en se faisant du mal a \u00e9galement suscit\u00e9 une opposition g\u00e9n\u00e9ralis\u00e9e aux \u00c9tats-Unis\u00a0\u00bb, a-t-elle assur\u00e9.<\/p>\n","protected":false},"excerpt":{"rendered":"Des cargos et conteneurs au port de Ningbo-Zhoushan \u00e0 Ningbo, dans la province du Zhejiang, en Chine, le&hellip;\n","protected":false},"author":2,"featured_media":136864,"comment_status":"","ping_status":"","sticky":false,"template":"","format":"standard","meta":{"footnotes":""},"categories":[6],"tags":[400,398,408,35,405,33,34,1011,27,403,402,399,404,401,406,407],"class_list":{"0":"post-136863","1":"post","2":"type-post","3":"status-publish","4":"format-standard","5":"has-post-thumbnail","7":"category-economie","8":"tag-action-cac-40","9":"tag-bourse-de-paris","10":"tag-boursorama","11":"tag-business","12":"tag-cotations","13":"tag-economie","14":"tag-economy","15":"tag-fr","16":"tag-france","17":"tag-indices-devises","18":"tag-investir","19":"tag-investissement","20":"tag-marche-boursier","21":"tag-sicav","22":"tag-trackers","23":"tag-warrants"},"share_on_mastodon":{"url":"https:\/\/pubeurope.com\/@fr\/114591250815495283","error":""},"_links":{"self":[{"href":"https:\/\/www.europesays.com\/fr\/wp-json\/wp\/v2\/posts\/136863","targetHints":{"allow":["GET"]}}],"collection":[{"href":"https:\/\/www.europesays.com\/fr\/wp-json\/wp\/v2\/posts"}],"about":[{"href":"https:\/\/www.europesays.com\/fr\/wp-json\/wp\/v2\/types\/post"}],"author":[{"embeddable":true,"href":"https:\/\/www.europesays.com\/fr\/wp-json\/wp\/v2\/users\/2"}],"replies":[{"embeddable":true,"href":"https:\/\/www.europesays.com\/fr\/wp-json\/wp\/v2\/comments?post=136863"}],"version-history":[{"count":0,"href":"https:\/\/www.europesays.com\/fr\/wp-json\/wp\/v2\/posts\/136863\/revisions"}],"wp:featuredmedia":[{"embeddable":true,"href":"https:\/\/www.europesays.com\/fr\/wp-json\/wp\/v2\/media\/136864"}],"wp:attachment":[{"href":"https:\/\/www.europesays.com\/fr\/wp-json\/wp\/v2\/media?parent=136863"}],"wp:term":[{"taxonomy":"category","embeddable":true,"href":"https:\/\/www.europesays.com\/fr\/wp-json\/wp\/v2\/categories?post=136863"},{"taxonomy":"post_tag","embeddable":true,"href":"https:\/\/www.europesays.com\/fr\/wp-json\/wp\/v2\/tags?post=136863"}],"curies":[{"name":"wp","href":"https:\/\/api.w.org\/{rel}","templated":true}]}}