{"id":136865,"date":"2025-05-29T13:01:09","date_gmt":"2025-05-29T13:01:09","guid":{"rendered":"https:\/\/www.europesays.com\/fr\/136865\/"},"modified":"2025-05-29T13:01:09","modified_gmt":"2025-05-29T13:01:09","slug":"ursula-von-der-leyen-veut-creer-une-pax-europaea-en-matiere-de-securite","status":"publish","type":"post","link":"https:\/\/www.europesays.com\/fr\/136865\/","title":{"rendered":"Ursula von\u00a0der\u00a0Leyen veut cr\u00e9er une \u00abPax Europaea\u00bb en mati\u00e8re de s\u00e9curit\u00e9"},"content":{"rendered":"<p>La pr\u00e9sidente de la Commission europ\u00e9enne a fait cet appel lors de sa r\u00e9ception du prix Charlemagne, distinction qui lui a \u00e9t\u00e9 attribu\u00e9e en janvier pour avoir \u00abcontribu\u00e9 \u00e0 maintenir l\u2019Europe unie, r\u00e9siliente et capable d\u2019agir\u00bb.<\/p>\n<p class=\"fig-paragraph\">La pr\u00e9sidente de la Commission europ\u00e9enne,\u00a0<a href=\"http:\/\/www.lefigaro.fr\/flash-eco\/jd-vance-et-ursula-von-der-leyen-discutent-des-droits-de-douane-a-rome-20250518\" target=\"_blank\" data-fig-type=\"NewsFlash\" rel=\"noopener nofollow\" data-gtm-custom-categorie=\"navigation\" data-gtm-custom-action=\"crossclick\" data-gtm-custom-label=\"Contextuel\" data-gtm-event=\"customEventSPE\" data-fig-domain=\"LEFIGARO\">Ursula von\u00a0der\u00a0Leyen<\/a>, a appel\u00e9 jeudi \u00e0 cr\u00e9er une \u00abPax Europaea\u00bb en mati\u00e8re de s\u00e9curit\u00e9 bas\u00e9e sur une Europe ind\u00e9pendante, lors de la r\u00e9ception du prix Charlemagne \u00e0\u00a0<a href=\"http:\/\/www.lefigaro.fr\/marseille\/aix-en-provence-des-ossements-humains-retrouves-pres-d-une-chapelle-20240510\" target=\"_blank\" data-fig-type=\"NewsFlash\" rel=\"noopener nofollow\" data-gtm-custom-categorie=\"navigation\" data-gtm-custom-action=\"crossclick\" data-gtm-custom-label=\"Contextuel\" data-gtm-event=\"customEventSPE\" data-fig-domain=\"LEFIGARO\">Aix-la-Chapelle<\/a>. L&rsquo;Europe doit \u00abd\u00e9velopper une nouvelle forme de Pax Europaea pour le XXIe si\u00e8cle, fa\u00e7onn\u00e9e et g\u00e9r\u00e9e par l&rsquo;Europe elle-m\u00eame\u00bb, a-t-elle d\u00e9clar\u00e9 dans un discours lors de la c\u00e9r\u00e9monie, au moment o\u00f9 les\u00a0<a href=\"http:\/\/www.lefigaro.fr\/flash-eco\/les-etats-unis-n-ont-pas-verse-leurs-contributions-2024-et-2025-a-l-oit-selon-son-dg-20250528\" target=\"_blank\" data-fig-type=\"NewsFlash\" rel=\"noopener nofollow\" data-gtm-custom-categorie=\"navigation\" data-gtm-custom-action=\"crossclick\" data-gtm-custom-label=\"Contextuel\" data-gtm-event=\"customEventSPE\" data-fig-domain=\"LEFIGARO\">\u00c9tats-Unis<\/a>\u00a0commencent \u00e0 se d\u00e9sengager de la d\u00e9fense du continent europ\u00e9en.<\/p>\n<p class=\"fig-paragraph\">\u00abPeut-\u00eatre avons-nous cru que les p\u00e9riodes de paix relative \u00e9taient devenues un \u00e9tat permanent, gr\u00e2ce \u00e0 l&rsquo;OTAN\u00bb, a-t-elle estim\u00e9, ajoutant que l&rsquo;ordre international sur lequel l&rsquo;Europe s&rsquo;est longtemps repos\u00e9e \u00aba sombr\u00e9 dans le d\u00e9sordre international.\u00bb \u00abUn nouvel ordre international va \u00e9merger, avant m\u00eame la fin de cette d\u00e9cennie\u00bb, a-t-elle dit, pr\u00f4nant l&rsquo;\u00e9dification d&rsquo;une Europe \u00abind\u00e9pendante\u00bb face \u00e0 des \u00abcontre-courants puissants\u00bb. \u00abLe monde est de nouveau la proie d&rsquo;ambitions de conqu\u00eate et de guerres imp\u00e9rialistes. De r\u00e9gimes autoritaires, pr\u00eats \u00e0 exploiter sans m\u00e9nagements nos divisions ou nos d\u00e9pendances\u00bb, a-t-elle ajout\u00e9.<\/p>\n<p class=\"fig-body-link\">\n            \u00c0 lire aussi<br \/>\n        <a class=\"fig-body-link__link fig-premium-mark\" href=\"http:\/\/www.lefigaro.fr\/vox\/monde\/defense-europeenne-ursula-von-der-leyen-restez-a-votre-place-20250305\" data-fig-type=\"Article\" data-gtm-custom-categorie=\"navigation\" data-gtm-custom-action=\"crossclick\" data-gtm-custom-label=\"Contextuel\" data-gtm-event=\"customEventSPE\" data-fig-domain=\"LEFIGARO\" rel=\"nofollow noopener\" target=\"_blank\">\u00abD\u00e9fense europ\u00e9enne: Ursula von\u00a0der\u00a0Leyen, restez \u00e0 votre place!\u00bb<br \/>\n    <\/a>\n<\/p>\n<p>800 milliards d\u2019euros d\u00e9bloqu\u00e9s pour la d\u00e9fense<\/p>\n<p class=\"fig-paragraph\">Le prix Charlemagne lui a \u00e9t\u00e9 attribu\u00e9 en janvier pour avoir \u00abcontribu\u00e9 \u00e0 maintenir l&rsquo;Europe unie, r\u00e9siliente et capable d&rsquo;agir\u00bb. Le prix a \u00e9t\u00e9 cr\u00e9\u00e9 en 1949 pour promouvoir la construction europ\u00e9enne, apr\u00e8s les destructions de la Deuxi\u00e8me guerre mondiale. Il est remis \u00e0 Aix-la-Chapelle, ancienne capitale de l&#8217;empire carolingien, ville situ\u00e9e dans l&rsquo;ouest de l\u2019Allemagne et toute proche des fronti\u00e8res belges et n\u00e9erlandaises.<\/p>\n<p class=\"fig-paragraph\">Apr\u00e8s avoir fait carri\u00e8re en Allemagne au sein du parti conservateur de l&rsquo;actuel chancelier Friedrich Merz, apparaissant m\u00eame un temps comme une dauphine possible d&rsquo;<a href=\"http:\/\/www.lefigaro.fr\/vox\/monde\/edouard-tetreau-a-l-oppose-d-angela-merkel-les-premiers-pas-de-friedrich-merz-sont-porteurs-d-un-grand-espoir-20250311\" target=\"_blank\" data-fig-type=\"Article\" rel=\"noopener nofollow\" data-gtm-custom-categorie=\"navigation\" data-gtm-custom-action=\"crossclick\" data-gtm-custom-label=\"Contextuel\" data-gtm-event=\"customEventSPE\" data-fig-domain=\"LEFIGARO\">Angela Merkel<\/a>, Ursula von\u00a0der\u00a0Leyen a \u00e9t\u00e9 port\u00e9e \u00e0 la t\u00eate de la Commission europ\u00e9enne en 2019, puis r\u00e9\u00e9lue en 2024 \u00e0 ce poste.<\/p>\n<p class=\"fig-paragraph\">Elle y incarne depuis la volont\u00e9 d&rsquo;ind\u00e9pendance de l&rsquo;UE. Ursula von\u00a0der\u00a0Leyen a rappel\u00e9 jeudi que l&rsquo;Union europ\u00e9enne venait de d\u00e9bloquer j<a href=\"http:\/\/www.lefigaro.fr\/conjoncture\/ursula-von-der-leyen-annonce-un-plan-pour-mobiliser-800-milliards-d-euros-pour-la-defense-europeenne-20250304\" data-fig-type=\"NewsFlash\" data-gtm-custom-categorie=\"navigation\" data-gtm-custom-action=\"crossclick\" data-gtm-custom-label=\"Contextuel\" data-gtm-event=\"customEventSPE\" data-fig-domain=\"LEFIGARO\" rel=\"nofollow noopener\" target=\"_blank\">usqu&rsquo;\u00e0 800 milliards d&rsquo;euros<\/a>\u00a0pour aider les \u00c9tats membres \u00e0 augmenter leurs d\u00e9penses de d\u00e9fense, avec l&rsquo;objectif de \u00abd\u00e9fendre la paix de toute notre force\u00bb. Depuis l&rsquo;invasion de l&rsquo;Ukraine par le Russie en f\u00e9vrier 2022, elle affiche haut et fort son soutien \u00e0 Kiev et promeut une strat\u00e9gie pour que l&rsquo;UE sorte de sa d\u00e9pendance \u00e9nerg\u00e9tique vis-\u00e0-vis de Moscou.<\/p>\n","protected":false},"excerpt":{"rendered":"La pr\u00e9sidente de la Commission europ\u00e9enne a fait cet appel lors de sa r\u00e9ception du prix Charlemagne, distinction&hellip;\n","protected":false},"author":2,"featured_media":136866,"comment_status":"","ping_status":"","sticky":false,"template":"","format":"standard","meta":{"footnotes":""},"categories":[5],"tags":[259,11,260,1011,27,14,261,12,262,2544,28],"class_list":{"0":"post-136865","1":"post","2":"type-post","3":"status-publish","4":"format-standard","5":"has-post-thumbnail","7":"category-international","8":"tag-actualite-internationale","9":"tag-actualites","10":"tag-affaires-etrangeres","11":"tag-fr","12":"tag-france","13":"tag-international","14":"tag-ministere-des-affaires-etrangeres","15":"tag-news","16":"tag-politique-etrangere","17":"tag-ursula-von-der-leyen","18":"tag-world"},"share_on_mastodon":{"url":"https:\/\/pubeurope.com\/@fr\/114591254612527713","error":""},"_links":{"self":[{"href":"https:\/\/www.europesays.com\/fr\/wp-json\/wp\/v2\/posts\/136865","targetHints":{"allow":["GET"]}}],"collection":[{"href":"https:\/\/www.europesays.com\/fr\/wp-json\/wp\/v2\/posts"}],"about":[{"href":"https:\/\/www.europesays.com\/fr\/wp-json\/wp\/v2\/types\/post"}],"author":[{"embeddable":true,"href":"https:\/\/www.europesays.com\/fr\/wp-json\/wp\/v2\/users\/2"}],"replies":[{"embeddable":true,"href":"https:\/\/www.europesays.com\/fr\/wp-json\/wp\/v2\/comments?post=136865"}],"version-history":[{"count":0,"href":"https:\/\/www.europesays.com\/fr\/wp-json\/wp\/v2\/posts\/136865\/revisions"}],"wp:featuredmedia":[{"embeddable":true,"href":"https:\/\/www.europesays.com\/fr\/wp-json\/wp\/v2\/media\/136866"}],"wp:attachment":[{"href":"https:\/\/www.europesays.com\/fr\/wp-json\/wp\/v2\/media?parent=136865"}],"wp:term":[{"taxonomy":"category","embeddable":true,"href":"https:\/\/www.europesays.com\/fr\/wp-json\/wp\/v2\/categories?post=136865"},{"taxonomy":"post_tag","embeddable":true,"href":"https:\/\/www.europesays.com\/fr\/wp-json\/wp\/v2\/tags?post=136865"}],"curies":[{"name":"wp","href":"https:\/\/api.w.org\/{rel}","templated":true}]}}