{"id":136869,"date":"2025-05-29T13:03:08","date_gmt":"2025-05-29T13:03:08","guid":{"rendered":"https:\/\/www.europesays.com\/fr\/136869\/"},"modified":"2025-05-29T13:03:08","modified_gmt":"2025-05-29T13:03:08","slug":"le-gouvernement-change-la-procedure-de-regularisation-des-medecins-a-diplome-etranger","status":"publish","type":"post","link":"https:\/\/www.europesays.com\/fr\/136869\/","title":{"rendered":"Le gouvernement change la proc\u00e9dure de r\u00e9gularisation des m\u00e9decins \u00e0 dipl\u00f4me \u00e9tranger"},"content":{"rendered":"<p>Comme le ministre de la Sant\u00e9 Yannick Neuder s\u2019y \u00e9tait engag\u00e9, \u00abune nouvelle voie d\u2019acc\u00e8s dite interne (&#8230;) est ouverte\u00bb, qui \u00abreconna\u00eet le parcours\u00bb des m\u00e9decins qui exercent d\u00e9j\u00e0 sur le territoire.<\/p>\n<p class=\"fig-paragraph\">Le minist\u00e8re de la Sant\u00e9 a publi\u00e9 jeudi au Journal officiel deux d\u00e9crets modifiant la proc\u00e9dure de r\u00e9gularisation des m\u00e9decins \u00e0 dipl\u00f4me \u00e9tranger hors Union europ\u00e9enne (<a href=\"http:\/\/sante.lefigaro.fr\/les-padhues-ces-medecins-diplomes-a-l-etranger-appeles-a-manifester-a-paris-20250212\" target=\"_blank\" data-fig-type=\"NewsFlash\" rel=\"noopener\" data-gtm-custom-categorie=\"navigation\" data-gtm-custom-action=\"crossclick\" data-gtm-custom-label=\"Contextuel\" data-gtm-event=\"customEventSPE\" data-fig-domain=\"SANTE\">Padhue<\/a>), dont certains exercent d\u00e9j\u00e0 depuis des ann\u00e9es dans des h\u00f4pitaux fran\u00e7ais. Comme le ministre de la Sant\u00e9\u00a0<a href=\"http:\/\/www.lefigaro.fr\/actualite-france\/aide-a-mourir-le-ministre-de-la-sante-yannick-neuder-exprime-son-malaise-face-a-ce-saut-societal-20250528\" target=\"_blank\" data-fig-type=\"NewsFlash\" rel=\"noopener\" data-gtm-custom-categorie=\"navigation\" data-gtm-custom-action=\"crossclick\" data-gtm-custom-label=\"Contextuel\" data-gtm-event=\"customEventSPE\" data-fig-domain=\"LEFIGARO\">Yannick Neuder<\/a>\u00a0s&rsquo;y \u00e9tait engag\u00e9, \u00abune nouvelle voie d&rsquo;acc\u00e8s dite interne (&#8230;) est ouverte\u00bb, qui \u00abreconna\u00eet le parcours\u00bb des m\u00e9decins qui exercent d\u00e9j\u00e0 sur le territoire, a indiqu\u00e9 le minist\u00e8re \u00e0 l&rsquo;AFP.<\/p>\n<p class=\"fig-paragraph\">Le \u00abparcours de consolidation des comp\u00e9tences\u00bb, demand\u00e9 aux praticiens pour \u00eatre r\u00e9gularis\u00e9, \u00abpourra \u00eatre adapt\u00e9 pour acc\u00e9l\u00e9rer l&rsquo;autorisation d&rsquo;exercice pour les praticiens reconnus comp\u00e9tents sur le terrain\u00bb, a indiqu\u00e9 le minist\u00e8re. Les d\u00e9crets apportent \u00e9galement \u00abquelques am\u00e9nagements \u00e0 la proc\u00e9dure d&rsquo;autorisation d&rsquo;exercice provisoire et au dispositif d\u00e9rogatoire b\u00e9n\u00e9ficiant \u00e0 certains territoires d&rsquo;outre-mer\u00bb, selon les textes publi\u00e9s au Journal officiel.<\/p>\n<p class=\"fig-body-link\">\n            \u00c0 lire aussi<br \/>\n        <a class=\"fig-body-link__link fig-premium-mark\" href=\"http:\/\/www.lefigaro.fr\/conjoncture\/yannick-neuder-au-figaro-on-ne-va-pas-faire-d-economies-sur-le-dos-de-la-sante-des-francais-20250214\" target=\"_blank\" data-fig-type=\"NewsFlash\" rel=\"noopener\" data-gtm-custom-categorie=\"navigation\" data-gtm-custom-action=\"crossclick\" data-gtm-custom-label=\"Contextuel\" data-gtm-event=\"customEventSPE\" data-fig-domain=\"LEFIGARO\">Yannick Neuder au Figaro\u00a0: \u00abOn ne va pas faire d\u2019\u00e9conomies sur le dos de la sant\u00e9 des Fran\u00e7ais\u00bb<br \/>\n    <\/a>\n<\/p>\n<p>\u00abOn travaille 75 heures par semaine\u00bb<\/p>\n<p class=\"fig-paragraph\">Les m\u00e9decins d\u00e9j\u00e0 install\u00e9s en France ont d\u00e9nonc\u00e9 \u00e0 de nombreuses reprises les \u00abiniquit\u00e9s\u00bb de la proc\u00e9dure qui doit leur permettre de s&rsquo;ins\u00e9rer dans le nouveau cadre s&rsquo;appliquant aux m\u00e9decins \u00e0 dipl\u00f4me \u00e9tranger hors Union europ\u00e9enne. Ils d\u00e9noncent un syst\u00e8me trop s\u00e9lectif, qui laisse sur le carreau de nombreux praticiens exer\u00e7ant en France depuis des ann\u00e9es, alors qu&rsquo;ils ont jou\u00e9 un r\u00f4le crucial pour permettre \u00e0 de nombreux h\u00f4pitaux de continuer \u00e0 fonctionner malgr\u00e9 leurs sous-effectifs chroniques.<\/p>\n<p class=\"fig-paragraph\">\u00abDans ma sp\u00e9cialit\u00e9, tous ceux qui avaient en dessous de 14,7 de moyenne n&rsquo;ont pas \u00e9t\u00e9 pris\u00bb, le jury ayant d\u00e9cid\u00e9 d&rsquo;attribuer moins de postes que pr\u00e9vu, avait expliqu\u00e9 en f\u00e9vrier Redha Kettache, un Padhue manifestant devant le minist\u00e8re de la Sant\u00e9. \u00abOn travaille 75 heures par semaine, on n&rsquo;a pas le temps d&rsquo;ouvrir un livre pour r\u00e9viser\u00bb.<\/p>\n<p class=\"fig-paragraph\">En 2024, 4000 postes ont \u00e9t\u00e9 ouverts pour des m\u00e9decins \u00e0 dipl\u00f4me \u00e9tranger en France, dans le cadre d&rsquo;une proc\u00e9dure uniforme qui remplace les conditions tr\u00e8s h\u00e9t\u00e9rog\u00e8nes selon les h\u00f4pitaux en vigueur auparavant. Quelque 3235 personnes ont \u00e9t\u00e9 admises au concours sur liste principale, et 638 suppl\u00e9mentaires ont \u00e9t\u00e9 admises sur liste compl\u00e9mentaire.<\/p>\n","protected":false},"excerpt":{"rendered":"Comme le ministre de la Sant\u00e9 Yannick Neuder s\u2019y \u00e9tait engag\u00e9, \u00abune nouvelle voie d\u2019acc\u00e8s dite interne (&#8230;)&hellip;\n","protected":false},"author":2,"featured_media":136870,"comment_status":"","ping_status":"","sticky":false,"template":"","format":"standard","meta":{"footnotes":""},"categories":[2],"tags":[8704,47,8699,11,8707,8706,4988,1011,27,8705,8700,5362,226,224,8701,225,12,8702,298,71,8703,801,227],"class_list":{"0":"post-136869","1":"post","2":"type-post","3":"status-publish","4":"format-standard","5":"has-post-thumbnail","7":"category-actualites","8":"tag-actu-sante","9":"tag-actualite","10":"tag-actualite-sante","11":"tag-actualites","12":"tag-conseil-medical","13":"tag-conseils-medicaux","14":"tag-forme","15":"tag-fr","16":"tag-france","17":"tag-guide-des-medicaments","18":"tag-info-sante","19":"tag-magazine-sante","20":"tag-maladie","21":"tag-medecine","22":"tag-medical","23":"tag-medicament","24":"tag-news","25":"tag-nutrition-et-sante","26":"tag-psychologie","27":"tag-sante","28":"tag-sexualite","29":"tag-social","30":"tag-traitement"},"share_on_mastodon":{"url":"https:\/\/pubeurope.com\/@fr\/114591262519634362","error":""},"_links":{"self":[{"href":"https:\/\/www.europesays.com\/fr\/wp-json\/wp\/v2\/posts\/136869","targetHints":{"allow":["GET"]}}],"collection":[{"href":"https:\/\/www.europesays.com\/fr\/wp-json\/wp\/v2\/posts"}],"about":[{"href":"https:\/\/www.europesays.com\/fr\/wp-json\/wp\/v2\/types\/post"}],"author":[{"embeddable":true,"href":"https:\/\/www.europesays.com\/fr\/wp-json\/wp\/v2\/users\/2"}],"replies":[{"embeddable":true,"href":"https:\/\/www.europesays.com\/fr\/wp-json\/wp\/v2\/comments?post=136869"}],"version-history":[{"count":0,"href":"https:\/\/www.europesays.com\/fr\/wp-json\/wp\/v2\/posts\/136869\/revisions"}],"wp:featuredmedia":[{"embeddable":true,"href":"https:\/\/www.europesays.com\/fr\/wp-json\/wp\/v2\/media\/136870"}],"wp:attachment":[{"href":"https:\/\/www.europesays.com\/fr\/wp-json\/wp\/v2\/media?parent=136869"}],"wp:term":[{"taxonomy":"category","embeddable":true,"href":"https:\/\/www.europesays.com\/fr\/wp-json\/wp\/v2\/categories?post=136869"},{"taxonomy":"post_tag","embeddable":true,"href":"https:\/\/www.europesays.com\/fr\/wp-json\/wp\/v2\/tags?post=136869"}],"curies":[{"name":"wp","href":"https:\/\/api.w.org\/{rel}","templated":true}]}}