{"id":136871,"date":"2025-05-29T13:05:10","date_gmt":"2025-05-29T13:05:10","guid":{"rendered":"https:\/\/www.europesays.com\/fr\/136871\/"},"modified":"2025-05-29T13:05:10","modified_gmt":"2025-05-29T13:05:10","slug":"un-adolescent-de-11-ans-blesse-par-le-conducteur-dune-voiture-pres-de-saint-etienne-2","status":"publish","type":"post","link":"https:\/\/www.europesays.com\/fr\/136871\/","title":{"rendered":"un adolescent de 11 ans bless\u00e9 par le conducteur d&rsquo;une voiture pr\u00e8s de Saint-\u00c9tienne"},"content":{"rendered":"<p><img decoding=\"async\" class=\"caas-img caas-lazy has-preview\" src=\"https:\/\/www.europesays.com\/fr\/wp-content\/uploads\/2025\/05\/74b0211d6ea52c1797624a7cb7358b20.jpeg\"\/><\/p>\n<p>Ce mercredi 28 mai, Saint-Romain-le-Puy, pr\u00e8s de Saint-\u00c9tienne (Loire), un adolescent de 11 ans circulant en trottinette a \u00e9t\u00e9 percut\u00e9 et bless\u00e9 par un homme qui s&rsquo;adonnait \u00e0 <a href=\"https:\/\/www.bfmtv.com\/police-justice\/pompier-renverse-a-evian-les-bains-lors-d-un-rodeo-urbain-le-conducteur-a-ete-mis-en-examen_VN-202505120767.html\" rel=\"nofollow noopener\" target=\"_blank\" data-ylk=\"slk:un rod\u00e9o urbain;elm:context_link;itc:0;sec:content-canvas\" class=\"link \">un rod\u00e9o urbain<\/a> en voiture, sur un parking de la commune, selon deux sources de la gendarmerie \u00e0 BFMTV.<\/p>\n<p>Le mineur, qui souffre d\u2019une fracture ouverte, mais dont le pronostic vital n\u2019a pas \u00e9t\u00e9 engag\u00e9, a \u00e9t\u00e9 h\u00e9liport\u00e9 jusqu\u2019\u00e0 l\u2019h\u00f4pital le plus proche.<\/p>\n<p>Le propri\u00e9taire du v\u00e9hicule interpell\u00e9<\/p>\n<p>D&rsquo;apr\u00e8s plusieurs t\u00e9moignages recueillis sur place par la brigade de gendarmerie de Montbrison, le conducteur, un Fran\u00e7ais de 23 ans, faisait du rod\u00e9o (des virages et des \u00ab\u00a0burns\u00a0\u00bb) sur le parking.<\/p>\n<p>C&rsquo;est en sortant du parking qu\u2019il a percut\u00e9 l\u2019adolescent en trottinette. Le suspect a \u00e9t\u00e9 interpell\u00e9. Il n&rsquo;est connu des services de police que pour deux petits d\u00e9lits routiers. Ses tests d&rsquo;alcool\u00e9mie et de stup\u00e9fiants sont revenus n\u00e9gatifs.<\/p>\n<p>Nous attendons des \u00e9l\u00e9ments sur les suites judiciaires r\u00e9serv\u00e9es. Sollicit\u00e9 par BFMTV, le parquet de Saint-\u00c9tienne n\u2019a pas encore r\u00e9agi.<\/p>\n<p><a href=\"https:\/\/www.bfmtv.com\/police-justice\/rodeos-urbains-un-adolescent-de-11-ans-blesse-par-le-conducteur-d-une-voiture-pres-de-saint-etienne_AN-202505290261.html#xtor=AL-68\" rel=\"nofollow noopener\" target=\"_blank\" data-ylk=\"slk:Article original publi\u00e9 sur BFMTV.com;elm:context_link;itc:0;sec:content-canvas\" class=\"link \">Article original publi\u00e9 sur BFMTV.com<\/a><\/p>\n","protected":false},"excerpt":{"rendered":"Ce mercredi 28 mai, Saint-Romain-le-Puy, pr\u00e8s de Saint-\u00c9tienne (Loire), un adolescent de 11 ans circulant en trottinette a&hellip;\n","protected":false},"author":2,"featured_media":136872,"comment_status":"","ping_status":"","sticky":false,"template":"","format":"standard","meta":{"footnotes":""},"categories":[9653],"tags":[1111,11,1084,1764,2430,1777,674,1011,27,26323,21349,12,25,4001,23976],"class_list":{"0":"post-136871","1":"post","2":"type-post","3":"status-publish","4":"format-standard","5":"has-post-thumbnail","7":"category-saint-etienne","8":"tag-actu","9":"tag-actualites","10":"tag-adolescent","11":"tag-ans","12":"tag-auvergne-rhone-alpes","13":"tag-eu","14":"tag-europe","15":"tag-fr","16":"tag-france","17":"tag-le-parking","18":"tag-le-proprietaire","19":"tag-news","20":"tag-republique-francaise","21":"tag-saint-etienne","22":"tag-saint-romain-le-puy"},"share_on_mastodon":{"url":"https:\/\/pubeurope.com\/@fr\/114591270388126413","error":""},"_links":{"self":[{"href":"https:\/\/www.europesays.com\/fr\/wp-json\/wp\/v2\/posts\/136871","targetHints":{"allow":["GET"]}}],"collection":[{"href":"https:\/\/www.europesays.com\/fr\/wp-json\/wp\/v2\/posts"}],"about":[{"href":"https:\/\/www.europesays.com\/fr\/wp-json\/wp\/v2\/types\/post"}],"author":[{"embeddable":true,"href":"https:\/\/www.europesays.com\/fr\/wp-json\/wp\/v2\/users\/2"}],"replies":[{"embeddable":true,"href":"https:\/\/www.europesays.com\/fr\/wp-json\/wp\/v2\/comments?post=136871"}],"version-history":[{"count":0,"href":"https:\/\/www.europesays.com\/fr\/wp-json\/wp\/v2\/posts\/136871\/revisions"}],"wp:featuredmedia":[{"embeddable":true,"href":"https:\/\/www.europesays.com\/fr\/wp-json\/wp\/v2\/media\/136872"}],"wp:attachment":[{"href":"https:\/\/www.europesays.com\/fr\/wp-json\/wp\/v2\/media?parent=136871"}],"wp:term":[{"taxonomy":"category","embeddable":true,"href":"https:\/\/www.europesays.com\/fr\/wp-json\/wp\/v2\/categories?post=136871"},{"taxonomy":"post_tag","embeddable":true,"href":"https:\/\/www.europesays.com\/fr\/wp-json\/wp\/v2\/tags?post=136871"}],"curies":[{"name":"wp","href":"https:\/\/api.w.org\/{rel}","templated":true}]}}