{"id":136877,"date":"2025-05-29T13:09:09","date_gmt":"2025-05-29T13:09:09","guid":{"rendered":"https:\/\/www.europesays.com\/fr\/136877\/"},"modified":"2025-05-29T13:09:09","modified_gmt":"2025-05-29T13:09:09","slug":"vaste-operation-de-controle-a-lembarquement-des-passagers-des-ferries-a-toulon","status":"publish","type":"post","link":"https:\/\/www.europesays.com\/fr\/136877\/","title":{"rendered":"Vaste op\u00e9ration de contr\u00f4le \u00e0 l\u2019embarquement des passagers des ferries \u00e0 Toulon"},"content":{"rendered":"<p>\u00c0 quelques heures de leur d\u00e9part pour la Corse ou la Sardaigne, des vacanciers ont re\u00e7u la visite de la police nationale et de la gendarmerie maritime. Mercredi 28 mai, veille de l\u2019Ascension et de son jour f\u00e9ri\u00e9, 25 policiers et 5 gendarmes ont men\u00e9 une op\u00e9ration conjointe de contr\u00f4le des v\u00e9hicules et des passagers au terminal Toulon C\u00f4te d\u2019Azur, d\u2019o\u00f9 partent les ferries.<\/p>\n<p>De 15 heures \u00e0 20 heures, ils ont v\u00e9rifi\u00e9 les papiers d\u2019identit\u00e9 des passagers et les documents de leurs v\u00e9hicules, pour un total de 285 voitures et 25 deux roues contr\u00f4l\u00e9s.<\/p>\n<p>L\u2019op\u00e9ration pr\u00e9voyait aussi l\u2019inspection des bagages et la visite des v\u00e9hicules comme l\u2019explique un officier de gendarmerie maritime: \u00ab\u00a0Les contr\u00f4les sont al\u00e9atoires. Comme on a une r\u00e9quisition du procureur qui nous en donne l\u2019autorisation, on ouvre le coffre quasi syst\u00e9matiquement pour inspecter\u00a0\u00bb.<\/p>\n<p>\u00ab\u00a0Bon public, client\u00e8le familiale\u00a0\u00bb<\/p>\n<p>\u00ab\u00a0Sur ce type de contr\u00f4le, on trouve parfois des stup\u00e9fiants, des armes non d\u00e9clar\u00e9es ou des cartouches d\u2019armes de poing. Mais c\u2019est un bon public, une client\u00e8le familiale, alors s\u2019il y a une interpellation c\u2019est d\u00e9j\u00e0 beaucoup\u00a0\u00bb, d\u00e9veloppe un officier de police nationale. Avant d\u2019ajouter: \u00ab\u00a0Le but c\u2019est de montrer une r\u00e9elle pr\u00e9sence pour la pr\u00e9vention, mais aussi la r\u00e9pression. On n\u2019est pas \u00e0 l\u2019abri de constater des d\u00e9lits\u00a0\u00bb.<\/p>\n<p>Les policiers et gendarmes \u00e9taient aussi accompagn\u00e9s d\u2019unit\u00e9s cynophiles qui \u00ab\u00a0interviennent en cas de doute\u00a0\u00bb, d\u2019apr\u00e8s le m\u00eame officier de police nationale.<\/p>\n<p>Ce jour-l\u00e0, peu d\u2019infractions constat\u00e9es: deux d\u00e9fauts de contr\u00f4le technique, une non-pr\u00e9sentation du permis de conduire et une voiture faussement immatricul\u00e9e comme une ambulance pour ne pas payer le bonus de l\u2019assurance.<\/p>\n","protected":false},"excerpt":{"rendered":"\u00c0 quelques heures de leur d\u00e9part pour la Corse ou la Sardaigne, des vacanciers ont re\u00e7u la visite&hellip;\n","protected":false},"author":2,"featured_media":136878,"comment_status":"","ping_status":"","sticky":false,"template":"","format":"standard","meta":{"footnotes":""},"categories":[9619],"tags":[1111,11,1777,674,1011,27,12,882,25,656,2310],"class_list":{"0":"post-136877","1":"post","2":"type-post","3":"status-publish","4":"format-standard","5":"has-post-thumbnail","7":"category-toulon","8":"tag-actu","9":"tag-actualites","10":"tag-eu","11":"tag-europe","12":"tag-fr","13":"tag-france","14":"tag-news","15":"tag-provence-alpes-cote-dazur","16":"tag-republique-francaise","17":"tag-securite","18":"tag-toulon"},"share_on_mastodon":{"url":"https:\/\/pubeurope.com\/@fr\/114591286218184264","error":""},"_links":{"self":[{"href":"https:\/\/www.europesays.com\/fr\/wp-json\/wp\/v2\/posts\/136877","targetHints":{"allow":["GET"]}}],"collection":[{"href":"https:\/\/www.europesays.com\/fr\/wp-json\/wp\/v2\/posts"}],"about":[{"href":"https:\/\/www.europesays.com\/fr\/wp-json\/wp\/v2\/types\/post"}],"author":[{"embeddable":true,"href":"https:\/\/www.europesays.com\/fr\/wp-json\/wp\/v2\/users\/2"}],"replies":[{"embeddable":true,"href":"https:\/\/www.europesays.com\/fr\/wp-json\/wp\/v2\/comments?post=136877"}],"version-history":[{"count":0,"href":"https:\/\/www.europesays.com\/fr\/wp-json\/wp\/v2\/posts\/136877\/revisions"}],"wp:featuredmedia":[{"embeddable":true,"href":"https:\/\/www.europesays.com\/fr\/wp-json\/wp\/v2\/media\/136878"}],"wp:attachment":[{"href":"https:\/\/www.europesays.com\/fr\/wp-json\/wp\/v2\/media?parent=136877"}],"wp:term":[{"taxonomy":"category","embeddable":true,"href":"https:\/\/www.europesays.com\/fr\/wp-json\/wp\/v2\/categories?post=136877"},{"taxonomy":"post_tag","embeddable":true,"href":"https:\/\/www.europesays.com\/fr\/wp-json\/wp\/v2\/tags?post=136877"}],"curies":[{"name":"wp","href":"https:\/\/api.w.org\/{rel}","templated":true}]}}