{"id":136887,"date":"2025-05-29T13:18:09","date_gmt":"2025-05-29T13:18:09","guid":{"rendered":"https:\/\/www.europesays.com\/fr\/136887\/"},"modified":"2025-05-29T13:18:09","modified_gmt":"2025-05-29T13:18:09","slug":"la-tronche-la-piste-cyclable-vers-grenoble-a-nouveau-operationnelle","status":"publish","type":"post","link":"https:\/\/www.europesays.com\/fr\/136887\/","title":{"rendered":"La Tronche. La piste cyclable vers Grenoble \u00e0 nouveau op\u00e9rationnelle"},"content":{"rendered":"<p>La Ville de La Tronche, en partenariat avec la Ville de Grenoble et la M\u00e9tropole, a inaugur\u00e9 ce mardi 27\u00a0mai un tron\u00e7on cyclable majeur sur le quai Charpenay, au bord de l\u2019Is\u00e8re. \u00ab\u00a0Ce n\u2019est pas habituel de voir des travaux comme \u00e7a en ville\u00a0\u00bb, souligne un des chefs du projet.<\/p>\n<p>Le chantier s\u2019inscrit en effet dans un contexte particulier\u00a0: la r\u00e9habilitation des berges de l\u2019Is\u00e8re, fragilis\u00e9es par des glissements de terrain et des effondrements survenus en 2019. Ces catastrophes naturelles avaient interrompu la continuit\u00e9 cyclable entre Grenoble et Meylan. La priorit\u00e9 a \u00e9t\u00e9 donn\u00e9e \u00e0 la r\u00e9ouverture de la piste cyclable, maintenant bidirectionnelle, \u00e0 l\u2019am\u00e9lioration des cheminements pi\u00e9tons et \u00e0 la v\u00e9g\u00e9talisation des berges tout en maintenant l\u2019acc\u00e8s direct au CHU de Grenoble et la circulation en double sens.<\/p>\n<p>  Ce tron\u00e7on n\u2019est qu\u2019une \u00e9tape<\/p>\n<p>Gilles Namur, adjoint \u00e0 la Ville de Grenoble, pr\u00e9sent lors de l\u2019inauguration affirme\u00a0: \u00ab\u00a0Le premier objectif de cette piste cyclable, c\u2019est de mettre en s\u00e9curit\u00e9 celles et ceux qui les utilisent, et donc de permettre \u00e0 tous de choisir le v\u00e9lo comme mode de d\u00e9placement quand c\u2019est possible.\u00a0\u00bb<\/p>\n<p>Le r\u00e9am\u00e9nagement des berges a permis d\u2019am\u00e9liorer la desserte en transports en commun, avec la cr\u00e9ation d\u2019un nouvel arr\u00eat de bus au niveau du p\u00f4le neurosciences. Ce tron\u00e7on n\u2019est qu\u2019une \u00e9tape\u00a0: d\u2019autres chantiers sont d\u00e9j\u00e0 envisag\u00e9s, notamment la prolongation de la Chrono-v\u00e9lo vers la gare de Grenoble et la Presqu\u2019\u00eele, afin de d\u00e9sengorger l\u2019hypercentre et proposer aux usagers un r\u00e9seau cyclable continu et s\u00e9curis\u00e9.<\/p>\n","protected":false},"excerpt":{"rendered":"La Ville de La Tronche, en partenariat avec la Ville de Grenoble et la M\u00e9tropole, a inaugur\u00e9 ce&hellip;\n","protected":false},"author":2,"featured_media":136888,"comment_status":"","ping_status":"","sticky":false,"template":"","format":"standard","meta":{"footnotes":""},"categories":[9566],"tags":[1111,11,2430,3542,112,1777,674,1011,27,2731,12297,9598,12,25,104,2803],"class_list":{"0":"post-136887","1":"post","2":"type-post","3":"status-publish","4":"format-standard","5":"has-post-thumbnail","7":"category-grenoble","8":"tag-actu","9":"tag-actualites","10":"tag-auvergne-rhone-alpes","11":"tag-circulation","12":"tag-edition-grenoble-agglomeration","13":"tag-eu","14":"tag-europe","15":"tag-fr","16":"tag-france","17":"tag-grenoble","18":"tag-la-tronche","19":"tag-meylan-et-autour","20":"tag-news","21":"tag-republique-francaise","22":"tag-societe","23":"tag-transport"},"share_on_mastodon":{"url":"https:\/\/pubeurope.com\/@fr\/114591321494857853","error":""},"_links":{"self":[{"href":"https:\/\/www.europesays.com\/fr\/wp-json\/wp\/v2\/posts\/136887","targetHints":{"allow":["GET"]}}],"collection":[{"href":"https:\/\/www.europesays.com\/fr\/wp-json\/wp\/v2\/posts"}],"about":[{"href":"https:\/\/www.europesays.com\/fr\/wp-json\/wp\/v2\/types\/post"}],"author":[{"embeddable":true,"href":"https:\/\/www.europesays.com\/fr\/wp-json\/wp\/v2\/users\/2"}],"replies":[{"embeddable":true,"href":"https:\/\/www.europesays.com\/fr\/wp-json\/wp\/v2\/comments?post=136887"}],"version-history":[{"count":0,"href":"https:\/\/www.europesays.com\/fr\/wp-json\/wp\/v2\/posts\/136887\/revisions"}],"wp:featuredmedia":[{"embeddable":true,"href":"https:\/\/www.europesays.com\/fr\/wp-json\/wp\/v2\/media\/136888"}],"wp:attachment":[{"href":"https:\/\/www.europesays.com\/fr\/wp-json\/wp\/v2\/media?parent=136887"}],"wp:term":[{"taxonomy":"category","embeddable":true,"href":"https:\/\/www.europesays.com\/fr\/wp-json\/wp\/v2\/categories?post=136887"},{"taxonomy":"post_tag","embeddable":true,"href":"https:\/\/www.europesays.com\/fr\/wp-json\/wp\/v2\/tags?post=136887"}],"curies":[{"name":"wp","href":"https:\/\/api.w.org\/{rel}","templated":true}]}}