{"id":136891,"date":"2025-05-29T13:20:09","date_gmt":"2025-05-29T13:20:09","guid":{"rendered":"https:\/\/www.europesays.com\/fr\/136891\/"},"modified":"2025-05-29T13:20:09","modified_gmt":"2025-05-29T13:20:09","slug":"comment-des-accusations-de-violences-sexuelles-ont-failli-precipiter-la-fin-de-ce-groupe-dultragauche-a-rennes","status":"publish","type":"post","link":"https:\/\/www.europesays.com\/fr\/136891\/","title":{"rendered":"Comment des accusations de violences sexuelles ont failli pr\u00e9cipiter la fin de ce groupe d\u2019ultragauche \u00e0 Rennes"},"content":{"rendered":"<p>\u00ab Tous ces \u00e9tats de faits auraient pu nous amener \u00e0 penser la fin du groupe politique. Mais nous croyons toujours au projet\u2026 \u00bb. \u00c0 Rennes, la D\u00e9fense collective, ce groupe embl\u00e9matique de l\u2019ultragauche rennaise, que <a href=\"https:\/\/www.letelegramme.fr\/ille-et-vilaine\/rennes-35000\/le-conseil-des-ministres-dissout-defco-le-groupe-dextreme-gauche-rennais-6557059.php\" target=\"_blank\" rel=\"noopener\">G\u00e9rald Darmanin, alors ministre de l\u2019Int\u00e9rieur, avait souhait\u00e9 dissoudre<\/a> en 2024, avant que le Conseil d\u2019\u00c9tat <a href=\"https:\/\/www.letelegramme.fr\/ille-et-vilaine\/rennes-35000\/pourquoi-letat-devra-verser-3-000-euros-a-ce-groupe-rennais-dultragauche-6749830.php\" target=\"_blank\" rel=\"noopener\">n\u2019annule<\/a> cette d\u00e9cision, a publi\u00e9, ce mercredi 28 mai 2025, un long communiqu\u00e9 en forme de mea culpa. Et ce, pour annoncer qu\u2019il \u00e9tait en train de se relever d\u2019une grave crise interne.<\/p>\n<p>Il y a quelques jours, Le T\u00e9l\u00e9gramme avait r\u00e9v\u00e9l\u00e9 <a href=\"https:\/\/www.letelegramme.fr\/ille-et-vilaine\/rennes-35000\/son-visage-placarde-dans-rennes-apres-des-accusations-de-violences-sexuelles-cest-quoi-cette-crise-qui-fissure-lultragauche-6821663.php\" target=\"_blank\" rel=\"noopener\">comment des accusations de violences sexuelles<\/a> avaient min\u00e9 le collectif. Aubette, poubelles, cage d\u2019ascenseur, toilettes de bar\u2026 Samedi 17 mai au matin, le centre historique de Rennes s\u2019\u00e9tait en effet r\u00e9veill\u00e9 couvert d\u2019affiches imprim\u00e9es en noir et blanc. Sur ces panneaux, le visage en grand format d\u2019un pilier de la D\u00e9fense collective, ce collectif rennais d\u2019ultragauche<\/p>\n<p>Suspension<\/p>\n<p>Ces accusations de violences sexuelles, issues de r\u00e9unions en non-mixit\u00e9 au sein du collectif, avaient eu des cons\u00e9quences, puisque la \u00ab La D\u00e9fense collective avait annonc\u00e9 sur ses r\u00e9seaux acter \u00bb une p\u00e9riode de suspension \u00bb. Le mouvement rennais devait en outre faire face \u00e0 une autre difficult\u00e9 : \u00ab un hacking, qui n\u2019\u00e9mane ni de la police, ni des fafs (militants d\u2019extr\u00eame droite, NDLR), nous a priv\u00e9s de nos canaux de communication \u00bb.<\/p>\n<blockquote class=\"instagram-media\" data-instgrm-captioned=\"\" data-instgrm-permalink=\"https:\/\/www.instagram.com\/p\/DKNRmXyCas8\/?utm_source=ig_embed&amp;utm_campaign=loading\" data-instgrm-version=\"14\" style=\" background:#FFF; border:0; border-radius:3px; box-shadow:0 0 1px 0 rgba(0,0,0,0.5),0 1px 10px 0 rgba(0,0,0,0.15); margin: 1px; max-width:540px; min-width:326px; padding:0; width:99.375%; width:-webkit-calc(100% - 2px); width:calc(100% - 2px);\"\/>\n<p>Dans le texte publi\u00e9 sur les r\u00e9seaux sociaux ce mercredi, la D\u00e9fense collective annonce avoir \u00ab r\u00e9cup\u00e9r\u00e9 ses canaux de communication \u00bb, et revient sur les accusations qui ont pr\u00e9cipit\u00e9 la crise interne &#8211; elles concerneraient \u00ab une dizaine de femmes \u00bb.<\/p>\n<blockquote><p>Tous ces \u00e9tats de faits auraient pu nous amener \u00e0 penser la fin du groupe politique<\/p><\/blockquote>\n<p>\u00ab Depuis plusieurs ann\u00e9es \u00bb<\/p>\n<p>\u00ab Nous avons eu connaissance de violences sexistes et sexuelles commises par trois membres depuis plusieurs ann\u00e9es \u00bb, reconna\u00eet le collectif. Il annonce \u00e0 la fois une restructuration, la mise en place de r\u00e9f\u00e9rents sur ces questions, mais confirme aussi les mesures de \u00ab suspension \u00bb visant leurs suspects. \u00ab L\u2019un d\u2019entre eux est d\u00e9finitivement exclu fin janvier 2025 \u00bb, rappelle la Def Co, annon\u00e7ant \u00e9galement sans ciller \u00ab l\u2019exclusion de deux autres violeurs \u00bb.<\/p>\n<p>Le groupe regrette son \u00ab incapacit\u00e9 \u00e0 r\u00e9soudre le probl\u00e8me global \u00bb, et l\u2019explique de plusieurs fa\u00e7ons : \u00ab esprit de corps au sein de la D\u00e9fense collective, accusations de volont\u00e9 de destruction du groupe par les personnes t\u00e9moignant contre ses membres, intimidation des victimes \u00bb, mais aussi reconna\u00eet \u00ab la qu\u00eate de pouvoir de certains \u00bb.<\/p>\n<p>Selon les informations du T\u00e9l\u00e9gramme, confirm\u00e9es par le Procureur de la R\u00e9publique de Rennes, aucune plainte n\u2019a \u00e9t\u00e9 d\u00e9pos\u00e9e aupr\u00e8s de la police ou de la gendarmerie dans ce dossier.<\/p>\n<p><script async src=\"\/\/www.instagram.com\/embed.js\"><\/script><\/p>\n","protected":false},"excerpt":{"rendered":"\u00ab Tous ces \u00e9tats de faits auraient pu nous amener \u00e0 penser la fin du groupe politique. Mais&hellip;\n","protected":false},"author":2,"featured_media":136892,"comment_status":"","ping_status":"","sticky":false,"template":"","format":"standard","meta":{"footnotes":""},"categories":[2821],"tags":[1111,11,829,1777,674,1011,27,6312,12,584,25],"class_list":{"0":"post-136891","1":"post","2":"type-post","3":"status-publish","4":"format-standard","5":"has-post-thumbnail","7":"category-rennes","8":"tag-actu","9":"tag-actualites","10":"tag-bretagne","11":"tag-eu","12":"tag-europe","13":"tag-fr","14":"tag-france","15":"tag-la-rennes-politique","16":"tag-news","17":"tag-rennes","18":"tag-republique-francaise"},"share_on_mastodon":{"url":"https:\/\/pubeurope.com\/@fr\/114591329402117614","error":""},"_links":{"self":[{"href":"https:\/\/www.europesays.com\/fr\/wp-json\/wp\/v2\/posts\/136891","targetHints":{"allow":["GET"]}}],"collection":[{"href":"https:\/\/www.europesays.com\/fr\/wp-json\/wp\/v2\/posts"}],"about":[{"href":"https:\/\/www.europesays.com\/fr\/wp-json\/wp\/v2\/types\/post"}],"author":[{"embeddable":true,"href":"https:\/\/www.europesays.com\/fr\/wp-json\/wp\/v2\/users\/2"}],"replies":[{"embeddable":true,"href":"https:\/\/www.europesays.com\/fr\/wp-json\/wp\/v2\/comments?post=136891"}],"version-history":[{"count":0,"href":"https:\/\/www.europesays.com\/fr\/wp-json\/wp\/v2\/posts\/136891\/revisions"}],"wp:featuredmedia":[{"embeddable":true,"href":"https:\/\/www.europesays.com\/fr\/wp-json\/wp\/v2\/media\/136892"}],"wp:attachment":[{"href":"https:\/\/www.europesays.com\/fr\/wp-json\/wp\/v2\/media?parent=136891"}],"wp:term":[{"taxonomy":"category","embeddable":true,"href":"https:\/\/www.europesays.com\/fr\/wp-json\/wp\/v2\/categories?post=136891"},{"taxonomy":"post_tag","embeddable":true,"href":"https:\/\/www.europesays.com\/fr\/wp-json\/wp\/v2\/tags?post=136891"}],"curies":[{"name":"wp","href":"https:\/\/api.w.org\/{rel}","templated":true}]}}