{"id":136893,"date":"2025-05-29T13:21:08","date_gmt":"2025-05-29T13:21:08","guid":{"rendered":"https:\/\/www.europesays.com\/fr\/136893\/"},"modified":"2025-05-29T13:21:08","modified_gmt":"2025-05-29T13:21:08","slug":"voici-les-horaires-et-le-lieu-du-feu-dartifice-en-2025","status":"publish","type":"post","link":"https:\/\/www.europesays.com\/fr\/136893\/","title":{"rendered":"voici les horaires et le lieu du feu d&rsquo;artifice en 2025"},"content":{"rendered":"<p>            Par<br \/>\n        <strong><br \/>\n            <a href=\"https:\/\/actu.fr\/auteur\/ivan-capecchi\" title=\"Consulter tous les articles de Ivan CAPECCHI\" rel=\"nofollow noopener\" target=\"_blank\">Ivan CAPECCHI<\/a><br \/>\n        <\/strong><\/p>\n<p>        Publi\u00e9 le<\/p>\n<p>            29 mai 2025 \u00e0 14h44<br \/>\n        ; mis \u00e0 jour le 29 mai 2025 \u00e0 14h45    <\/p>\n<p>Comme chaque ann\u00e9e, un <strong>spectacle<\/strong> sera propos\u00e9 \u00e0 <strong>Strasbourg<\/strong> \u00e0 l\u2019occasion de la <a href=\"https:\/\/actu.fr\/societe\/le-14-juillet-c-est-la-fete-nationale-en-france-mais-que-celebre-t-on-exactement_61334610.html\" rel=\"nofollow noopener\" target=\"_blank\">f\u00eate nationale du 14 juillet<\/a>.<\/p>\n<p class=\" wall-content\"><strong>Lieu<\/strong>, <strong>horaires<\/strong>, <strong>programme<\/strong>\u2026 voici ce qu\u2019il faut savoir de cette <strong>\u00e9dition 2025<\/strong>.<\/p>\n<p>Concert et feu d\u2019artifice au programme<\/p>\n<p class=\" wall-content\">La f\u00eate d\u00e9butera <strong>\u00e0 partir de 20h<\/strong> avec un <a href=\"https:\/\/actu.fr\/loisirs-culture\/concert\" rel=\"nofollow noopener\" target=\"_blank\">concert<\/a> au niveau de la <strong>place du Mar\u00e9chal de Lattre de Tassigny<\/strong>, agr\u00e9ment\u00e9 d\u2019un <strong>bal populaire<\/strong>.<\/p>\n<p class=\" wall-content\">Ensuite, place au traditionnel <strong>feu d\u2019artifice<\/strong>. Il sera tir\u00e9 \u00e0 <strong>22h30<\/strong> depuis le <strong>parc de l\u2019Etoile<\/strong> et devrait \u00eatre accompagn\u00e9 de <strong>s\u00e9quences de drones<\/strong>.<\/p>\n<p>Vid\u00e9os : en ce moment sur ActuSous r\u00e9serve d\u2019une m\u00e9t\u00e9o favorable<\/p>\n<p class=\" wall-content\">\u00ab\u00a0Il y a un vrai risque climatique li\u00e9 aux spectacles de drones et de feu d\u2019artifice\u00a0\u00bb, rappelle Guillaume Libsig, adjoint \u00e0 la maire de Strasbourg en charge notamment des animations urbaines. \u00ab\u00a0L\u2019id\u00e9e est que, quelle que soit la <a href=\"https:\/\/actu.fr\/meteo\" rel=\"nofollow noopener\" target=\"_blank\">m\u00e9t\u00e9o<\/a>, on puisse proposer une offre, \u00e0 savoir : soit le drone, soit le feu, soit, dans un contexte id\u00e9al comme l\u2019an dernier, les deux qui s\u2019encha\u00eenent\u00a0\u00bb, ajoute-t-il.<\/p>\n<p class=\" wall-content\">Par ailleurs, un oiseleur devrait \u00eatre appel\u00e9 le jour J afin <strong>d\u2019effaroucher les oiseaux de la zone<\/strong> et <strong>minimiser l\u2019impact sur la biodiversit\u00e9<\/strong>.<\/p>\n<p class=\" wall-content\">Suivez toute l\u2019actualit\u00e9 de vos villes et m\u00e9dias favoris en vous inscrivant \u00e0 <a href=\"https:\/\/moncompte.actu.fr\" title=\"D\u00e9couvez Mon Actu\" rel=\"nofollow noopener\" data-trk=\"{&quot;cta&quot;:{&quot;action&quot;:&quot;https:\\\/\\\/moncompte.actu.fr&quot;,&quot;category&quot;:&quot;mon compte&quot;,&quot;from&quot;:&quot;article footer&quot;,&quot;name&quot;:&quot;Mon actu&quot;,&quot;type&quot;:&quot;cta&quot;}}\" target=\"_blank\">Mon Actu<\/a>.<\/p>\n","protected":false},"excerpt":{"rendered":"Par Ivan CAPECCHI Publi\u00e9 le 29 mai 2025 \u00e0 14h44 ; mis \u00e0 jour le 29 mai 2025&hellip;\n","protected":false},"author":2,"featured_media":136894,"comment_status":"","ping_status":"","sticky":false,"template":"","format":"standard","meta":{"footnotes":""},"categories":[2820],"tags":[1111,11,1063,1697,1777,674,16701,1011,27,775,1652,12,25,640],"class_list":{"0":"post-136893","1":"post","2":"type-post","3":"status-publish","4":"format-standard","5":"has-post-thumbnail","7":"category-strasbourg","8":"tag-actu","9":"tag-actualites","10":"tag-animations","11":"tag-concert","12":"tag-eu","13":"tag-europe","14":"tag-feu-dartifice","15":"tag-fr","16":"tag-france","17":"tag-grand-est","18":"tag-loisirs-culture","19":"tag-news","20":"tag-republique-francaise","21":"tag-strasbourg"},"share_on_mastodon":{"url":"https:\/\/pubeurope.com\/@fr\/114591333302197037","error":""},"_links":{"self":[{"href":"https:\/\/www.europesays.com\/fr\/wp-json\/wp\/v2\/posts\/136893","targetHints":{"allow":["GET"]}}],"collection":[{"href":"https:\/\/www.europesays.com\/fr\/wp-json\/wp\/v2\/posts"}],"about":[{"href":"https:\/\/www.europesays.com\/fr\/wp-json\/wp\/v2\/types\/post"}],"author":[{"embeddable":true,"href":"https:\/\/www.europesays.com\/fr\/wp-json\/wp\/v2\/users\/2"}],"replies":[{"embeddable":true,"href":"https:\/\/www.europesays.com\/fr\/wp-json\/wp\/v2\/comments?post=136893"}],"version-history":[{"count":0,"href":"https:\/\/www.europesays.com\/fr\/wp-json\/wp\/v2\/posts\/136893\/revisions"}],"wp:featuredmedia":[{"embeddable":true,"href":"https:\/\/www.europesays.com\/fr\/wp-json\/wp\/v2\/media\/136894"}],"wp:attachment":[{"href":"https:\/\/www.europesays.com\/fr\/wp-json\/wp\/v2\/media?parent=136893"}],"wp:term":[{"taxonomy":"category","embeddable":true,"href":"https:\/\/www.europesays.com\/fr\/wp-json\/wp\/v2\/categories?post=136893"},{"taxonomy":"post_tag","embeddable":true,"href":"https:\/\/www.europesays.com\/fr\/wp-json\/wp\/v2\/tags?post=136893"}],"curies":[{"name":"wp","href":"https:\/\/api.w.org\/{rel}","templated":true}]}}