{"id":136895,"date":"2025-05-29T13:22:09","date_gmt":"2025-05-29T13:22:09","guid":{"rendered":"https:\/\/www.europesays.com\/fr\/136895\/"},"modified":"2025-05-29T13:22:09","modified_gmt":"2025-05-29T13:22:09","slug":"mercato-khalil-fayad-vers-strasbourg-avant-un-pret-au-montpellier-herault","status":"publish","type":"post","link":"https:\/\/www.europesays.com\/fr\/136895\/","title":{"rendered":"[Mercato] Khalil Fayad vers Strasbourg avant un pr\u00eat au Montpellier H\u00e9rault ?"},"content":{"rendered":"<p>C\u2019est en tout cas une id\u00e9e qui fait son chemin, d\u2019apr\u00e8s Mohamed Toubache-Ter. Sur Twitter, ce-dernier affirme en effet que Strasbourg et le MHSC discutent au sujet de cette possibilit\u00e9, sur la base d\u2019un transfert de l\u2019ordre de 3,5M\u20ac assortie d\u2019un contrat longue dur\u00e9e pour Khalil Fayad, qui serait donc pr\u00eat\u00e9 dans la foul\u00e9e au sein de son club formateur. Un mouvement potentiel facilit\u00e9 par les bonnes relations liant les deux clubs.<\/p>\n<blockquote class=\"twitter-tweet\" data-width=\"550\" data-dnt=\"true\">\n<p lang=\"fr\" dir=\"ltr\">Id\u00e9e d\u2019un montage Strasbourg-Montpellier sur la base d\u2019un transfert (3,5-4M\u20ac) pour un contrat longue dur\u00e9e avec pr\u00eat ds la foul\u00e9e \u00e0 Montpellier est sur la table !! <\/p>\n<p>Les bons comptes font les bons amis. <\/p>\n<p>Brest observe avec attention le milieu de terrain. <a href=\"https:\/\/twitter.com\/hashtag\/RCSA?src=hash&amp;ref_src=twsrc%5Etfw\" rel=\"nofollow noopener\" target=\"_blank\">#RCSA<\/a> <a href=\"https:\/\/twitter.com\/hashtag\/MHSC?src=hash&amp;ref_src=twsrc%5Etfw\" rel=\"nofollow noopener\" target=\"_blank\">#MHSC<\/a> <a href=\"https:\/\/twitter.com\/hashtag\/SB29?src=hash&amp;ref_src=twsrc%5Etfw\" rel=\"nofollow noopener\" target=\"_blank\">#SB29<\/a> <a href=\"https:\/\/t.co\/19guiNw94x\" rel=\"nofollow\">https:\/\/t.co\/19guiNw94x<\/a><\/p>\n<p>&mdash; Mohamed TOUBACHE-TER (@MohamedTERParis) <a href=\"https:\/\/twitter.com\/MohamedTERParis\/status\/1927753510042394735?ref_src=twsrc%5Etfw\" rel=\"nofollow noopener\" target=\"_blank\">May 28, 2025<\/a><\/p><\/blockquote>\n<p><script async src=\"https:\/\/platform.twitter.com\/widgets.js\" charset=\"utf-8\"><\/script><\/p>\n<p>D\u2019apr\u00e8s la m\u00eame source, le Stade Brestois serait attentif \u00e0 la situation du franco-marocain, d\u00e9j\u00e0 courtis\u00e9 la saison pass\u00e9e par le club alsacien.<\/p>\n<p>  <script async src=\"https:\/\/platform.twitter.com\/widgets.js\" charset=\"utf-8\"><\/script><\/p>\n","protected":false},"excerpt":{"rendered":"C\u2019est en tout cas une id\u00e9e qui fait son chemin, d\u2019apr\u00e8s Mohamed Toubache-Ter. Sur Twitter, ce-dernier affirme en&hellip;\n","protected":false},"author":2,"featured_media":136896,"comment_status":"","ping_status":"","sticky":false,"template":"","format":"standard","meta":{"footnotes":""},"categories":[2820],"tags":[328,1111,11,1777,674,1011,27,775,1434,12,25,640],"class_list":{"0":"post-136895","1":"post","2":"type-post","3":"status-publish","4":"format-standard","5":"has-post-thumbnail","7":"category-strasbourg","8":"tag-a-la-une","9":"tag-actu","10":"tag-actualites","11":"tag-eu","12":"tag-europe","13":"tag-fr","14":"tag-france","15":"tag-grand-est","16":"tag-mercato","17":"tag-news","18":"tag-republique-francaise","19":"tag-strasbourg"},"share_on_mastodon":{"url":"https:\/\/pubeurope.com\/@fr\/114591337277856392","error":""},"_links":{"self":[{"href":"https:\/\/www.europesays.com\/fr\/wp-json\/wp\/v2\/posts\/136895","targetHints":{"allow":["GET"]}}],"collection":[{"href":"https:\/\/www.europesays.com\/fr\/wp-json\/wp\/v2\/posts"}],"about":[{"href":"https:\/\/www.europesays.com\/fr\/wp-json\/wp\/v2\/types\/post"}],"author":[{"embeddable":true,"href":"https:\/\/www.europesays.com\/fr\/wp-json\/wp\/v2\/users\/2"}],"replies":[{"embeddable":true,"href":"https:\/\/www.europesays.com\/fr\/wp-json\/wp\/v2\/comments?post=136895"}],"version-history":[{"count":0,"href":"https:\/\/www.europesays.com\/fr\/wp-json\/wp\/v2\/posts\/136895\/revisions"}],"wp:featuredmedia":[{"embeddable":true,"href":"https:\/\/www.europesays.com\/fr\/wp-json\/wp\/v2\/media\/136896"}],"wp:attachment":[{"href":"https:\/\/www.europesays.com\/fr\/wp-json\/wp\/v2\/media?parent=136895"}],"wp:term":[{"taxonomy":"category","embeddable":true,"href":"https:\/\/www.europesays.com\/fr\/wp-json\/wp\/v2\/categories?post=136895"},{"taxonomy":"post_tag","embeddable":true,"href":"https:\/\/www.europesays.com\/fr\/wp-json\/wp\/v2\/tags?post=136895"}],"curies":[{"name":"wp","href":"https:\/\/api.w.org\/{rel}","templated":true}]}}