{"id":13690,"date":"2025-04-09T22:31:09","date_gmt":"2025-04-09T22:31:09","guid":{"rendered":"https:\/\/www.europesays.com\/fr\/13690\/"},"modified":"2025-04-09T22:31:09","modified_gmt":"2025-04-09T22:31:09","slug":"thomas-pesquet-a-un-nouveau-job-la-fin-de-sa-carriere-dastronaute","status":"publish","type":"post","link":"https:\/\/www.europesays.com\/fr\/13690\/","title":{"rendered":"Thomas Pesquet a un nouveau job, la fin de sa carri\u00e8re d&rsquo;astronaute ?"},"content":{"rendered":"<p>\u00catre astronaute est le r\u00eave d\u2019une vie. Il faut suivre une s\u00e9lection extr\u00eamement rigoureuse pour acc\u00e9der \u00e0 ce niveau et seuls quelques rares \u00e9lus ont le droit \u00e0 un s\u00e9jour dans l\u2019espace. De fa\u00e7on encore plus exceptionnelle, certains ont la chance de voler plusieurs fois. Certains peuvent m\u00eame gagner en responsabilit\u00e9, en \u00e9tant nomm\u00e9 commandant de l\u2019ISS par exemple.<\/p>\n<p>C\u2019est exactement ce qui est arriv\u00e9 \u00e0 Thomas Pesquet. Originaire de Normandie, il a voyag\u00e9 \u00e0 deux reprises dans l\u2019espace. Lors de sa premi\u00e8re mission, Proxima, en 2016, il \u00e9merveille les r\u00e9seaux sociaux et notamment Twitter avec des clich\u00e9s de la Terre vu du ciel.<\/p>\n<p>Thomas Pesquet devient une star nationale. En plus de ce r\u00f4le de communicant, l\u2019astronaute n\u2019oublie pas ses missions principales. En 2021 il a la chance de voler \u00e0 nouveau, avec la capsule Crew Dragon de SpaceX. Il sera m\u00eame, l\u2019espace de quelques semaines, <a href=\"https:\/\/www.presse-citron.net\/thomas-pesquet-est-le-premier-francais-commandant-de-liss\/\" rel=\"false nofollow noopener\" target=\"_blank\">le \u00ab\u00a0ma\u00eetre \u00e0 bord\u00a0\u00bb de l\u2019ISS<\/a>, premier fran\u00e7ais commandant de la station spatiale internationale.<\/p>\n<p> Une r\u00e9orientation, logique <\/p>\n<p>Mais toutes les bonnes choses ont une fin, et apr\u00e8s deux missions dans l\u2019ISS, l\u2019heure de Thomas Pesquet semble pass\u00e9e. Si le monde spatial est rempli de surprises, l\u2019agenda de l\u2019astronaute fran\u00e7ais n\u2019est plus le m\u00eame depuis quelques mois.<\/p>\n<p>En effet, ce mercredi 2 avril, l\u2019entreprise spatiale priv\u00e9e Novespace a annonc\u00e9 l\u2019arriv\u00e9e de Thomas Pesquet en tant que directeur g\u00e9n\u00e9ral. Cette filiale du CNES, sp\u00e9cialis\u00e9e dans les vols 0G, s\u2019est donc renforc\u00e9e avec la venue du plus connu des astronautes tricolores.<\/p>\n<p>Il faut dire qu\u2019il dispose d\u2019une expertise rare. Il a lui-m\u00eame \u00e9t\u00e9 pilote sur de nombreuses \u00ab\u00a0paraboles\u00a0\u00bb, lui donnant une expertise ind\u00e9niable dans ce domaine. Il rejoint ainsi Thierry Gharib, pr\u00e9sident de Novespace, mais surtout son confr\u00e8re Jean-Fran\u00e7ois Clervoy, astronaute fran\u00e7ais du d\u00e9but des ann\u00e9es 2000, tr\u00e8s impliqu\u00e9 dans les vols 0G.<\/p>\n<p> La fin d\u2019une carri\u00e8re d\u2019astronaute\u00a0? <\/p>\n<p>L\u2019arriv\u00e9e de Thomas Pesquet en tant que DG de Novespace pose \u00e9videmment des questions. Est-ce que l\u2019astronaute le plus connu de France en a fini avec les vols spatiaux\u00a0? R\u00e9ponse courte\u00a0: non. Cela ne signifie pas qu\u2019il renonce \u00e0 sa carri\u00e8re.<\/p>\n<p>Conscient d\u2019avoir fait le tour de l\u2019ISS, avec d\u00e9j\u00e0 deux vols \u00e0 son actif, il ne sera plus de partie (sauf nomination surprise) d\u2019ici \u00e0 2035 et la fin de la station. Mais le nom du normand circule d\u00e9j\u00e0 parmi les pr\u00e9tendants \u00e0 un si\u00e8ge vers Gateway.<\/p>\n<p>Cette station spatiale internationale 2.0, d\u00e9velopp\u00e9e par la NASA, devrait se situer en orbite\u2026 autour de la Lune\u00a0! L\u2019astronaute fran\u00e7ais pourrait donc prendre un si\u00e8ge pour une mission vers notre satellite. Il serait alors le premier fran\u00e7ais \u00e0 quitter l\u2019orbite de notre plan\u00e8te.<\/p>\n<p>D\u2019ici l\u00e0, sa cons\u0153ur Sophie Adenot, astronaute de l\u2019ESA de la promotion 2022, pourrait bien voler. Elle devrait \u00eatre la derni\u00e8re fran\u00e7aise \u00e0 prendre la direction de l\u2019ISS, tant que la station spatiale internationale est toujours maintenue en orbite par les diff\u00e9rentes agences gouvernementales.<\/p>\n<blockquote>\n<p class=\"text-base text-neutral-700 dark:text-neutral-300\">\ud83d\udccd Pour ne manquer aucune actualit\u00e9 de Presse-citron, suivez-nous sur <a href=\"https:\/\/news.google.com\/publications\/CAAqBggKMIPiNTC70wU?hl=fr&amp;gl=FR&amp;ceid=FR%3Afr\" target=\"_blank\" rel=\"nofollow noopener\">Google Actualit\u00e9s<\/a> et <a href=\"https:\/\/whatsapp.com\/channel\/0029VaCkGuz4NViitBXbEr0b\" target=\"_blank\" rel=\"nofollow noopener\">WhatsApp<\/a>.<\/p>\n<\/blockquote>\n","protected":false},"excerpt":{"rendered":"\u00catre astronaute est le r\u00eave d\u2019une vie. Il faut suivre une s\u00e9lection extr\u00eamement rigoureuse pour acc\u00e9der \u00e0 ce&hellip;\n","protected":false},"author":2,"featured_media":13691,"comment_status":"","ping_status":"","sticky":false,"template":"","format":"standard","meta":{"footnotes":""},"categories":[7],"tags":[386,1011,27,43,40,41,39,42,44],"class_list":{"0":"post-13690","1":"post","2":"type-post","3":"status-publish","4":"format-standard","5":"has-post-thumbnail","7":"category-sciences-et-technologies","8":"tag-espace","9":"tag-fr","10":"tag-france","11":"tag-science","12":"tag-science-and-technology","13":"tag-sciences","14":"tag-sciences-et-technologies","15":"tag-technologies","16":"tag-technology"},"share_on_mastodon":{"url":"https:\/\/pubeurope.com\/@fr\/114310380449613715","error":""},"_links":{"self":[{"href":"https:\/\/www.europesays.com\/fr\/wp-json\/wp\/v2\/posts\/13690","targetHints":{"allow":["GET"]}}],"collection":[{"href":"https:\/\/www.europesays.com\/fr\/wp-json\/wp\/v2\/posts"}],"about":[{"href":"https:\/\/www.europesays.com\/fr\/wp-json\/wp\/v2\/types\/post"}],"author":[{"embeddable":true,"href":"https:\/\/www.europesays.com\/fr\/wp-json\/wp\/v2\/users\/2"}],"replies":[{"embeddable":true,"href":"https:\/\/www.europesays.com\/fr\/wp-json\/wp\/v2\/comments?post=13690"}],"version-history":[{"count":0,"href":"https:\/\/www.europesays.com\/fr\/wp-json\/wp\/v2\/posts\/13690\/revisions"}],"wp:featuredmedia":[{"embeddable":true,"href":"https:\/\/www.europesays.com\/fr\/wp-json\/wp\/v2\/media\/13691"}],"wp:attachment":[{"href":"https:\/\/www.europesays.com\/fr\/wp-json\/wp\/v2\/media?parent=13690"}],"wp:term":[{"taxonomy":"category","embeddable":true,"href":"https:\/\/www.europesays.com\/fr\/wp-json\/wp\/v2\/categories?post=13690"},{"taxonomy":"post_tag","embeddable":true,"href":"https:\/\/www.europesays.com\/fr\/wp-json\/wp\/v2\/tags?post=13690"}],"curies":[{"name":"wp","href":"https:\/\/api.w.org\/{rel}","templated":true}]}}