{"id":136908,"date":"2025-05-29T13:28:09","date_gmt":"2025-05-29T13:28:09","guid":{"rendered":"https:\/\/www.europesays.com\/fr\/136908\/"},"modified":"2025-05-29T13:28:09","modified_gmt":"2025-05-29T13:28:09","slug":"une-creatrice-de-mode-lance-un-appel-a-laide-apres-detre-fait-derober-pour-40-000-euros-de-corsets-dans-un-tgv","status":"publish","type":"post","link":"https:\/\/www.europesays.com\/fr\/136908\/","title":{"rendered":"Une cr\u00e9atrice de mode lance un appel \u00e0 l\u2019aide apr\u00e8s d\u2019\u00eatre fait d\u00e9rober pour 40.000 euros de corsets dans un TGV"},"content":{"rendered":"<p>Une <a data-i13n=\"cpos:1;pos:1\" href=\"https:\/\/www.20minutes.fr\/tempo\/style\/4145817-20250328-creatrice-mode-trouve-solution-debarrasser-definitivement-ex?at_medium=RSS%20feed&amp;at_campaign=ynews&amp;utm_source=yahoo&amp;utm_medium=rss&amp;utm_campaign=news_feed&amp;utm_content=in_article_link\" rel=\"nofollow noopener\" target=\"_blank\" data-ylk=\"slk:cr\u00e9atrice de mode;cpos:1;pos:1;elm:context_link;itc:0;sec:content-canvas\" class=\"link \">cr\u00e9atrice de mode<\/a> girondine a lanc\u00e9 en d\u00e9but de semaine <a data-i13n=\"cpos:2;pos:1\" href=\"https:\/\/www.instagram.com\/marquyse.corset\/?hl=fr&amp;at_medium=RSS%20feed&amp;at_campaign=ynews&amp;utm_source=yahoo&amp;utm_medium=rss&amp;utm_campaign=news_feed&amp;utm_content=in_article_link\" rel=\"nofollow noopener\" target=\"_blank\" data-ylk=\"slk:un appel \u00e0 l\u2019aide;cpos:2;pos:1;elm:context_link;itc:0;sec:content-canvas\" class=\"link \">un appel \u00e0 l\u2019aide<\/a> sur les <a data-i13n=\"cpos:3;pos:1\" href=\"https:\/\/www.20minutes.fr\/dossier\/reseaux_sociaux?at_medium=RSS%20feed&amp;at_campaign=ynews&amp;utm_source=yahoo&amp;utm_medium=rss&amp;utm_campaign=news_feed&amp;utm_content=in_article_link\" rel=\"nofollow noopener\" target=\"_blank\" data-ylk=\"slk:r\u00e9seaux sociaux;cpos:3;pos:1;elm:context_link;itc:0;sec:content-canvas\" class=\"link \">r\u00e9seaux sociaux<\/a>. Vanessa Lauriola y explique <a data-i13n=\"cpos:4;pos:1\" href=\"https:\/\/www.20minutes.fr\/faits_divers\/4155871-20250528-reunion-fait-afficher-reseaux-apres-vol-720-euros-champagne-superette?at_medium=RSS%20feed&amp;at_campaign=ynews&amp;utm_source=yahoo&amp;utm_medium=rss&amp;utm_campaign=news_feed&amp;utm_content=in_article_link\" rel=\"nofollow noopener\" target=\"_blank\" data-ylk=\"slk:s\u2019\u00eatre fait d\u00e9rober;cpos:4;pos:1;elm:context_link;itc:0;sec:content-canvas\" class=\"link \">s\u2019\u00eatre fait d\u00e9rober<\/a>, dans un <a data-i13n=\"cpos:5;pos:1\" href=\"https:\/\/www.20minutes.fr\/dossier\/tgv?at_medium=RSS%20feed&amp;at_campaign=ynews&amp;utm_source=yahoo&amp;utm_medium=rss&amp;utm_campaign=news_feed&amp;utm_content=in_article_link\" rel=\"nofollow noopener\" target=\"_blank\" data-ylk=\"slk:TGV,;cpos:5;pos:1;elm:context_link;itc:0;sec:content-canvas\" class=\"link \">TGV,<\/a> une valise violette dans laquelle se trouvait une trentaine de corsets, des pi\u00e8ces uniques, comme un corset en cuir de raisin, ou un autre recouvert de cristaux Swarovski, <a data-i13n=\"cpos:6;pos:1\" href=\"https:\/\/www.francebleu.fr\/infos\/insolite\/une-creatrice-de-mode-girondine-se-fait-voler-pour-40-000-euros-de-corsets-dans-un-tgv-bordeaux-paris-5102561?at_medium=RSS%20feed&amp;at_campaign=ynews&amp;utm_source=yahoo&amp;utm_medium=rss&amp;utm_campaign=news_feed&amp;utm_content=in_article_link\" rel=\"nofollow noopener\" target=\"_blank\" data-ylk=\"slk:pr\u00e9cise Ici Gironde;cpos:6;pos:1;elm:context_link;itc:0;sec:content-canvas\" class=\"link \">pr\u00e9cise Ici Gironde<\/a>. La valeur est estim\u00e9e \u00e0 40.000 euros.<\/p>\n<p>Le vol a eu lieu jeudi 22 mai, dans le TGV <a data-i13n=\"cpos:7;pos:1\" href=\"https:\/\/www.20minutes.fr\/bordeaux\/?at_medium=RSS%20feed&amp;at_campaign=ynews&amp;utm_source=yahoo&amp;utm_medium=rss&amp;utm_campaign=news_feed&amp;utm_content=in_article_link\" rel=\"nofollow noopener\" target=\"_blank\" data-ylk=\"slk:Bordeaux;cpos:7;pos:1;elm:context_link;itc:0;sec:content-canvas\" class=\"link \">Bordeaux<\/a>-Paris. C\u2019est en descendant \u00e0 la gare Montparnasse que la corseti\u00e8re s\u2019est rendue compte avec stupeur que sa valise, qui renfermait 15 ans de cr\u00e9ations, avait disparu. En demandant autour d\u2019elle si quelqu\u2019un avait vu cette valise, un t\u00e9moin a livr\u00e9 que quelqu\u2019un serait descendu avec, en gare d\u2019Angoul\u00eame ou de Poitiers.<\/p>\n<p>Appel \u00e0 la vigilance sur les sites de revente<\/p>\n<p>Vanessa Lauriola ne croit pas \u00e0 un accident, puisque la valise renfermait aussi ses cartes de visite. Elle esp\u00e8re que la <a data-i13n=\"cpos:8;pos:1\" href=\"https:\/\/www.20minutes.fr\/dossier\/videosurveillance?at_medium=RSS%20feed&amp;at_campaign=ynews&amp;utm_source=yahoo&amp;utm_medium=rss&amp;utm_campaign=news_feed&amp;utm_content=in_article_link\" rel=\"nofollow noopener\" target=\"_blank\" data-ylk=\"slk:vid\u00e9osurveillance;cpos:8;pos:1;elm:context_link;itc:0;sec:content-canvas\" class=\"link \">vid\u00e9osurveillance<\/a> dans la gare permettra <a data-i13n=\"cpos:9;pos:1\" href=\"https:\/\/www.leparisien.fr\/faits-divers\/on-ma-vole-15-ans-de-ma-vie-une-creatrice-de-mode-se-fait-derober-40-000-euros-de-corsets-dans-un-tgv-bordeaux-paris-29-05-2025-RV2I6FOKQNHCHHUMKQVWBTTU4Y.php?at_medium=RSS%20feed&amp;at_campaign=ynews&amp;utm_source=yahoo&amp;utm_medium=rss&amp;utm_campaign=news_feed&amp;utm_content=in_article_link\" rel=\"nofollow noopener\" target=\"_blank\" data-ylk=\"slk:de faire avancer l\u2019enqu\u00eate;cpos:9;pos:1;elm:context_link;itc:0;sec:content-canvas\" class=\"link \">de faire avancer l\u2019enqu\u00eate<\/a>, ajoute Le Parisien.<\/p>\n<p>Apr\u00e8s avoir d\u00e9pos\u00e9 plainte, elle demande \u00e9galement aux internautes d\u2019\u00eatre vigilants, et de lui signaler l\u2019\u00e9ventuelle apparition de ses cr\u00e9ations sur des sites de revente en ligne.<\/p>\n<p><a data-i13n=\"cpos:10;pos:1\" href=\"https:\/\/www.20minutes.fr\/societe\/4155999-20250529-bordeaux-creatrice-mode-lance-appel-aide-apres-etre-fait-derober-40-000-euros-corsets-tgv?at_medium=RSS%20feed&amp;at_campaign=ynews&amp;utm_source=yahoo&amp;utm_medium=rss&amp;utm_campaign=news_feed&amp;utm_content=read_more_link\" rel=\"nofollow noopener\" target=\"_blank\" data-ylk=\"slk:Lire la suite sur 20minutes;cpos:10;pos:1;elm:context_link;itc:0;sec:content-canvas\" class=\"link \">Lire la suite sur 20minutes<\/a><\/p>\n<p>\u00c0 lire aussi :<br \/><a data-i13n=\"cpos:11;pos:1\" href=\"https:\/\/www.20minutes.fr\/faits_divers\/faits-divers-paris\/4155070-20250523-paris-octogenaire-fait-derober-18-000-euros-bijoux-urgences-hopital-pompidou?at_medium=RSS%20feed&amp;at_campaign=ynews&amp;utm_source=yahoo&amp;utm_medium=rss&amp;utm_campaign=news_feed&amp;utm_content=related_content_link\" rel=\"nofollow noopener\" target=\"_blank\" data-ylk=\"slk:Paris : Une octog\u00e9naire se fait d\u00e9rober 18.000 euros de bijoux aux urgences de l\u2019h\u00f4pital Pompidou;cpos:11;pos:1;elm:context_link;itc:0;sec:content-canvas\" class=\"link \">Paris : Une octog\u00e9naire se fait d\u00e9rober 18.000 euros de bijoux aux urgences de l\u2019h\u00f4pital Pompidou<\/a><br \/><a data-i13n=\"cpos:12;pos:1\" href=\"https:\/\/www.20minutes.fr\/arts-stars\/people\/4106517-20240821-pascal-obispo-lance-appel-aide-reseaux-sociaux-apres-cambriolage?at_medium=RSS%20feed&amp;at_campaign=ynews&amp;utm_source=yahoo&amp;utm_medium=rss&amp;utm_campaign=news_feed&amp;utm_content=related_content_link\" rel=\"nofollow noopener\" target=\"_blank\" data-ylk=\"slk:Pascal Obispo lance un appel \u00e0 l\u2019aide sur les r\u00e9seaux sociaux apr\u00e8s un cambriolage;cpos:12;pos:1;elm:context_link;itc:0;sec:content-canvas\" class=\"link \">Pascal Obispo lance un appel \u00e0 l\u2019aide sur les r\u00e9seaux sociaux apr\u00e8s un cambriolage<\/a><\/p>\n<p><script async src=\"\/\/www.instagram.com\/embed.js\"><\/script><\/p>\n","protected":false},"excerpt":{"rendered":"Une cr\u00e9atrice de mode girondine a lanc\u00e9 en d\u00e9but de semaine un appel \u00e0 l\u2019aide sur les r\u00e9seaux&hellip;\n","protected":false},"author":2,"featured_media":136909,"comment_status":"","ping_status":"","sticky":false,"template":"","format":"standard","meta":{"footnotes":""},"categories":[2817],"tags":[1111,11,1997,26327,1777,674,1011,27,26326,12,2219,25,2214,26325],"class_list":{"0":"post-136908","1":"post","2":"type-post","3":"status-publish","4":"format-standard","5":"has-post-thumbnail","7":"category-bordeaux","8":"tag-actu","9":"tag-actualites","10":"tag-bordeaux","11":"tag-creatrice-de-mode","12":"tag-eu","13":"tag-europe","14":"tag-fr","15":"tag-france","16":"tag-lauriola","17":"tag-news","18":"tag-nouvelle-aquitaine","19":"tag-republique-francaise","20":"tag-tgv","21":"tag-vanessa-lauriola"},"share_on_mastodon":{"url":"https:\/\/pubeurope.com\/@fr\/114591360880330508","error":""},"_links":{"self":[{"href":"https:\/\/www.europesays.com\/fr\/wp-json\/wp\/v2\/posts\/136908","targetHints":{"allow":["GET"]}}],"collection":[{"href":"https:\/\/www.europesays.com\/fr\/wp-json\/wp\/v2\/posts"}],"about":[{"href":"https:\/\/www.europesays.com\/fr\/wp-json\/wp\/v2\/types\/post"}],"author":[{"embeddable":true,"href":"https:\/\/www.europesays.com\/fr\/wp-json\/wp\/v2\/users\/2"}],"replies":[{"embeddable":true,"href":"https:\/\/www.europesays.com\/fr\/wp-json\/wp\/v2\/comments?post=136908"}],"version-history":[{"count":0,"href":"https:\/\/www.europesays.com\/fr\/wp-json\/wp\/v2\/posts\/136908\/revisions"}],"wp:featuredmedia":[{"embeddable":true,"href":"https:\/\/www.europesays.com\/fr\/wp-json\/wp\/v2\/media\/136909"}],"wp:attachment":[{"href":"https:\/\/www.europesays.com\/fr\/wp-json\/wp\/v2\/media?parent=136908"}],"wp:term":[{"taxonomy":"category","embeddable":true,"href":"https:\/\/www.europesays.com\/fr\/wp-json\/wp\/v2\/categories?post=136908"},{"taxonomy":"post_tag","embeddable":true,"href":"https:\/\/www.europesays.com\/fr\/wp-json\/wp\/v2\/tags?post=136908"}],"curies":[{"name":"wp","href":"https:\/\/api.w.org\/{rel}","templated":true}]}}