{"id":136915,"date":"2025-05-29T13:35:09","date_gmt":"2025-05-29T13:35:09","guid":{"rendered":"https:\/\/www.europesays.com\/fr\/136915\/"},"modified":"2025-05-29T13:35:09","modified_gmt":"2025-05-29T13:35:09","slug":"le-centre-ville-de-vernaison-prochainement-renove","status":"publish","type":"post","link":"https:\/\/www.europesays.com\/fr\/136915\/","title":{"rendered":"le centre-ville de Vernaison prochainement r\u00e9nov\u00e9"},"content":{"rendered":"<p>Perspective de la future place du 11 Novembre 1918 et du 8 Mai 1945. \u00a9M\u00e9tropole de Lyon<\/p>\n<p itemprop=\"description\"><strong>La M\u00e9tropole de Lyon a annonc\u00e9 le d\u00e9but de travaux de r\u00e9am\u00e9nagement de la place centrale de Vernaison pour l\u2019automne prochain.<\/strong><\/p>\n<p>Toujours plus de vert \u00e0 Lyon et son agglom\u00e9ration.<\/p>\n<p>La M\u00e9tropole de Lyon a publi\u00e9 un communiqu\u00e9 pour annoncer le projet de r\u00e9novation du centre-ville de Vernaison et plus pr\u00e9cis\u00e9ment de la place du 11 Novembre 1918 et du 8 Mai 1945.<\/p>\n<p>L\u2019objectif derri\u00e8re ce projet est de conserver les 48 places de stationnement en zone bleue tout en apportant plus de vert \u00e0 la place. Une fontaine, des sanitaires publics, des espaces de repos et des espaces verts sont au programme pour rendre l\u2019endroit plus agr\u00e9able et plus accessible aux pi\u00e9tons, PMR et cyclistes. Ces derniers disposeront d\u2019ailleurs d\u2019arceaux pour garer leur bicycle.<\/p>\n<p>\u00ab\u00a0L\u2019am\u00e9lioration de la nature en ville r\u00e9pond \u00e0 deux enjeux climatiques : lutter contre les \u00eelots de chaleur et pr\u00e9venir les risques d\u2019inondation et de pollution par une meilleure infiltration des eaux pluviales\u00a0\u00bb, peut-on lire dans le communiqu\u00e9 de la collectivit\u00e9.<\/p>\n<p>Au total, les travaux de transformation de la place vont co\u00fbter 579 925 euros \u00e0 la M\u00e9tropole de Lyon, dont 410 124 euros dans le cadre du budget Projet de territoire. \u00ab\u00a0Une nouvelle subvention de 40 000\u20ac a \u00e9t\u00e9 vot\u00e9e en Commission permanente afin de compl\u00e9ter les am\u00e9nagements futurs, \u00e0 savoir l\u2019installation d\u2019une fontaine et de sanitaires publics, des \u00e9quipements relevant des comp\u00e9tences de la commune\u00a0\u00bb, ajoute la M\u00e9tropole.<\/p>\n<p>Le d\u00e9but des travaux est pr\u00e9vu pour l\u2019automne 2025, avec une livraison en novembre.<\/p>\n","protected":false},"excerpt":{"rendered":"Perspective de la future place du 11 Novembre 1918 et du 8 Mai 1945. \u00a9M\u00e9tropole de Lyon La&hellip;\n","protected":false},"author":2,"featured_media":136916,"comment_status":"","ping_status":"","sticky":false,"template":"","format":"standard","meta":{"footnotes":""},"categories":[1889],"tags":[1111,11,2813,2190,2430,1109,251,1112,2811,1777,674,118,1011,27,1922,1110,1114,2428,2810,12,241,316,25,2812,517,800],"class_list":{"0":"post-136915","1":"post","2":"type-post","3":"status-publish","4":"format-standard","5":"has-post-thumbnail","7":"category-lyon","8":"tag-actu","9":"tag-actualites","10":"tag-article","11":"tag-asvel","12":"tag-auvergne-rhone-alpes","13":"tag-breves","14":"tag-culture","15":"tag-depeches","16":"tag-economique","17":"tag-eu","18":"tag-europe","19":"tag-faits-divers","20":"tag-fr","21":"tag-france","22":"tag-info","23":"tag-informations","24":"tag-infos","25":"tag-lyon","26":"tag-lyonmag","27":"tag-news","28":"tag-ol","29":"tag-politique","30":"tag-republique-francaise","31":"tag-sociale","32":"tag-sport","33":"tag-transports"},"share_on_mastodon":{"url":"https:\/\/pubeurope.com\/@fr\/114591388523239108","error":""},"_links":{"self":[{"href":"https:\/\/www.europesays.com\/fr\/wp-json\/wp\/v2\/posts\/136915","targetHints":{"allow":["GET"]}}],"collection":[{"href":"https:\/\/www.europesays.com\/fr\/wp-json\/wp\/v2\/posts"}],"about":[{"href":"https:\/\/www.europesays.com\/fr\/wp-json\/wp\/v2\/types\/post"}],"author":[{"embeddable":true,"href":"https:\/\/www.europesays.com\/fr\/wp-json\/wp\/v2\/users\/2"}],"replies":[{"embeddable":true,"href":"https:\/\/www.europesays.com\/fr\/wp-json\/wp\/v2\/comments?post=136915"}],"version-history":[{"count":0,"href":"https:\/\/www.europesays.com\/fr\/wp-json\/wp\/v2\/posts\/136915\/revisions"}],"wp:featuredmedia":[{"embeddable":true,"href":"https:\/\/www.europesays.com\/fr\/wp-json\/wp\/v2\/media\/136916"}],"wp:attachment":[{"href":"https:\/\/www.europesays.com\/fr\/wp-json\/wp\/v2\/media?parent=136915"}],"wp:term":[{"taxonomy":"category","embeddable":true,"href":"https:\/\/www.europesays.com\/fr\/wp-json\/wp\/v2\/categories?post=136915"},{"taxonomy":"post_tag","embeddable":true,"href":"https:\/\/www.europesays.com\/fr\/wp-json\/wp\/v2\/tags?post=136915"}],"curies":[{"name":"wp","href":"https:\/\/api.w.org\/{rel}","templated":true}]}}