{"id":136917,"date":"2025-05-29T13:36:11","date_gmt":"2025-05-29T13:36:11","guid":{"rendered":"https:\/\/www.europesays.com\/fr\/136917\/"},"modified":"2025-05-29T13:36:11","modified_gmt":"2025-05-29T13:36:11","slug":"grand-prix-international-de-piano-de-lyon-du-1er-au-5-juillet","status":"publish","type":"post","link":"https:\/\/www.europesays.com\/fr\/136917\/","title":{"rendered":"Grand Prix International de piano de Lyon, du 1er au 5\u00a0juillet"},"content":{"rendered":"<p>Pour cette 16e \u00e9dition, les m\u00e9lomanes seront \u00e0 la f\u00eate au Palais de la Mutualit\u00e9 (place Jutard) o\u00f9 se d\u00e9rouleront les phases finales du concours lanc\u00e9 aupr\u00e8s de jeunes talents du monde entier.<\/p>\n<p>  Programme<\/p>\n<p>\u25b6 \u2002 <strong>Mardi 1er<\/strong>\u00a0<strong>juillet <\/strong> (19h00)\u00a0: concert d\u2019ouverture (Bach, Variations Goldberg).<\/p>\n<p>\u25b6 \u2002 <strong> Mercredi <\/strong><strong>2 et jeudi 3<\/strong>\u00a0<strong>juillet<\/strong> (9 \u00e0 17 heures)\u00a0: demi-finales.<\/p>\n<p>\u25b6 \u2002 <strong> Mercredi <\/strong><strong>2<\/strong>\u00a0<strong>juillet<\/strong> (19\u00a0h00)\u00a0: concert hommage \u00e0 Mario Stantchev, pianiste de jazz disparu en 2023, par Fran\u00e7ois Mardirossian.<\/p>\n<p>\u25b6 \u2002 <strong> Vendredi <\/strong><strong>4<\/strong>\u00a0<strong>juillet<\/strong> (9 \u00e0 16 heures)\u00a0: finale r\u00e9cital, et \u00e0 18 heures grand concert avec deux pianos, violoncelle et t\u00e9nor\u00a0: Yolande Kouznetsov, Svetlana Eganian, Mark Drobinsky et Georges Wanis.<\/p>\n<p>\u25b6 \u2002 <strong>Samedi 5<\/strong> <strong>juillet<\/strong> (18h00)\u00a0: soir\u00e9e de gala, finale-concerto, vote du public et remise des prix.<\/p>\n<p class=\"note\">Tous les concerts du soir \u00e0 25\u00a0euros, tarifs d\u00e9gressifs pour les moins de 12 ans et les \u00e9tudiants. <br \/>R\u00e9servation et renseignements\u00a0: <a href=\"https:\/\/www.leprogres.fr\/culture-loisirs\/2025\/05\/29\/gpipl.fr\" target=\"_blank\" rel=\"noopener\">gpipl.fr<\/a><br \/><a href=\"https:\/\/www.leprogres.fr\/culture-loisirs\/2025\/05\/29\/mailto:chevalier@gpipl.fr\" target=\"_blank\" rel=\"noopener\">chevalier@gpipl.fr<\/a> 07\u00a045\u00a023\u00a054\u00a054 <a href=\"https:\/\/www.leprogres.fr\/culture-loisirs\/2025\/05\/29\/mailto:eganian@gpipl.fr\" target=\"_blank\" rel=\"noopener\">eganian@gpipl.fr<\/a><\/p>\n","protected":false},"excerpt":{"rendered":"Pour cette 16e \u00e9dition, les m\u00e9lomanes seront \u00e0 la f\u00eate au Palais de la Mutualit\u00e9 (place Jutard) o\u00f9&hellip;\n","protected":false},"author":2,"featured_media":136918,"comment_status":"","ping_status":"","sticky":false,"template":"","format":"standard","meta":{"footnotes":""},"categories":[1889],"tags":[1111,11,2430,1687,2757,1777,674,1011,27,2428,4751,4750,873,12,25],"class_list":{"0":"post-136917","1":"post","2":"type-post","3":"status-publish","4":"format-standard","5":"has-post-thumbnail","7":"category-lyon","8":"tag-actu","9":"tag-actualites","10":"tag-auvergne-rhone-alpes","11":"tag-culture-loisirs","12":"tag-edition-lyon-villeurbanne","13":"tag-eu","14":"tag-europe","15":"tag-fr","16":"tag-france","17":"tag-lyon","18":"tag-lyon-3e","19":"tag-lyon-3e-arrondissement","20":"tag-musique","21":"tag-news","22":"tag-republique-francaise"},"share_on_mastodon":{"url":"https:\/\/pubeurope.com\/@fr\/114591392310634889","error":""},"_links":{"self":[{"href":"https:\/\/www.europesays.com\/fr\/wp-json\/wp\/v2\/posts\/136917","targetHints":{"allow":["GET"]}}],"collection":[{"href":"https:\/\/www.europesays.com\/fr\/wp-json\/wp\/v2\/posts"}],"about":[{"href":"https:\/\/www.europesays.com\/fr\/wp-json\/wp\/v2\/types\/post"}],"author":[{"embeddable":true,"href":"https:\/\/www.europesays.com\/fr\/wp-json\/wp\/v2\/users\/2"}],"replies":[{"embeddable":true,"href":"https:\/\/www.europesays.com\/fr\/wp-json\/wp\/v2\/comments?post=136917"}],"version-history":[{"count":0,"href":"https:\/\/www.europesays.com\/fr\/wp-json\/wp\/v2\/posts\/136917\/revisions"}],"wp:featuredmedia":[{"embeddable":true,"href":"https:\/\/www.europesays.com\/fr\/wp-json\/wp\/v2\/media\/136918"}],"wp:attachment":[{"href":"https:\/\/www.europesays.com\/fr\/wp-json\/wp\/v2\/media?parent=136917"}],"wp:term":[{"taxonomy":"category","embeddable":true,"href":"https:\/\/www.europesays.com\/fr\/wp-json\/wp\/v2\/categories?post=136917"},{"taxonomy":"post_tag","embeddable":true,"href":"https:\/\/www.europesays.com\/fr\/wp-json\/wp\/v2\/tags?post=136917"}],"curies":[{"name":"wp","href":"https:\/\/api.w.org\/{rel}","templated":true}]}}